{"id":11439,"date":"2019-05-23T17:35:42","date_gmt":"2019-05-23T20:35:42","guid":{"rendered":"https:\/\/www.paranapraia.com.br\/?p=11439"},"modified":"2019-05-23T17:35:43","modified_gmt":"2019-05-23T20:35:43","slug":"homem-afirma-que-matou-cabeleireiro-porque-foi-assediado","status":"publish","type":"post","link":"https:\/\/www.paranapraia.com.br\/index.php\/2019\/05\/23\/homem-afirma-que-matou-cabeleireiro-porque-foi-assediado\/","title":{"rendered":"Homem afirma que matou cabeleireiro porque foi assediado"},"content":{"rendered":"\n<p>Foi apresentado nesta quinta-feira (23) o homem preso pelo assassinato do cabeleireiro Marcos C\u00e9sar Milleo, de 61 anos. A v\u00edtima foi encontrada morta dentro do pr\u00f3prio apartamento, na semana passada, no bairro \u00c1gua Verde.<\/p>\n\n\n\n<p>Maicon Dias dos Santos, de 26 anos,\u00a0confessou ter matado o cabeleireiro. Segundo a vers\u00e3o dele, o homic\u00eddio foi consumado ap\u00f3s um surto. Pessoa em situa\u00e7\u00e3o de rua, Santos diz que Milleo o chamou para seu apartamento para oferecer um trabalho.<\/p>\n\n\n\n<p>Mesmo desconfiado, o suspeito aceitou o convite. \u201cO que aconteceu foi que ele tentou me agarrar. Ele comprou umas cervejas e quando terminamos de tomar ele tentou me agarrar. Eu n\u00e3o gostei. Surtei. Eu empurrei ele e o homem caiu de cabe\u00e7a\u201d, afirmou \u00e0 imprensa.<\/p>\n\n\n\n<p>O delegado Tito Barichello, da Divis\u00e3o de Homic\u00eddios e Prote\u00e7\u00e3o \u00e0 Pessoa (DHPP), conta uma vers\u00e3o parecida: \u201cAs investiga\u00e7\u00f5es indicam que eles entraram em luta corporal. A v\u00edtima foi empurrada e pode ter batido a cabe\u00e7a no criado-mudo\u201d, afirmou.<\/p>\n\n\n\n<p>A per\u00edcia afirma que a causa da morte foi asfixia. O suspeito confessou ter esganado o cabeleireiro por mais de meia hora. \u201cEu estava surtado\u201d, disse.<\/p>\n\n\n\n<h2 class=\"wp-block-heading\">Pris\u00e3o conturbada<\/h2>\n\n\n\n<p>Maicon Dias dos Santos, mais conhecido como \u2018Z\u00f3inho\u2019, \u00e9 o\u00a0homem que aparece nas c\u00e2maras de monitoramento do pr\u00e9dio onde o Marcos C\u00e9sar Milleo morava. Eles chegaram juntos ao condom\u00ednio por volta das 16h30 do dia 13 de maio (segunda-feira). Santos deixou o local sozinho \u00e0s 23h, com uma sacola de itens roubados e uma roupa diferente da qual chegou.<\/p>\n\n\n\n<p>Entre os itens roubados estava o celular da v\u00edtima. \u2018Z\u00f3inho\u2019 trocou o aparelho por sete pedras de crack em um ponto de tr\u00e1fico do bairro Novo Mundo. O celular levou a pol\u00edcia ao traficante que trocou as pedras pelo aparelho e o\u00a0jovem foi preso em flagrante no dia 17 de maio (sexta-feira).<\/p>\n\n\n\n<p>Dias depois, \u2018Z\u00f3inho\u2019 voltou \u00e0 biqueira para comprar mais drogas, mas foi recebido a socos e pontap\u00e9s. Ele foi agredido por comparsas do traficante detido, que o culparam pela pris\u00e3o do colega de crime. Foram os pr\u00f3prios traficantes que chamaram a pol\u00edcia informando a localiza\u00e7\u00e3o do prov\u00e1vel assassino de Milleo.<\/p>\n\n\n\n<p>Maicon foi levado ao Hospital do Trabalhador e foi preso nesta quarta-feira (22), ap\u00f3s receber alta m\u00e9dica.<\/p>\n\n\n\n<p>O suspeito \u00e9 usu\u00e1rio de drogas e tem antecedentes criminais por tr\u00e1fico de drogas, associa\u00e7\u00e3o para o tr\u00e1fico de drogas, porte ilegal de arma de fogo de uso restrito, al\u00e9m de outros il\u00edcitos.<\/p>\n\n\n\n<p>O homem responder\u00e1 por homic\u00eddio qualificado e segue preso \u00e0 disposi\u00e7\u00e3o da Justi\u00e7a.<\/p>\n\n\n\n<p>Colabora\u00e7\u00e3o Elisa Rossato\/Rede Massa<a href=\"https:\/\/api.whatsapp.com\/send?text=Homem%20afirma%20que%20matou%20cabeleireiro%20porque%20foi%20assediado%20https%3a%2f%2fmassanews.com%2fnoticias%2fplantao%2fhomem-afirma-que-matou-cabeleireiro-porque-foi-assediado-q7O7j.html%3futm_source%3dwhatsapp%26utm_medium%3dshare%26utm_content%3dnoticias__plantao%26utm_campaign%3dhomem-afirma-que-matou-cabeleireiro-porque-foi-assediado-q7O7j\" target=\"_blank\" rel=\"noreferrer noopener\"><br>\n\n<\/a><\/p>\n\n\n\n<p><br><\/p>\n\n\n\n<p><br><\/p>\n\n\n\n<p><br><\/p>\n\n\n\n<p><br><\/p>\n","protected":false},"excerpt":{"rendered":"<p>Foi apresentado nesta quinta-feira (23) o homem preso pelo assassinato do cabeleireiro Marcos C\u00e9sar Milleo, de 61 anos. A v\u00edtima foi encontrada morta dentro do pr\u00f3prio apartamento, na semana passada, no bairro \u00c1gua Verde. Maicon Dias dos Santos, de 26 anos,\u00a0confessou ter matado o cabeleireiro. Segundo a vers\u00e3o dele, o homic\u00eddio foi consumado ap\u00f3s um [&hellip;]<\/p>\n","protected":false},"author":2,"featured_media":11440,"comment_status":"open","ping_status":"open","sticky":false,"template":"","format":"standard","meta":{"advanced_seo_description":"","jetpack_seo_html_title":"","jetpack_seo_noindex":false,"_jetpack_memberships_contains_paid_content":false,"footnotes":""},"categories":[33],"tags":[],"class_list":{"0":"post-11439","1":"post","2":"type-post","3":"status-publish","4":"format-standard","5":"has-post-thumbnail","7":"category-policia"},"jetpack_featured_media_url":"https:\/\/www.paranapraia.com.br\/wp-content\/uploads\/2019\/05\/pre.jpeg","jetpack_sharing_enabled":true,"_links":{"self":[{"href":"https:\/\/www.paranapraia.com.br\/index.php\/wp-json\/wp\/v2\/posts\/11439"}],"collection":[{"href":"https:\/\/www.paranapraia.com.br\/index.php\/wp-json\/wp\/v2\/posts"}],"about":[{"href":"https:\/\/www.paranapraia.com.br\/index.php\/wp-json\/wp\/v2\/types\/post"}],"author":[{"embeddable":true,"href":"https:\/\/www.paranapraia.com.br\/index.php\/wp-json\/wp\/v2\/users\/2"}],"replies":[{"embeddable":true,"href":"https:\/\/www.paranapraia.com.br\/index.php\/wp-json\/wp\/v2\/comments?post=11439"}],"version-history":[{"count":1,"href":"https:\/\/www.paranapraia.com.br\/index.php\/wp-json\/wp\/v2\/posts\/11439\/revisions"}],"predecessor-version":[{"id":11441,"href":"https:\/\/www.paranapraia.com.br\/index.php\/wp-json\/wp\/v2\/posts\/11439\/revisions\/11441"}],"wp:featuredmedia":[{"embeddable":true,"href":"https:\/\/www.paranapraia.com.br\/index.php\/wp-json\/wp\/v2\/media\/11440"}],"wp:attachment":[{"href":"https:\/\/www.paranapraia.com.br\/index.php\/wp-json\/wp\/v2\/media?parent=11439"}],"wp:term":[{"taxonomy":"category","embeddable":true,"href":"https:\/\/www.paranapraia.com.br\/index.php\/wp-json\/wp\/v2\/categories?post=11439"},{"taxonomy":"post_tag","embeddable":true,"href":"https:\/\/www.paranapraia.com.br\/index.php\/wp-json\/wp\/v2\/tags?post=11439"}],"curies":[{"name":"wp","href":"https:\/\/api.w.org\/{rel}","templated":true}]}}