{"id":11360,"date":"2019-05-23T13:30:44","date_gmt":"2019-05-23T16:30:44","guid":{"rendered":"https:\/\/www.paranapraia.com.br\/?p=11360"},"modified":"2019-05-23T13:30:45","modified_gmt":"2019-05-23T16:30:45","slug":"delegada-confirma-que-mulher-foi-morta-com-cerca-de-75-facadas","status":"publish","type":"post","link":"https:\/\/www.paranapraia.com.br\/index.php\/2019\/05\/23\/delegada-confirma-que-mulher-foi-morta-com-cerca-de-75-facadas\/","title":{"rendered":"Delegada confirma que mulher foi morta com cerca de 75 facadas"},"content":{"rendered":"\n<p>A delegada Franciela Alberton Biava da Delegacia da Mulher de Pato Branco, que est\u00e1 cuidando do caso de feminic\u00eddio registrado na cidade e que vitimou Rosemilda Alves Ferreira, de 41 anos, confirmou que a v\u00edtima foi morta com cerca de 75 facadas e ainda por espancamento, pelo ex-marido, Ant\u00f4nio Alves, 52 anos.<\/p>\n\n\n\n<p>A delegada informou que Rosemilda estava na casa do seu irm\u00e3o com o filho de oito anos, ap\u00f3s se separar de Ant\u00f4nio, que veio de Chopinzinho onde moravam, invadiu a casa do cunhado e matou a mulher na frente do filho.<\/p>\n\n\n\n<p>Ant\u00f4nio foi preso em flagrante junto com a arma do crime. Em entrevista \u00e0 imprensa ele disse que havia agido em leg\u00edtima defesa, por\u00e9m na delegacia se reservou no direito de permanecer calado. Ant\u00f4nio est\u00e1 preso na cadeia p\u00fablica de Pato Branco.<\/p>\n\n\n\n<p>O crime ocorreu na manh\u00e3 de ter\u00e7a-feira (21) por volta de 09h20 na Fazenda da Barra, zona rural de Pato Branco. Segundo familiares, o casal viveu junto por 25 anos e estava em processo de separa\u00e7\u00e3o, por\u00e9m ele n\u00e3o aceitava e por isso matou a companheira.<\/p>\n\n\n\n<p>Colabora\u00e7\u00e3o ppnewsfb.com.br<a href=\"https:\/\/api.whatsapp.com\/send?text=Delegada%20confirma%20que%20mulher%20foi%20morta%20com%20cerca%20de%2075%20facadas%20https%3a%2f%2fmassanews.com%2fnoticias%2fplantao%2fdelegada-confirma-que-mulher-foi-morta-com-cerca-de-75-facadas-O69DD.html%3futm_source%3dwhatsapp%26utm_medium%3dshare%26utm_content%3dnoticias__plantao%26utm_campaign%3ddelegada-confirma-que-mulher-foi-morta-com-cerca-de-75-facadas-O69DD\" target=\"_blank\" rel=\"noreferrer noopener\"><br>\n\n<\/a><\/p>\n","protected":false},"excerpt":{"rendered":"<p>A delegada Franciela Alberton Biava da Delegacia da Mulher de Pato Branco, que est\u00e1 cuidando do caso de feminic\u00eddio registrado na cidade e que vitimou Rosemilda Alves Ferreira, de 41 anos, confirmou que a v\u00edtima foi morta com cerca de 75 facadas e ainda por espancamento, pelo ex-marido, Ant\u00f4nio Alves, 52 anos. A delegada informou [&hellip;]<\/p>\n","protected":false},"author":2,"featured_media":11361,"comment_status":"open","ping_status":"open","sticky":false,"template":"","format":"standard","meta":{"advanced_seo_description":"","jetpack_seo_html_title":"","jetpack_seo_noindex":false,"_jetpack_memberships_contains_paid_content":false,"footnotes":""},"categories":[33],"tags":[],"class_list":{"0":"post-11360","1":"post","2":"type-post","3":"status-publish","4":"format-standard","5":"has-post-thumbnail","7":"category-policia"},"jetpack_featured_media_url":"https:\/\/www.paranapraia.com.br\/wp-content\/uploads\/2019\/05\/facads.jpg","jetpack_sharing_enabled":true,"_links":{"self":[{"href":"https:\/\/www.paranapraia.com.br\/index.php\/wp-json\/wp\/v2\/posts\/11360"}],"collection":[{"href":"https:\/\/www.paranapraia.com.br\/index.php\/wp-json\/wp\/v2\/posts"}],"about":[{"href":"https:\/\/www.paranapraia.com.br\/index.php\/wp-json\/wp\/v2\/types\/post"}],"author":[{"embeddable":true,"href":"https:\/\/www.paranapraia.com.br\/index.php\/wp-json\/wp\/v2\/users\/2"}],"replies":[{"embeddable":true,"href":"https:\/\/www.paranapraia.com.br\/index.php\/wp-json\/wp\/v2\/comments?post=11360"}],"version-history":[{"count":1,"href":"https:\/\/www.paranapraia.com.br\/index.php\/wp-json\/wp\/v2\/posts\/11360\/revisions"}],"predecessor-version":[{"id":11362,"href":"https:\/\/www.paranapraia.com.br\/index.php\/wp-json\/wp\/v2\/posts\/11360\/revisions\/11362"}],"wp:featuredmedia":[{"embeddable":true,"href":"https:\/\/www.paranapraia.com.br\/index.php\/wp-json\/wp\/v2\/media\/11361"}],"wp:attachment":[{"href":"https:\/\/www.paranapraia.com.br\/index.php\/wp-json\/wp\/v2\/media?parent=11360"}],"wp:term":[{"taxonomy":"category","embeddable":true,"href":"https:\/\/www.paranapraia.com.br\/index.php\/wp-json\/wp\/v2\/categories?post=11360"},{"taxonomy":"post_tag","embeddable":true,"href":"https:\/\/www.paranapraia.com.br\/index.php\/wp-json\/wp\/v2\/tags?post=11360"}],"curies":[{"name":"wp","href":"https:\/\/api.w.org\/{rel}","templated":true}]}}