{"id":11233,"date":"2019-05-22T11:32:05","date_gmt":"2019-05-22T14:32:05","guid":{"rendered":"https:\/\/www.paranapraia.com.br\/?p=11233"},"modified":"2019-05-22T11:32:06","modified_gmt":"2019-05-22T14:32:06","slug":"suspeito-tranca-companheira-e-incendeia-casa-em-ponta-grossa-diz-policia","status":"publish","type":"post","link":"https:\/\/www.paranapraia.com.br\/index.php\/2019\/05\/22\/suspeito-tranca-companheira-e-incendeia-casa-em-ponta-grossa-diz-policia\/","title":{"rendered":"Suspeito tranca companheira e incendeia casa em Ponta Grossa, diz pol\u00edcia"},"content":{"rendered":"\n<h4 class=\"wp-block-heading\">Caso foi na madrugada desta quarta-feira (22), nos Campos Gerais do Paran\u00e1; Horas antes do inc\u00eandio, ele agrediu ela no meio da rua, segundo a pol\u00edcia.<\/h4>\n\n\n\n<p>Um homem \u00e9 suspeito de trancar a companheira, de 36 anos, e atear fogo na casa por volta das 3h30 desta quarta-feira (22), na Rua Norberto Kirian, no bairro Neves, em Ponta Grossa, nos Campos Gerais do Paran\u00e1.<\/p>\n\n\n\n<p>De acordo com a Pol\u00edcia Militar (PM), tudo come\u00e7ou no fim da noite de ter\u00e7a-feira (21) quando o suspeito bateu na mulher no meio da rua, ap\u00f3s roubar a bolsa dela. Ele machucou as pernas, os bra\u00e7os e as m\u00e3os da companheira, segundo a PM.<\/p>\n\n\n\n<p>Nesse momento, a mulher disse que ia chamar a pol\u00edcia, e ele a amea\u00e7ou falando que iria se vingar e colocar fogo na casa dela caso fizesse isso.<\/p>\n\n\n\n<p>Mesmo assim, a mulher acionou a PM, mas quando a equipe chegou ao local ele havia fugido.<\/p>\n\n\n\n<p>De acordo com a pol\u00edcia, a mulher contou em depoimento que est\u00e1 h\u00e1 nove meses com o homem, e que ele come\u00e7ou a agredir h\u00e1 seis. A suspeita da pol\u00edcia \u00e9 de que ele seja usu\u00e1rio de drogas.<\/p>\n\n\n\n<p>Por volta das 3h30, o suspeito trancou ela na casa, a agrediu novamente e ateou fogo na resid\u00eancia, segundo a pol\u00edcia. Ele fugiu em seguida e, ainda conforme a PM, a mulher mesmo com os machucados, conseguiu pular a janela dos fundos da casa e escapar das chamas.<\/p>\n\n\n\n<p>O Corpo de Bombeiros foi acionado, mas, ao chegar ao local, a casa j\u00e1 estava destru\u00edda.<\/p>\n\n\n\n<p>At\u00e9 a publica\u00e7\u00e3o desta reportagem, o suspeito n\u00e3o havia sido localizado.<\/p>\n\n\n\n<p>A Pol\u00edcia Civil investiga o caso.<\/p>\n\n\n\n<p>G1PR<br><\/p>\n","protected":false},"excerpt":{"rendered":"<p>Caso foi na madrugada desta quarta-feira (22), nos Campos Gerais do Paran\u00e1; Horas antes do inc\u00eandio, ele agrediu ela no meio da rua, segundo a pol\u00edcia. Um homem \u00e9 suspeito de trancar a companheira, de 36 anos, e atear fogo na casa por volta das 3h30 desta quarta-feira (22), na Rua Norberto Kirian, no bairro [&hellip;]<\/p>\n","protected":false},"author":2,"featured_media":11234,"comment_status":"open","ping_status":"open","sticky":false,"template":"","format":"standard","meta":{"advanced_seo_description":"","jetpack_seo_html_title":"","jetpack_seo_noindex":false,"_jetpack_memberships_contains_paid_content":false,"footnotes":""},"categories":[33],"tags":[],"class_list":{"0":"post-11233","1":"post","2":"type-post","3":"status-publish","4":"format-standard","5":"has-post-thumbnail","7":"category-policia"},"jetpack_featured_media_url":"https:\/\/www.paranapraia.com.br\/wp-content\/uploads\/2019\/05\/susp.jpg","jetpack_sharing_enabled":true,"_links":{"self":[{"href":"https:\/\/www.paranapraia.com.br\/index.php\/wp-json\/wp\/v2\/posts\/11233"}],"collection":[{"href":"https:\/\/www.paranapraia.com.br\/index.php\/wp-json\/wp\/v2\/posts"}],"about":[{"href":"https:\/\/www.paranapraia.com.br\/index.php\/wp-json\/wp\/v2\/types\/post"}],"author":[{"embeddable":true,"href":"https:\/\/www.paranapraia.com.br\/index.php\/wp-json\/wp\/v2\/users\/2"}],"replies":[{"embeddable":true,"href":"https:\/\/www.paranapraia.com.br\/index.php\/wp-json\/wp\/v2\/comments?post=11233"}],"version-history":[{"count":1,"href":"https:\/\/www.paranapraia.com.br\/index.php\/wp-json\/wp\/v2\/posts\/11233\/revisions"}],"predecessor-version":[{"id":11235,"href":"https:\/\/www.paranapraia.com.br\/index.php\/wp-json\/wp\/v2\/posts\/11233\/revisions\/11235"}],"wp:featuredmedia":[{"embeddable":true,"href":"https:\/\/www.paranapraia.com.br\/index.php\/wp-json\/wp\/v2\/media\/11234"}],"wp:attachment":[{"href":"https:\/\/www.paranapraia.com.br\/index.php\/wp-json\/wp\/v2\/media?parent=11233"}],"wp:term":[{"taxonomy":"category","embeddable":true,"href":"https:\/\/www.paranapraia.com.br\/index.php\/wp-json\/wp\/v2\/categories?post=11233"},{"taxonomy":"post_tag","embeddable":true,"href":"https:\/\/www.paranapraia.com.br\/index.php\/wp-json\/wp\/v2\/tags?post=11233"}],"curies":[{"name":"wp","href":"https:\/\/api.w.org\/{rel}","templated":true}]}}