{"id":11220,"date":"2019-05-22T11:18:45","date_gmt":"2019-05-22T14:18:45","guid":{"rendered":"https:\/\/www.paranapraia.com.br\/?p=11220"},"modified":"2019-05-22T11:19:02","modified_gmt":"2019-05-22T14:19:02","slug":"por-que-convocacao-de-ato-pro-bolsonaro-esta-rachando-a-direita","status":"publish","type":"post","link":"https:\/\/www.paranapraia.com.br\/index.php\/2019\/05\/22\/por-que-convocacao-de-ato-pro-bolsonaro-esta-rachando-a-direita\/","title":{"rendered":"Por que convoca\u00e7\u00e3o de ato pr\u00f3-Bolsonaro est\u00e1 rachando a direita"},"content":{"rendered":"\n<p>Nesta semana, a deputada Jana\u00edna Paschoal (PSL) foi xingada de &#8220;traidora&#8221; pelos mesmos militantes que estiveram ao seu lado defendendo o impeachment da ex-presidente Dilma Rousseff em 2016 &#8211; que resultou de um pedido coassinado por ela. Membros do Movimento Brasil Livre (MBL) foram chamados de &#8220;vendidos&#8221; e &#8220;comunistas&#8221; pelos mesmos bolsonaristas que antes compartilhavam os posts do grupo no Facebook. Comediante identificado com a direita, Danilo Gentili diz que est\u00e1 sendo perseguido por pessoas que at\u00e9 ontem defendiam seu direito \u00e0 liberdade de express\u00e3o.<\/p>\n\n\n\n<p>O motivo da disc\u00f3rdia s\u00e3o as manifesta\u00e7\u00f5es pr\u00f3-Bolsonaro marcadas em diversas cidades para o dia 26 de maio \u2013 e que setores da direita, como os nomes os citados acima, decidiram n\u00e3o apoiar.<\/p>\n\n\n\n<p>Chamadas para os atos pr\u00f3-governo dominaram grupos de WhatsApp simpatizantes do presidente Jair Bolsonaro nos \u00faltimos dias. Elas ganharam corpo depois que os\u00a0protestos contra os cortes na educa\u00e7\u00e3o\u00a0levaram milhares de pessoas \u00e0s ruas contra o governo, no dia 15. E aumentaram ainda mais ap\u00f3s a\u00a0carta compartilhada pelo presidente\u00a0com cr\u00edticas ao sistema de organiza\u00e7\u00e3o pol\u00edtica do pa\u00eds e a afirma\u00e7\u00e3o de que o Brasil est\u00e1 &#8220;ingovern\u00e1vel fora dos conchavos&#8221;.<\/p>\n\n\n\n<p>Nas primeiras convoca\u00e7\u00f5es, eram apresentadas bandeiras pedindo o fechamento do Congresso e do Supremo Tribunal Federal (STF).<\/p>\n\n\n\n<p>As manifesta\u00e7\u00f5es marcadas para domingo, no entanto, levaram pol\u00edticos e militantes a favor e contra os atos a trocar cr\u00edticas publicamente.<\/p>\n\n\n\n<p>Teve at\u00e9 briga no PSL, o partido de Bolsonaro: a deputada Carla Zambelli criticou publicamente a colega Joice Hasselmann por n\u00e3o fazer convoca\u00e7\u00f5es na internet. Joice contra-atacou acusando Zambelli de nepotismo.<\/p>\n\n\n\n<p>Dos 54 deputados do PSL, pelo menos 19 fizeram convoca\u00e7\u00f5es em suas redes sociais. Entre eles, os deputados Major Ol\u00edmpio e Coronel Tadeu, ambos de S\u00e3o Paulo. &#8220;Precisamos apoiar e demonstrar a for\u00e7a do nosso presidente. \u00c9 nas ruas, \u00e9 j\u00e1&#8221;, disse Major Ol\u00edmpio em uma convoca\u00e7\u00e3o nas redes sociais.<\/p>\n\n\n\n<p>Depois do racha,os organizadores tentaram abrandar a pauta, ressaltando temas como apoio \u00e0 Reforma da Previd\u00eancia e ao pacote anticrime do ministro da Justi\u00e7a, Sergio Moro.<\/p>\n\n\n\n<p>Bolsonaro, que havia cogitado comparecer, anunciou que n\u00e3o comparecer\u00e1.<\/p>\n\n\n\n<figure class=\"wp-block-image\"><img decoding=\"async\" src=\"https:\/\/ichef.bbci.co.uk\/news\/624\/cpsprodpb\/14D1B\/production\/_107057258_204507.jpg\" alt=\"Carla Zambelli\"\/><figcaption>Image captionA deputada Carla Zambelli tem defendido as manifesta\u00e7\u00f5es no domingo<\/figcaption><\/figure>\n\n\n\n<p>Os filhos do presidente elogiaram o evento nas redes sociais. &#8220;Nada mais democr\u00e1tico do que uma manifesta\u00e7\u00e3o ordeira que cobra dos representantes a mesma postura de seus representados&#8221;, disse o deputado Eduardo Bolsonaro (SP-PSL).<\/p>\n\n\n\n<p>Mas afinal o que fez parte da base de apoio ao presidente se descolar das manifesta\u00e7\u00f5es?<\/p>\n\n\n\n<h2 class=\"wp-block-heading\">Pauta autorit\u00e1ria e &#8216;tiro no p\u00e9&#8217;<\/h2>\n\n\n\n<p>Os organizadores das manifesta\u00e7\u00f5es &#8211; formados, segundo a Folha de S.Paulo, por grupos como Nas Ruas, Ativistas Independentes, Direita S\u00e3o Paulo e Patriotas Lobo Brasil &#8211; dizem que Bolsonaro estaria sendo v\u00edtima de uma conspira\u00e7\u00e3o que visa enfraquec\u00ea-lo. Mas os governistas que s\u00e3o contra os atos t\u00eam apontado para duas raz\u00f5es justificando sua posi\u00e7\u00e3o.<\/p>\n\n\n\n<p>A primeira \u00e9 o tom de hostilidade ao Congresso, que seria equivocado em um momento em que o governo sofre um desgaste com o Legislativo. \u00c9 a vis\u00e3o de l\u00edderes do PSL como o presidente do partido, Luciano Bivar, e Joice Hasselmann, l\u00edder do governo no Congresso.<\/p>\n\n\n\n<p>Joice considera as manifesta\u00e7\u00f5es &#8220;um tiro no p\u00e9&#8221;, segundo a Folha de S. Paulo, e Luciano Bivar disse na ter\u00e7a que &#8220;os atos n\u00e3o t\u00eam sentido&#8221;.<\/p>\n\n\n\n<p>Segundo analistas pol\u00edticos, n\u00e3o \u00e9 infundado o receio de que isso azede ainda mais a rela\u00e7\u00e3o com o Legislativo e trave a pauta, dificultando a aprova\u00e7\u00e3o de projetos priorit\u00e1rios para o governo, como a Reforma da Previd\u00eancia.<\/p>\n\n\n\n<p>E uma rela\u00e7\u00e3o ruim entre governo e Congresso poderia trazer consequ\u00eancias indesejadas segundo Rafael Cortez, cientista pol\u00edtico e s\u00f3cio da Tend\u00eancias Consultoria. &#8220;\u00c9 fonte de incerteza e instabilidade pol\u00edtica e a percep\u00e7\u00e3o de risco se eleva. Isso contribui para uma vis\u00e3o pessimista das previs\u00f5es, queda do investimento e mais um ano de decep\u00e7\u00e3o para a economia brasileira, que j\u00e1 vive um panorama inst\u00e1vel.&#8221;<\/p>\n\n\n\n<p>A segunda vis\u00e3o \u00e9 a percep\u00e7\u00e3o de que a pauta \u00e9 &#8220;majoritariamente autorit\u00e1ria&#8221;.<\/p>\n\n\n\n<p>&#8220;Movimento liberal n\u00e3o compactua nem com fechamento de Congresso, nem com fechamento de STF (Supremo Tribunal Federal)&#8221;,&nbsp;<a href=\"https:\/\/www.bbc.com\/portuguese\/brasil-48360322\">disse \u00e0 BBC News Brasil Kim Kataguiri<\/a>, um dos l\u00edderes do MBL &#8211; movimento que j\u00e1 defendeu a ocupa\u00e7\u00e3o do Congresso Nacional durante o governo petista e fez atos contra exposi\u00e7\u00f5es.<\/p>\n\n\n\n<p>&#8220;Voc\u00ea pode e deve criticar atitudes de membros dessas institui\u00e7\u00f5es, mas nunca demoniz\u00e1-las. Presidente que se diz conservador n\u00e3o pode atropelar institui\u00e7\u00e3o democr\u00e1tica&#8221;, disse Kataguiri.<\/p>\n\n\n\n<p>O MBL acabou se tornando um dos principais alvos de grupos que organizam e convocam atos de rua para domingo. Foram xingados de vendidos, traidores, acusados de compactuar com o chamado &#8220;centr\u00e3o&#8221; e at\u00e9 chamados de &#8220;comunistas&#8221;.<\/p>\n\n\n\n<p>&#8220;(S\u00e3o) radicais mostrando o quanto est\u00e3o cegos pelo adesismo. Como todo radicalismo, satura e passa. Conversamos com os sensatos e ignoramos os alucinados&#8221;, diz Kataguiri sobre as cr\u00edticas.<\/p>\n\n\n\n<figure class=\"wp-block-image\"><img decoding=\"async\" src=\"https:\/\/ichef.bbci.co.uk\/news\/624\/cpsprodpb\/53CF\/production\/_107055412_mbl_desinscrever.jpg\" alt=\"P\u00e1gina que fez transmiss\u00e3o ao vivo da desinscri\u00e7\u00e3o de pessoas da p\u00e1gina do MBL\"\/><figcaption>Image captionUm dos grupos que apoiam a manifesta\u00e7\u00e3o fez transmiss\u00e3o ao vivo da desinscri\u00e7\u00e3o de pessoas da p\u00e1gina do MBL<\/figcaption><\/figure>\n\n\n\n<p>A deputada Jana\u00edna Paschoal, acusada de &#8220;traidora&#8221; por bolsonaristas mais fervorosos, chegou a fazer um apelo pedindo que os organizadores &#8220;raciocinem&#8221;.<\/p>\n\n\n\n<p>&#8220;Pelo amor de Deus, parem as convoca\u00e7\u00f5es! Essas pessoas precisam de um choque de realidade. N\u00e3o tem sentido quem est\u00e1 com o poder convocar manifesta\u00e7\u00f5es! Raciocinem!&#8221;, disse ela no Twitter.<\/p>\n\n\n\n<p>&#8220;O presidente foi eleito para governar nas regras democr\u00e1ticas, nos termos da Constitui\u00e7\u00e3o Federal. Propositalmente, ele (Bolsonaro) est\u00e1 confundindo discuss\u00f5es democr\u00e1ticas com toma-l\u00e1-d\u00e1-c\u00e1&#8221;, disse ela, que tamb\u00e9m fez cr\u00edticas, em entrevista \u00e0 BBC News Brasil, \u00e0 carta compartilhada pelo presidente.<\/p>\n\n\n\n<h2 class=\"wp-block-heading\">Agenda positiva<\/h2>\n\n\n\n<p>Al\u00e9m do apoio incondicional ao presidente Jair Bolsonaro, a pauta das manifesta\u00e7\u00f5es \u00e9 difusa.<\/p>\n\n\n\n<p>No in\u00edcio da semana, v\u00e1rias mensagens dos grupos de WhatsApp falavam no fechamento do STF, com postagens no Twitter sendo acompanhadas pela hashtag #vamosinvadirocongresso.<\/p>\n\n\n\n<p>Os principais articuladores dos atos, entretanto, j\u00e1 n\u00e3o falam mais na defesa expl\u00edcita de fechamento das institui\u00e7\u00f5es. E, depois das cr\u00edticas dentro da pr\u00f3pria direita, as reivindica\u00e7\u00f5es passaram a focar no apoio \u00e0s principais agendas do governo.<\/p>\n\n\n\n<figure class=\"wp-block-image\"><img decoding=\"async\" src=\"https:\/\/ichef.bbci.co.uk\/news\/624\/cpsprodpb\/13A47\/production\/_107055408_leticia_monitor_zap.jpg\" alt=\"Mensagens sobre a manifesta\u00e7\u00e3o reunidas pelo monitor do Whatsapp do projeto &quot;Elei\u00e7\u00f5es Sem Fake&quot;, coordenado por Fabr\u00edcio Benevenuto, da UFMG\u00a0\"\/><figcaption>Image captionMensagens sobre a manifesta\u00e7\u00e3o reunidas pelo monitor do Whatsapp do projeto &#8220;Elei\u00e7\u00f5es Sem Fake&#8221;, coordenado por Fabr\u00edcio Benevenuto, da UFMG&nbsp;<\/figcaption><\/figure>\n\n\n\n<p>&#8220;O fato de terem conseguido subir uma hashtag no Twitter n\u00e3o significa que o que est\u00e1 l\u00e1 \u00e9 a pauta. N\u00e3o tem esse objetivo de invadir (o Congresso) e a cr\u00edtica \u00e0 atua\u00e7\u00e3o do STF em algumas pautas n\u00e3o \u00e9 um ataque \u00e0 institui\u00e7\u00e3o&#8221;, disse a deputada Carla Zambelli \u00e0 BBC News Brasil.<\/p>\n\n\n\n<p>&#8220;N\u00e3o tem tentativa de golpe, as cr\u00edticas s\u00e3o leg\u00edtimas. E quem est\u00e1 falando de invadir n\u00e3o representa a maioria&#8221;, disse ela.<\/p>\n\n\n\n<p>Zambelli afirma que o objetivo principal dos protestos \u00e9 apoiar tr\u00eas medidas. &#8220;O pacote anticrime (do ministro S\u00e9rgio Moro), a aprova\u00e7\u00e3o da MP 870 (de reforma da administra\u00e7\u00e3o) e a nova Previd\u00eancia.&#8221;<\/p>\n\n\n\n<p>Uma das principais defensoras da ida \u00e0s ruas no domingo, a deputada reconhece que uma eventual hostilidade ao Legislativo pode ampliar a crise do governo com o Congresso.<\/p>\n\n\n\n<p>&#8220;Se existe essa possibilidade de acirramento, eu prefiro estar presente e ser um agente respons\u00e1vel para que isso n\u00e3o aconte\u00e7a&#8221;, afirma.<\/p>\n\n\n\n<p>&#8220;N\u00e3o precisa jogar o Executivo contra o centr\u00e3o, muito pelo contr\u00e1rio. Uma manifesta\u00e7\u00e3o dessa vem a ser inclusive um motivo de legitimar o deputado que pensa como as ruas a votar junto com o governo independente da articula\u00e7\u00e3o de um ou outro cacique.&#8221;<\/p>\n\n\n\n<p>O governo optou por n\u00e3o endossar diretamente aos atos com a presen\u00e7a de figuras chave do Planalto.<\/p>\n\n\n\n<p>O comparecimento do presidente havia sido cogitado, mas Bolsonaro disse a aliados na ter\u00e7a (21), que n\u00e3o deve participar das manifesta\u00e7\u00f5es. A orienta\u00e7\u00e3o foi para que os ministros tamb\u00e9m n\u00e3o participem.<\/p>\n\n\n\n<p>Para analistas pol\u00edticos, a presen\u00e7a do presidente no ato poderia ser um grande complicador para o governo.<\/p>\n\n\n\n<p>&#8220;\u00c9 um desgaste que o governo n\u00e3o precisaria passar. H\u00e1 gente falando em coisas como fechamento de Congresso, fechamento do STF; se o presidente endossa isso ou participa disso \u00e9 um crime de responsabilidade&#8221;, afirma Leandro Consentino, cientista pol\u00edtico do Insper (Instituto de Ensino e Pesquisa).<\/p>\n\n\n\n<p>Para Kim Kataguiri, do MBL, &#8220;o presidente [precisa] parar de atacar o Parlamento e dar ordem expressa para que nenhum ataque parta da Esplanada (dos Minist\u00e9rios) ou de seus filhos. Depois, organizar o pr\u00f3prio partido em prol da Previd\u00eancia.&#8221;<\/p>\n\n\n\n<h2 class=\"wp-block-heading\">Term\u00f4metro<\/h2>\n\n\n\n<p>Para observadores, a eventual resposta nas ruas \u00e0 convoca\u00e7\u00e3o pode ser vista como um term\u00f4metro da capacidade de mobiliza\u00e7\u00e3o do bolsonarismo e do funcionamento de suas estrat\u00e9gias de engajamento p\u00f3s-elei\u00e7\u00e3o.<\/p>\n\n\n\n<p>&#8220;Vai ser um term\u00f4metro da capacidade do governo de mobilizar apoio pra sua agenda, j\u00e1 que a vit\u00f3ria eleitoral n\u00e3o define necessariamente apoio para as pol\u00edticas que ele quer mobilizar&#8221;, diz Rafael Cortez. &#8220;Foi antes de tudo resultado de oposi\u00e7\u00e3o ao mainstream pol\u00edtico, n\u00e3o necessariamente apoio a um conjunto definido de agenda.&#8221;<\/p>\n\n\n\n<p>Para Leandro Consentino, a pr\u00f3pria exist\u00eancia de atos tanto contra quanto a favor depois de apenas cinco meses de governo j\u00e1 \u00e9 bastante significativa.<\/p>\n\n\n\n<p>&#8220;Manifesta\u00e7\u00e3o a favor do governo j\u00e1 algo incomum em qualquer per\u00edodo de tempo. Nesse caso \u00e9 bem evidente que ela ganha corpo como uma rea\u00e7\u00e3o \u00e0s manifesta\u00e7\u00f5es pela educa\u00e7\u00e3o e essa dualidade, essa tens\u00e3o nas ruas \u00e9 inesperada em um in\u00edcio de governo. Bolsonaro ganhou com vantagem e esperava-se que fosse iniciar um ciclo novo de estabilidade.&#8221;<\/p>\n\n\n\n<p>Segundo o cientista pol\u00edtico, a postura de enfrentamento do presidente em rela\u00e7\u00e3o ao Congresso e as manifesta\u00e7\u00f5es pela educa\u00e7\u00e3o (ele chamou os manifestantes de &#8220;idiotas \u00fateis&#8221;) mostra que ele ainda est\u00e1 em clima de campanha.<\/p>\n\n\n\n<p>&#8220;Essa estrat\u00e9gia de continuar a negar a pol\u00edtica, negar o Legislativo, n\u00e3o descer desse palanque, continuar nesse ritmo de campanha, n\u00e3o ajuda trazer uma normalidade democr\u00e1tica.&#8221;<\/p>\n\n\n\n<p>Para analistas, a ideia dos apoiadores &#8211; de chamar as manifesta\u00e7\u00f5es foi uma tentativa de demonstrar for\u00e7a perante as manifesta\u00e7\u00f5es da semana passada &#8211; pode acabar rebaixando mais o capital pol\u00edtico do governo.<\/p>\n\n\n\n<p>&#8220;Com t\u00e3o pouco tempo de governo \u00e9 muito melhor passar a ideia de que ele est\u00e1 carregando a legitimidade dos votos que teve na urna do que chamar um ato de apoio. Porque mesmo que o comparecimento n\u00e3o seja pequeno, certamente j\u00e1 \u00e9 um esvaziamento em rela\u00e7\u00e3o ao apoio que ele teve para ser eleito&#8221;, diz Consentino.<\/p>\n\n\n\n<p>Rafael Cortez concorda.<\/p>\n\n\n\n<p>&#8220;Eventualmente uma mobiliza\u00e7\u00e3o pouco representativa vai expressar esse processo cont\u00ednuo de isolamento pol\u00edtico do governo que j\u00e1 vem perdendo capital pol\u00edtico&#8221;, afirma.<\/p>\n\n\n\n<p><em>*colaborou Amanda Rossi<\/em>\/BBC<br><\/p>\n\n\n\n<p><br><\/p>\n","protected":false},"excerpt":{"rendered":"<p>Nesta semana, a deputada Jana\u00edna Paschoal (PSL) foi xingada de &#8220;traidora&#8221; pelos mesmos militantes que estiveram ao seu lado defendendo o impeachment da ex-presidente Dilma Rousseff em 2016 &#8211; que resultou de um pedido coassinado por ela. Membros do Movimento Brasil Livre (MBL) foram chamados de &#8220;vendidos&#8221; e &#8220;comunistas&#8221; pelos mesmos bolsonaristas que antes compartilhavam [&hellip;]<\/p>\n","protected":false},"author":2,"featured_media":11221,"comment_status":"open","ping_status":"open","sticky":false,"template":"","format":"standard","meta":{"advanced_seo_description":"","jetpack_seo_html_title":"","jetpack_seo_noindex":false,"_jetpack_memberships_contains_paid_content":false,"footnotes":""},"categories":[32],"tags":[],"class_list":{"0":"post-11220","1":"post","2":"type-post","3":"status-publish","4":"format-standard","5":"has-post-thumbnail","7":"category-politica"},"jetpack_featured_media_url":"https:\/\/www.paranapraia.com.br\/wp-content\/uploads\/2019\/05\/apos.jpg","jetpack_sharing_enabled":true,"_links":{"self":[{"href":"https:\/\/www.paranapraia.com.br\/index.php\/wp-json\/wp\/v2\/posts\/11220"}],"collection":[{"href":"https:\/\/www.paranapraia.com.br\/index.php\/wp-json\/wp\/v2\/posts"}],"about":[{"href":"https:\/\/www.paranapraia.com.br\/index.php\/wp-json\/wp\/v2\/types\/post"}],"author":[{"embeddable":true,"href":"https:\/\/www.paranapraia.com.br\/index.php\/wp-json\/wp\/v2\/users\/2"}],"replies":[{"embeddable":true,"href":"https:\/\/www.paranapraia.com.br\/index.php\/wp-json\/wp\/v2\/comments?post=11220"}],"version-history":[{"count":1,"href":"https:\/\/www.paranapraia.com.br\/index.php\/wp-json\/wp\/v2\/posts\/11220\/revisions"}],"predecessor-version":[{"id":11222,"href":"https:\/\/www.paranapraia.com.br\/index.php\/wp-json\/wp\/v2\/posts\/11220\/revisions\/11222"}],"wp:featuredmedia":[{"embeddable":true,"href":"https:\/\/www.paranapraia.com.br\/index.php\/wp-json\/wp\/v2\/media\/11221"}],"wp:attachment":[{"href":"https:\/\/www.paranapraia.com.br\/index.php\/wp-json\/wp\/v2\/media?parent=11220"}],"wp:term":[{"taxonomy":"category","embeddable":true,"href":"https:\/\/www.paranapraia.com.br\/index.php\/wp-json\/wp\/v2\/categories?post=11220"},{"taxonomy":"post_tag","embeddable":true,"href":"https:\/\/www.paranapraia.com.br\/index.php\/wp-json\/wp\/v2\/tags?post=11220"}],"curies":[{"name":"wp","href":"https:\/\/api.w.org\/{rel}","templated":true}]}}