{"id":11212,"date":"2019-05-22T11:10:32","date_gmt":"2019-05-22T14:10:32","guid":{"rendered":"https:\/\/www.paranapraia.com.br\/?p=11212"},"modified":"2019-05-22T11:10:33","modified_gmt":"2019-05-22T14:10:33","slug":"bolsonaro-recua-e-publica-novo-decreto-de-armas-para-sanar-erros","status":"publish","type":"post","link":"https:\/\/www.paranapraia.com.br\/index.php\/2019\/05\/22\/bolsonaro-recua-e-publica-novo-decreto-de-armas-para-sanar-erros\/","title":{"rendered":"Bolsonaro recua e publica novo Decreto de Armas &#8216;para sanar erros&#8217;"},"content":{"rendered":"\n<h4 class=\"wp-block-heading\">Na pr\u00e1tica, n\u00e3o ser\u00e1 conferido porte de arma de fuzis, carabinas, espingardas ou armas ao cidad\u00e3o comum<\/h4>\n\n\n\n<p>\n\nDepois de muitas cr\u00edticas, o presidente Jair Bolsonaro publicou, nesta quarta-feira (22\/5), v\u00e1rias retifica\u00e7\u00f5es no chamado Decreto de Armas, que foi editado no in\u00edcio deste m\u00eas para facilitar o porte de armas no Pa\u00eds. As corre\u00e7\u00f5es constam de dois novos decretos.&nbsp;<\/p>\n\n\n\n<p>Em nota, o Pal\u00e1cio do Planalto explicou que um dos atos foi editado &#8220;com o objetivo de sanar erros meramente formais identificados na publica\u00e7\u00e3o original, como numera\u00e7\u00e3o duplicada de dispositivos, erros de pontua\u00e7\u00e3o, entre outros&#8221;.&nbsp;<\/p>\n\n\n\n<p>O outro decreto \u00e9 &#8220;alterador&#8221;. Segundo o Planalto, &#8220;ele modifica materialmente alguns pontos do Decreto n\u00ba 9.785, de 7 de maio de 2019, que por determina\u00e7\u00e3o do Presidente da Rep\u00fablica foram identificados em trabalho conjunto da Casa Civil, do Minist\u00e9rio da Justi\u00e7a e Seguran\u00e7a P\u00fablica, Minist\u00e9rio da Defesa e Advocacia-Geral da Uni\u00e3o a partir dos questionamentos feitos perante o Poder Judici\u00e1rio, no \u00e2mbito do Poder Legislativo e pela sociedade em geral&#8221;.<\/p>\n\n\n\n<p>Mais de 20 pontos do decreto original foram modificados, segundo informa\u00e7\u00e3o do Planalto. Dentre eles, o novo texto traz veda\u00e7\u00e3o expressa \u00e0 concess\u00e3o de porte de armas de fogo port\u00e1teis e n\u00e3o port\u00e1teis para defesa pessoal. Na pr\u00e1tica, n\u00e3o ser\u00e1 conferido porte de arma de fuzis, carabinas, espingardas ou armas ao cidad\u00e3o comum.&nbsp;<\/p>\n\n\n\n<p>Correio Braziliense<\/p>\n","protected":false},"excerpt":{"rendered":"<p>Na pr\u00e1tica, n\u00e3o ser\u00e1 conferido porte de arma de fuzis, carabinas, espingardas ou armas ao cidad\u00e3o comum Depois de muitas cr\u00edticas, o presidente Jair Bolsonaro publicou, nesta quarta-feira (22\/5), v\u00e1rias retifica\u00e7\u00f5es no chamado Decreto de Armas, que foi editado no in\u00edcio deste m\u00eas para facilitar o porte de armas no Pa\u00eds. As corre\u00e7\u00f5es constam de [&hellip;]<\/p>\n","protected":false},"author":2,"featured_media":11213,"comment_status":"open","ping_status":"open","sticky":false,"template":"","format":"standard","meta":{"advanced_seo_description":"","jetpack_seo_html_title":"","jetpack_seo_noindex":false,"_jetpack_memberships_contains_paid_content":false,"footnotes":""},"categories":[40],"tags":[],"class_list":{"0":"post-11212","1":"post","2":"type-post","3":"status-publish","4":"format-standard","5":"has-post-thumbnail","7":"category-destaques"},"jetpack_featured_media_url":"https:\/\/www.paranapraia.com.br\/wp-content\/uploads\/2019\/05\/bo.jpg","jetpack_sharing_enabled":true,"_links":{"self":[{"href":"https:\/\/www.paranapraia.com.br\/index.php\/wp-json\/wp\/v2\/posts\/11212"}],"collection":[{"href":"https:\/\/www.paranapraia.com.br\/index.php\/wp-json\/wp\/v2\/posts"}],"about":[{"href":"https:\/\/www.paranapraia.com.br\/index.php\/wp-json\/wp\/v2\/types\/post"}],"author":[{"embeddable":true,"href":"https:\/\/www.paranapraia.com.br\/index.php\/wp-json\/wp\/v2\/users\/2"}],"replies":[{"embeddable":true,"href":"https:\/\/www.paranapraia.com.br\/index.php\/wp-json\/wp\/v2\/comments?post=11212"}],"version-history":[{"count":1,"href":"https:\/\/www.paranapraia.com.br\/index.php\/wp-json\/wp\/v2\/posts\/11212\/revisions"}],"predecessor-version":[{"id":11214,"href":"https:\/\/www.paranapraia.com.br\/index.php\/wp-json\/wp\/v2\/posts\/11212\/revisions\/11214"}],"wp:featuredmedia":[{"embeddable":true,"href":"https:\/\/www.paranapraia.com.br\/index.php\/wp-json\/wp\/v2\/media\/11213"}],"wp:attachment":[{"href":"https:\/\/www.paranapraia.com.br\/index.php\/wp-json\/wp\/v2\/media?parent=11212"}],"wp:term":[{"taxonomy":"category","embeddable":true,"href":"https:\/\/www.paranapraia.com.br\/index.php\/wp-json\/wp\/v2\/categories?post=11212"},{"taxonomy":"post_tag","embeddable":true,"href":"https:\/\/www.paranapraia.com.br\/index.php\/wp-json\/wp\/v2\/tags?post=11212"}],"curies":[{"name":"wp","href":"https:\/\/api.w.org\/{rel}","templated":true}]}}