{"id":11199,"date":"2019-05-22T10:27:22","date_gmt":"2019-05-22T13:27:22","guid":{"rendered":"https:\/\/www.paranapraia.com.br\/?p=11199"},"modified":"2019-05-22T10:27:44","modified_gmt":"2019-05-22T13:27:44","slug":"governador-reune-bancada-federal-do-parana-em-brasilia","status":"publish","type":"post","link":"https:\/\/www.paranapraia.com.br\/index.php\/2019\/05\/22\/governador-reune-bancada-federal-do-parana-em-brasilia\/","title":{"rendered":"Governador re\u00fane bancada federal do Paran\u00e1 em Bras\u00edlia"},"content":{"rendered":"\n<p>O governador Ratinho Junior realizou nesta ter\u00e7a-feira (21) o segundo encontro com a bancada do Paran\u00e1 em Bras\u00edlia. Os tr\u00eas senadores e deputados federais participaram da reuni\u00e3o que aconteceu logo ap\u00f3s o Paran\u00e1 Day, evento organizado pelo Governo do Estado para apresentar oportunidades de neg\u00f3cios a diplomatas e empres\u00e1rios.<\/p>\n\n\n\n<p>\u201cH\u00e1 muitos anos a sociedade queria essa uni\u00e3o em torno de uma agenda positiva para o Paran\u00e1. \u00c9 uma conquista de todos. O empres\u00e1rio olha o ambiente pol\u00edtico antes de fazer os seus investimentos. Essa seguran\u00e7a jur\u00eddica o Estado consegue apresentar\u201d, afirmou Ratinho Junior durante o almo\u00e7o.<\/p>\n\n\n\n<p>O governador refor\u00e7ou a necessidade de manter uma boa interlocu\u00e7\u00e3o com o governo federal para a obten\u00e7\u00e3o de recursos para o Estado. Ele tamb\u00e9m destacou a import\u00e2ncia da aprova\u00e7\u00e3o da reforma da Previd\u00eancia para a retomada da economia e defendeu compensa\u00e7\u00f5es em fun\u00e7\u00e3o das reten\u00e7\u00f5es da Uni\u00e3o pela Lei Kandir.<\/p>\n\n\n\n<p>O governador tamb\u00e9m esteve no Congresso Nacional e com o ministro Sergio Moro, da Justi\u00e7a e Seguran\u00e7a P\u00fablica. Ratinho Junior apresentou n\u00fameros otimistas no combate \u00e0 viol\u00eancia: redu\u00e7\u00e3o de 32% nos homic\u00eddios no Paran\u00e1 no primeiro trimestre no comparativo com o mesmo per\u00edodo de 2018.<\/p>\n\n\n\n<p>Ele salientou que 271 dos 399 munic\u00edpios n\u00e3o registraram homic\u00eddios durante os primeiros 120 dias do ano, al\u00e9m da queda nos homic\u00eddios nas grandes cidades do Estado, como Curitiba (38%) e Londrina (50%).<\/p>\n\n\n\n<h2 class=\"wp-block-heading\">Paran\u00e1 Day<\/h2>\n\n\n\n<p>O evento reuniu cerca de 200 pessoas e aproximou as equipes do Governo do Estado de embaixadores, c\u00f4nsules e adidos comerciais de 15 pa\u00edses, al\u00e9m de empres\u00e1rios. \u201cO Paran\u00e1 \u00e9 um Estado de oportunidades\u201d, afirmou o governador Ratinho Junior. \u201cQueremos convidar mais investidores, mais empresas brasileiras e estrangeiras para investirem no nosso Estado\u201d.<\/p>\n\n\n\n<p>Os participantes acompanharam pain\u00e9is que apresentaram as oportunidades de investimento e o ambiente de inova\u00e7\u00e3o do Estado, e tamb\u00e9m participaram de rodadas de conversa com as equipes do Governo para fomentar novas parcerias. A primeira edi\u00e7\u00e3o do Paran\u00e1 Day aconteceu em fevereiro, em Curitiba, e um novo encontro est\u00e1 sendo planejado para ocorrer em Nova York (EUA).<\/p>\n\n\n\n<p>Colabora\u00e7\u00e3o AEN<a href=\"https:\/\/api.whatsapp.com\/send?text=Governador%20re%C3%BAne%20bancada%20federal%20do%20Paran%C3%A1%20em%20Bras%C3%ADlia%20https%3a%2f%2fmassanews.com%2fnoticias%2fpolitica%2fgovernador-reune-bancada-federal-do-parana-em-brasilia-vlpwq.html%3futm_source%3dwhatsapp%26utm_medium%3dshare%26utm_content%3dnoticias__politica%26utm_campaign%3dgovernador-reune-bancada-federal-do-parana-em-brasilia-vlpwq\" target=\"_blank\" rel=\"noreferrer noopener\"><br>\n\n<\/a><\/p>\n","protected":false},"excerpt":{"rendered":"<p>O governador Ratinho Junior realizou nesta ter\u00e7a-feira (21) o segundo encontro com a bancada do Paran\u00e1 em Bras\u00edlia. Os tr\u00eas senadores e deputados federais participaram da reuni\u00e3o que aconteceu logo ap\u00f3s o Paran\u00e1 Day, evento organizado pelo Governo do Estado para apresentar oportunidades de neg\u00f3cios a diplomatas e empres\u00e1rios. \u201cH\u00e1 muitos anos a sociedade queria [&hellip;]<\/p>\n","protected":false},"author":2,"featured_media":11200,"comment_status":"open","ping_status":"open","sticky":false,"template":"","format":"standard","meta":{"advanced_seo_description":"","jetpack_seo_html_title":"","jetpack_seo_noindex":false,"_jetpack_memberships_contains_paid_content":false,"footnotes":""},"categories":[32],"tags":[],"class_list":{"0":"post-11199","1":"post","2":"type-post","3":"status-publish","4":"format-standard","5":"has-post-thumbnail","7":"category-politica"},"jetpack_featured_media_url":"https:\/\/www.paranapraia.com.br\/wp-content\/uploads\/2019\/05\/gov.jpg","jetpack_sharing_enabled":true,"_links":{"self":[{"href":"https:\/\/www.paranapraia.com.br\/index.php\/wp-json\/wp\/v2\/posts\/11199"}],"collection":[{"href":"https:\/\/www.paranapraia.com.br\/index.php\/wp-json\/wp\/v2\/posts"}],"about":[{"href":"https:\/\/www.paranapraia.com.br\/index.php\/wp-json\/wp\/v2\/types\/post"}],"author":[{"embeddable":true,"href":"https:\/\/www.paranapraia.com.br\/index.php\/wp-json\/wp\/v2\/users\/2"}],"replies":[{"embeddable":true,"href":"https:\/\/www.paranapraia.com.br\/index.php\/wp-json\/wp\/v2\/comments?post=11199"}],"version-history":[{"count":1,"href":"https:\/\/www.paranapraia.com.br\/index.php\/wp-json\/wp\/v2\/posts\/11199\/revisions"}],"predecessor-version":[{"id":11201,"href":"https:\/\/www.paranapraia.com.br\/index.php\/wp-json\/wp\/v2\/posts\/11199\/revisions\/11201"}],"wp:featuredmedia":[{"embeddable":true,"href":"https:\/\/www.paranapraia.com.br\/index.php\/wp-json\/wp\/v2\/media\/11200"}],"wp:attachment":[{"href":"https:\/\/www.paranapraia.com.br\/index.php\/wp-json\/wp\/v2\/media?parent=11199"}],"wp:term":[{"taxonomy":"category","embeddable":true,"href":"https:\/\/www.paranapraia.com.br\/index.php\/wp-json\/wp\/v2\/categories?post=11199"},{"taxonomy":"post_tag","embeddable":true,"href":"https:\/\/www.paranapraia.com.br\/index.php\/wp-json\/wp\/v2\/tags?post=11199"}],"curies":[{"name":"wp","href":"https:\/\/api.w.org\/{rel}","templated":true}]}}