{"id":11193,"date":"2019-05-22T10:23:13","date_gmt":"2019-05-22T13:23:13","guid":{"rendered":"https:\/\/www.paranapraia.com.br\/?p=11193"},"modified":"2019-05-22T10:23:14","modified_gmt":"2019-05-22T13:23:14","slug":"conta-de-luz-vai-subir-com-alta-de-ate-50-no-valor-das-bandeiras-tarifarias","status":"publish","type":"post","link":"https:\/\/www.paranapraia.com.br\/index.php\/2019\/05\/22\/conta-de-luz-vai-subir-com-alta-de-ate-50-no-valor-das-bandeiras-tarifarias\/","title":{"rendered":"Conta de luz vai subir com alta de at\u00e9 50% no valor das bandeiras tarif\u00e1rias"},"content":{"rendered":"\n<h4 class=\"wp-block-heading\">\n\nSobretaxa ficar\u00e1 maior a partir de junho. Nos \u00faltimos cinco anos, tarifa de energia el\u00e9trica aumentou mais de 90% no Brasil<br><\/h4>\n\n\n\n<p>A bandeira tarif\u00e1ria, sobretaxa que \u00e9 aplicada na\u00a0conta de luz\u00a0quando o custo da energia sobe por falta de chuvas, ficar\u00e1 at\u00e9 50% mais cara a partir de junho.<\/p>\n\n\n\n<p>Com isso, a conta de luz vai subir. Resolu\u00e7\u00e3o da Ag\u00eancia Nacional de Energia El\u00e9trica (Aneel) publicada nesta ter\u00e7a-feira determinou que o valor aplicado na bandeira amarela subir\u00e1 de R$ 1,00 para R$ 1,50 a cada 100 Kwh consumidos &#8211; um avan\u00e7o de 50%.<\/p>\n\n\n\n<p>A bandeira vermelha no patamar 1 subiu de R$ 3,00 para R$ 4,00 &#8211; aumento de 33,3%. A banderia vermelha no patamar 2 teve alta de 20%: de R$ 5,00 para R$ 6,00. As mudan\u00e7as come\u00e7am a valer a partir do dia 1\u00ba de junho.<br><\/p>\n\n\n\n<p>Neste m\u00eas de maio, as contas de luz j\u00e1 ficaram mais caras, j\u00e1 que\u00a0a bandeira amarela entrou em vigor\u00a0pela primeira vez no ano.<\/p>\n\n\n\n<p>A Aneel explicou que o aumento ocorreu&nbsp; porque houve uma atualiza\u00e7\u00e3o da metodologia do c\u00e1lculo do chamado risco hidrol\u00f3gico. Com isso, o consumidor passar\u00e1 a pagar parte dos custos quando a energia estiver mais cara devido \u00e0 falta de chuvas.&nbsp;<\/p>\n\n\n\n<p>&#8220;O efeito a ser percebido pelos consumidores retratar\u00e1 com maior precis\u00e3o a produ\u00e7\u00e3o da energia hidrel\u00e9trica e a conjuntura energ\u00e9tica do sistema. A altera\u00e7\u00e3o foi especialmente motivada pelo d\u00e9ficit h\u00eddrico do ano passado, que reposicionou a escala de valores das bandeiras&#8221;, disse a Aneel em nota.<\/p>\n\n\n\n<p>A ag\u00eancia lembrou que o tema passou por audi\u00eancia p\u00fablica que recebeu 56 contribui\u00e7\u00f5es, das quais 36% foram acatadas integralmente e 2% parcialmente.&nbsp;<\/p>\n\n\n\n<p>O sistema de bandeiras tarif\u00e1rias foi criado em 2015 pela Aneel como forma de recompor os gastos extras com a utiliza\u00e7\u00e3o da energia gerada por meio de usinas t\u00e9rmicas, que \u00e9 mais cara do que a de hidrel\u00e9tricas. A cor da bandeira \u00e9 impressa na conta de luz (vermelha, amarela ou verde) e indica o custo da energia em fun\u00e7\u00e3o das condi\u00e7\u00f5es de gera\u00e7\u00e3o de eletricidade.<\/p>\n\n\n\n<p><a rel=\"noreferrer noopener\" href=\"https:\/\/www.facebook.com\/dialog\/feed?app_id=431855430329169&amp;display=popup&amp;name=Conta+de+luz+vai+subir+com+alta+de+at%c3%a9+50%25+no+valor+das+bandeiras+tarif%c3%a1rias&amp;link=https%3a%2f%2foglobo.globo.com%2feconomia%2fconta-de-luz-vai-subir-com-alta-de-ate-50-no-valor-das-bandeiras-tarifarias-23682200%3futm_source%3dFacebook%26utm_medium%3dSocial%26utm_campaign%3dcompartilhar&amp;redirect_uri=https%3a%2f%2foglobo.globo.com%2f%23close_window&amp;description=Sobretaxa+ficar%c3%a1+maior+a+partir+de+junho.+Nos+%c3%baltimos+cinco+anos%2c+tarifa+de+energia+el%c3%a9trica+aumentou+mais+de+90%25+no+Brasil+&amp;picture=https%3a%2f%2fogimg.infoglobo.com.br%2feconomia%2f23077607-1d8-73a%2fFT460B%2f220%2f78689297_BRASILBrasilia-DF03-09-2018Torres-de-transmissao-de-energia-em-Brasilia-O-fim-do-g.jpg\" target=\"_blank\"><\/a><a rel=\"noreferrer noopener\" href=\"https:\/\/twitter.com\/intent\/tweet?text=Conta+de+luz+vai+subir+com+alta+de+at%c3%a9+50%25+no+valor+das+bandeiras+tarif%c3%a1rias&amp;url=https%3a%2f%2foglobo.globo.com%2feconomia%2fconta-de-luz-vai-subir-com-alta-de-ate-50-no-valor-das-bandeiras-tarifarias-23682200%3futm_source%3dTwitter%26utm_medium%3dSocial%26utm_campaign%3dcompartilhar\" target=\"_blank\"><\/a><a rel=\"noreferrer noopener\" href=\"https:\/\/web.whatsapp.com\/send?text=O%20Globo:%20Conta%20de%20luz%20vai%20subir%20com%20alta%20de%20at%C3%A9%2050%%20no%20valor%20das%20bandeiras%20tarif%C3%A1rias%20-%20https%3A%2F%2Foglobo.globo.com%2Feconomia%2Fconta-de-luz-vai-subir-com-alta-de-ate-50-no-valor-das-bandeiras-tarifarias-23682200%3Futm_source%3DWhatsapp%26utm_medium%3DSocial%26utm_campaign%3Dcompartilhar\" target=\"_blank\"><\/a>O Globo<a href=\"https:\/\/oglobo.globo.com\/economia\/2019\/05\/21\/2270-conta-de-luz-vai-subir-com-alta-de-ate-50-no-valor-das-bandeiras-tarifarias?utm_source=Facebook&amp;utm_medium=Social&amp;utm_campaign=O%20Globo&amp;fbclid=IwAR2tgb0yqIZcw0hWBulLgnC6WfIYyBpagUw6k26uWArWOKaFmWRbOOc1Yj0#comments\"><br> <\/a><\/p>\n\n\n\n<p><a href=\"https:\/\/oglobo.globo.com\/economia\/preocupado-com-conta-de-luz-saiba-como-economizar-23537265\"><br> <\/a><\/p>\n\n\n\n<p><br><\/p>\n","protected":false},"excerpt":{"rendered":"<p>Sobretaxa ficar\u00e1 maior a partir de junho. Nos \u00faltimos cinco anos, tarifa de energia el\u00e9trica aumentou mais de 90% no Brasil A bandeira tarif\u00e1ria, sobretaxa que \u00e9 aplicada na\u00a0conta de luz\u00a0quando o custo da energia sobe por falta de chuvas, ficar\u00e1 at\u00e9 50% mais cara a partir de junho. Com isso, a conta de luz [&hellip;]<\/p>\n","protected":false},"author":2,"featured_media":11194,"comment_status":"open","ping_status":"open","sticky":false,"template":"","format":"standard","meta":{"advanced_seo_description":"","jetpack_seo_html_title":"","jetpack_seo_noindex":false,"_jetpack_memberships_contains_paid_content":false,"footnotes":""},"categories":[40],"tags":[],"class_list":{"0":"post-11193","1":"post","2":"type-post","3":"status-publish","4":"format-standard","5":"has-post-thumbnail","7":"category-destaques"},"jetpack_featured_media_url":"https:\/\/www.paranapraia.com.br\/wp-content\/uploads\/2019\/05\/torre.jpg","jetpack_sharing_enabled":true,"_links":{"self":[{"href":"https:\/\/www.paranapraia.com.br\/index.php\/wp-json\/wp\/v2\/posts\/11193"}],"collection":[{"href":"https:\/\/www.paranapraia.com.br\/index.php\/wp-json\/wp\/v2\/posts"}],"about":[{"href":"https:\/\/www.paranapraia.com.br\/index.php\/wp-json\/wp\/v2\/types\/post"}],"author":[{"embeddable":true,"href":"https:\/\/www.paranapraia.com.br\/index.php\/wp-json\/wp\/v2\/users\/2"}],"replies":[{"embeddable":true,"href":"https:\/\/www.paranapraia.com.br\/index.php\/wp-json\/wp\/v2\/comments?post=11193"}],"version-history":[{"count":1,"href":"https:\/\/www.paranapraia.com.br\/index.php\/wp-json\/wp\/v2\/posts\/11193\/revisions"}],"predecessor-version":[{"id":11195,"href":"https:\/\/www.paranapraia.com.br\/index.php\/wp-json\/wp\/v2\/posts\/11193\/revisions\/11195"}],"wp:featuredmedia":[{"embeddable":true,"href":"https:\/\/www.paranapraia.com.br\/index.php\/wp-json\/wp\/v2\/media\/11194"}],"wp:attachment":[{"href":"https:\/\/www.paranapraia.com.br\/index.php\/wp-json\/wp\/v2\/media?parent=11193"}],"wp:term":[{"taxonomy":"category","embeddable":true,"href":"https:\/\/www.paranapraia.com.br\/index.php\/wp-json\/wp\/v2\/categories?post=11193"},{"taxonomy":"post_tag","embeddable":true,"href":"https:\/\/www.paranapraia.com.br\/index.php\/wp-json\/wp\/v2\/tags?post=11193"}],"curies":[{"name":"wp","href":"https:\/\/api.w.org\/{rel}","templated":true}]}}