{"id":11189,"date":"2019-05-22T10:16:35","date_gmt":"2019-05-22T13:16:35","guid":{"rendered":"https:\/\/www.paranapraia.com.br\/?p=11189"},"modified":"2019-05-22T10:16:37","modified_gmt":"2019-05-22T13:16:37","slug":"motorista-embriagado-bate-em-moto-e-deixa-tres-feridos-na-br-153-em-irati","status":"publish","type":"post","link":"https:\/\/www.paranapraia.com.br\/index.php\/2019\/05\/22\/motorista-embriagado-bate-em-moto-e-deixa-tres-feridos-na-br-153-em-irati\/","title":{"rendered":"Motorista embriagado bate em moto e deixa tr\u00eas feridos na BR-153, em Irati"},"content":{"rendered":"\n<h4 class=\"wp-block-heading\">Os tr\u00eas feridos estavam na moto. Um homem e uma mulher foram socorridos em estado grave, e uma beb\u00ea de 11 meses teve ferimentos leves.<\/h4>\n\n\n\n<p>Um motorista embriagado bateu com o carro contra uma motocicleta e deixou tr\u00eas pessoas feridas, na noite desta ter\u00e7a-feira (21), na BR-153, na regi\u00e3o central do Paran\u00e1.<\/p>\n\n\n\n<figure class=\"wp-block-image\"><img loading=\"lazy\" decoding=\"async\" width=\"400\" height=\"400\" src=\"https:\/\/www.paranapraia.com.br\/wp-content\/uploads\/2019\/05\/Gif-Karranka.gif\" alt=\"\" class=\"wp-image-10483\"\/><\/figure>\n\n\n\n<p>De acordo com a Pol\u00edcia Rodovi\u00e1ria Federal (PRF), o carro tentou sair da rodovia para entrar na Avenida Paran\u00e1 e bateu de frente na motocicleta.<\/p>\n\n\n\n<p>Os tr\u00eas ocupantes da moto ficaram feridos. Um homem de 46 anos e uma mulher de 40 anos foram socorridos em estado grave. Um beb\u00ea de 11 meses teve ferimentos leves. Os tr\u00eas foram levados ao Hospital Santa Casa, em Irati.<\/p>\n\n\n\n<p>O acidente aconteceu no km 336 da rodovia.<\/p>\n\n\n\n<p>Agentes realizaram o teste do baf\u00f4metro com o motorista do carro, que apontou a ingest\u00e3o de \u00e1lcool. Ele n\u00e3o se feriu no acidente.<\/p>\n\n\n\n<p>O condutor foi encaminhado para a Delegacia de Irati.<\/p>\n\n\n\n<p>G1PR<br><\/p>\n","protected":false},"excerpt":{"rendered":"<p>Os tr\u00eas feridos estavam na moto. Um homem e uma mulher foram socorridos em estado grave, e uma beb\u00ea de 11 meses teve ferimentos leves. Um motorista embriagado bateu com o carro contra uma motocicleta e deixou tr\u00eas pessoas feridas, na noite desta ter\u00e7a-feira (21), na BR-153, na regi\u00e3o central do Paran\u00e1. De acordo com [&hellip;]<\/p>\n","protected":false},"author":2,"featured_media":11190,"comment_status":"open","ping_status":"open","sticky":false,"template":"","format":"standard","meta":{"advanced_seo_description":"","jetpack_seo_html_title":"","jetpack_seo_noindex":false,"_jetpack_memberships_contains_paid_content":false,"footnotes":""},"categories":[52],"tags":[],"class_list":{"0":"post-11189","1":"post","2":"type-post","3":"status-publish","4":"format-standard","5":"has-post-thumbnail","7":"category-acidentes"},"jetpack_featured_media_url":"https:\/\/www.paranapraia.com.br\/wp-content\/uploads\/2019\/05\/motooo.jpeg","jetpack_sharing_enabled":true,"_links":{"self":[{"href":"https:\/\/www.paranapraia.com.br\/index.php\/wp-json\/wp\/v2\/posts\/11189"}],"collection":[{"href":"https:\/\/www.paranapraia.com.br\/index.php\/wp-json\/wp\/v2\/posts"}],"about":[{"href":"https:\/\/www.paranapraia.com.br\/index.php\/wp-json\/wp\/v2\/types\/post"}],"author":[{"embeddable":true,"href":"https:\/\/www.paranapraia.com.br\/index.php\/wp-json\/wp\/v2\/users\/2"}],"replies":[{"embeddable":true,"href":"https:\/\/www.paranapraia.com.br\/index.php\/wp-json\/wp\/v2\/comments?post=11189"}],"version-history":[{"count":1,"href":"https:\/\/www.paranapraia.com.br\/index.php\/wp-json\/wp\/v2\/posts\/11189\/revisions"}],"predecessor-version":[{"id":11191,"href":"https:\/\/www.paranapraia.com.br\/index.php\/wp-json\/wp\/v2\/posts\/11189\/revisions\/11191"}],"wp:featuredmedia":[{"embeddable":true,"href":"https:\/\/www.paranapraia.com.br\/index.php\/wp-json\/wp\/v2\/media\/11190"}],"wp:attachment":[{"href":"https:\/\/www.paranapraia.com.br\/index.php\/wp-json\/wp\/v2\/media?parent=11189"}],"wp:term":[{"taxonomy":"category","embeddable":true,"href":"https:\/\/www.paranapraia.com.br\/index.php\/wp-json\/wp\/v2\/categories?post=11189"},{"taxonomy":"post_tag","embeddable":true,"href":"https:\/\/www.paranapraia.com.br\/index.php\/wp-json\/wp\/v2\/tags?post=11189"}],"curies":[{"name":"wp","href":"https:\/\/api.w.org\/{rel}","templated":true}]}}