{"id":11173,"date":"2019-05-22T10:10:21","date_gmt":"2019-05-22T13:10:21","guid":{"rendered":"https:\/\/www.paranapraia.com.br\/?p=11173"},"modified":"2019-05-22T10:10:23","modified_gmt":"2019-05-22T13:10:23","slug":"acidente-entre-onibus-de-estudantes-e-caminhao-em-umuarama-deixa-10-feridos-e-uma-pessoa-morta","status":"publish","type":"post","link":"https:\/\/www.paranapraia.com.br\/index.php\/2019\/05\/22\/acidente-entre-onibus-de-estudantes-e-caminhao-em-umuarama-deixa-10-feridos-e-uma-pessoa-morta\/","title":{"rendered":"Acidente entre \u00f4nibus de estudantes e caminh\u00e3o, em Umuarama, deixa 10 feridos e uma pessoa morta"},"content":{"rendered":"\n<h4 class=\"wp-block-heading\">Acidente aconteceu na PR-323 na noite de ter\u00e7a-feira (21); conforme a PRE, 18 passageiros estavam no \u00f4nibus.<\/h4>\n\n\n\n<p>Um \u00f4nibus de estudantes se envolveu em um acidente com um caminh\u00e3o na PR-323 em Umuarama, no noroeste do Paran\u00e1, na noite de ter\u00e7a-feira (21). Dez pessoas ficaram feridas, conforme a Pol\u00edcia Rodovi\u00e1ria Estadual (PRE).<\/p>\n\n\n\n<p>Segundo o Instituto M\u00e9dico-Legal (IML) do munic\u00edpio, uma v\u00edtima que tinha sido levada ao hospital morreu. Era uma jovem de 23 anos, de acordo com Hospital Uopeccan de Umuarama. Ela se chamava Nayari Neri dos Santos e era cadeirante.<\/p>\n\n\n\n<p>Nayari estava no 2\u00ba ano de nutri\u00e7\u00e3o da Universidade Paranaense (Unipar), e como o curso era semipresencial, ela ia para a institui\u00e7\u00e3o duas vezes por semana, no campus de Umuarama.<\/p>\n\n\n\n<figure class=\"wp-block-image\"><img decoding=\"async\" src=\"https:\/\/s2.glbimg.com\/1VBR5yA_fyp8enQRoJdQo_m51RI=\/0x0:960x960\/984x0\/smart\/filters:strip_icc()\/i.s3.glbimg.com\/v1\/AUTH_59edd422c0c84a879bd37670ae4f538a\/internal_photos\/bs\/2019\/N\/Q\/QMkOj0QvaiBGHBRwZkdA\/nayari-neri-dos-santos.jpg\" alt=\"Nayari Neri dos Santos tinha 23 anos; ela morreu no acidente, em Umuarama \u2014 Foto: Arquivo pessoal\"\/><\/figure>\n\n\n\n<p>Nayari Neri dos Santos tinha 23 anos; ela morreu no acidente, em Umuarama \u2014 Foto: Arquivo pessoal<\/p>\n\n\n\n<p>Outras tr\u00eas pessoas tiveram ferimentos mais graves. Os feridos foram levados para o Hospital Uopeccan e, at\u00e9 as 7h45 desta quarta-feira (22), alguns j\u00e1 tinham sido liberados.<\/p>\n\n\n\n<p>Conforme a PRE, 18 passageiros estavam no \u00f4nibus. O motorista n\u00e3o precisou ser encaminhado ao hospital.<\/p>\n\n\n\n<figure class=\"wp-block-image\"><img decoding=\"async\" src=\"https:\/\/s2.glbimg.com\/AN4EupUrH8IuA-3iiirBIN_MU60=\/0x0:1280x960\/984x0\/smart\/filters:strip_icc()\/i.s3.glbimg.com\/v1\/AUTH_59edd422c0c84a879bd37670ae4f538a\/internal_photos\/bs\/2019\/F\/z\/BXAdI7RACXaWEdxDxBXw\/onibus-parou-em-um-barranco.jpg\" alt=\"\u00d4nibus parou em um barranco \u2014 Foto: Silvio Alves\/RPC\"\/><\/figure>\n\n\n\n<p>\u00d4nibus parou em um barranco \u2014 Foto: Silvio Alves\/RPC<\/p>\n\n\n\n<h2 class=\"wp-block-heading\">O acidente<\/h2>\n\n\n\n<p>Os dois ve\u00edculos bateram no km 308 da rodovia. A colis\u00e3o foi lateral. O \u00f4nibus seguia de Umuarama para Alt\u00f4nia, tamb\u00e9m no noroeste. J\u00e1 o caminh\u00e3o trafegava no sentido contr\u00e1rio.<\/p>\n\n\n\n<p>O motorista do \u00f4nibus acabou jogando o ve\u00edculo em um barranco para, segundo a PRE, evitar uma trag\u00e9dia maior.<\/p>\n\n\n\n<figure class=\"wp-block-image\"><img decoding=\"async\" src=\"https:\/\/s2.glbimg.com\/50tM0Q7ME7ynHmCo-Tl4lMSK_1o=\/0x0:1280x960\/984x0\/smart\/filters:strip_icc()\/i.s3.glbimg.com\/v1\/AUTH_59edd422c0c84a879bd37670ae4f538a\/internal_photos\/bs\/2019\/P\/p\/rxRT5TT4e2ASFZVZBrJw\/onibus-se-envolveu-em-acidente-em-umuarama.jpg\" alt=\"\u00d4nibus se envolveu em acidente, em Umuarama \u2014 Foto: Silvio Alves\/RPC\"\/><\/figure>\n\n\n\n<p>\u00d4nibus se envolveu em acidente, em Umuarama \u2014 Foto: Silvio Alves\/RPC<\/p>\n\n\n\n<p>Cada condutor, tanto o do \u00f4nibus como o do caminh\u00e3o, disse que o outro invadiu a pista.<\/p>\n\n\n\n<p>A PRE ainda est\u00e1 analisando os fatos. Portanto, at\u00e9 a \u00faltima atualiza\u00e7\u00e3o desta reportagem, n\u00e3o havia informa\u00e7\u00f5es sobre como o acidente aconteceu.<\/p>\n\n\n\n<figure class=\"wp-block-image\"><img decoding=\"async\" src=\"https:\/\/s2.glbimg.com\/OP7zZMtRtH1bv6l7goE5G1ESkVc=\/0x0:1152x864\/984x0\/smart\/filters:strip_icc()\/i.s3.glbimg.com\/v1\/AUTH_59edd422c0c84a879bd37670ae4f538a\/internal_photos\/bs\/2019\/Y\/p\/m8l8yeQJAxGVXAdhN1nQ\/acidente-acontece-na-noite-de-terca-feira-21-.jpg\" alt=\"Acidente acontece na noite de ter\u00e7a-feira (21) \u2014 Foto: PRE\/Divulga\u00e7\u00e3o\"\/><\/figure>\n\n\n\n<p>Acidente acontece na noite de ter\u00e7a-feira (21) \u2014 Foto: PRE\/Divulga\u00e7\u00e3o<\/p>\n\n\n\n<h2 class=\"wp-block-heading\">Vel\u00f3rio<\/h2>\n\n\n\n<p>O corpo de Nayari vai ser velado, em Alt\u00f4nia, onde ela morava, nesta quarta-feira.<\/p>\n\n\n\n<p>A Prefeitura de Alt\u00f4nia decretou luto oficial.<\/p>\n\n\n\n<figure class=\"wp-block-image\"><img decoding=\"async\" src=\"https:\/\/s2.glbimg.com\/dSw8gT0gIr-Kr_QDlY8bTHKaPbo=\/0x0:960x960\/984x0\/smart\/filters:strip_icc()\/i.s3.glbimg.com\/v1\/AUTH_59edd422c0c84a879bd37670ae4f538a\/internal_photos\/bs\/2019\/L\/8\/i2cnr8RTqb8Pomx8kJfg\/nayari-neri-dos-santos-.jpg\" alt=\"Corpo de Nayari Neri dos Santos vai ser velado nesta quarta-feira (22) \u2014 Foto: Arquivo pessoal\"\/><\/figure>\n\n\n\n<p>Corpo de Nayari Neri dos Santos vai ser velado nesta quarta-feira (22) \u2014 Foto: Arquivo pessoal<\/p>\n\n\n\n<p>G1PR<br><\/p>\n\n\n\n<p><br><\/p>\n\n\n\n<p><br><\/p>\n","protected":false},"excerpt":{"rendered":"<p>Acidente aconteceu na PR-323 na noite de ter\u00e7a-feira (21); conforme a PRE, 18 passageiros estavam no \u00f4nibus. Um \u00f4nibus de estudantes se envolveu em um acidente com um caminh\u00e3o na PR-323 em Umuarama, no noroeste do Paran\u00e1, na noite de ter\u00e7a-feira (21). Dez pessoas ficaram feridas, conforme a Pol\u00edcia Rodovi\u00e1ria Estadual (PRE). Segundo o Instituto [&hellip;]<\/p>\n","protected":false},"author":2,"featured_media":11179,"comment_status":"open","ping_status":"open","sticky":false,"template":"","format":"standard","meta":{"advanced_seo_description":"","jetpack_seo_html_title":"","jetpack_seo_noindex":false,"_jetpack_memberships_contains_paid_content":false,"footnotes":""},"categories":[52],"tags":[],"class_list":{"0":"post-11173","1":"post","2":"type-post","3":"status-publish","4":"format-standard","5":"has-post-thumbnail","7":"category-acidentes"},"jetpack_featured_media_url":"https:\/\/www.paranapraia.com.br\/wp-content\/uploads\/2019\/05\/acide.jpg","jetpack_sharing_enabled":true,"_links":{"self":[{"href":"https:\/\/www.paranapraia.com.br\/index.php\/wp-json\/wp\/v2\/posts\/11173"}],"collection":[{"href":"https:\/\/www.paranapraia.com.br\/index.php\/wp-json\/wp\/v2\/posts"}],"about":[{"href":"https:\/\/www.paranapraia.com.br\/index.php\/wp-json\/wp\/v2\/types\/post"}],"author":[{"embeddable":true,"href":"https:\/\/www.paranapraia.com.br\/index.php\/wp-json\/wp\/v2\/users\/2"}],"replies":[{"embeddable":true,"href":"https:\/\/www.paranapraia.com.br\/index.php\/wp-json\/wp\/v2\/comments?post=11173"}],"version-history":[{"count":1,"href":"https:\/\/www.paranapraia.com.br\/index.php\/wp-json\/wp\/v2\/posts\/11173\/revisions"}],"predecessor-version":[{"id":11180,"href":"https:\/\/www.paranapraia.com.br\/index.php\/wp-json\/wp\/v2\/posts\/11173\/revisions\/11180"}],"wp:featuredmedia":[{"embeddable":true,"href":"https:\/\/www.paranapraia.com.br\/index.php\/wp-json\/wp\/v2\/media\/11179"}],"wp:attachment":[{"href":"https:\/\/www.paranapraia.com.br\/index.php\/wp-json\/wp\/v2\/media?parent=11173"}],"wp:term":[{"taxonomy":"category","embeddable":true,"href":"https:\/\/www.paranapraia.com.br\/index.php\/wp-json\/wp\/v2\/categories?post=11173"},{"taxonomy":"post_tag","embeddable":true,"href":"https:\/\/www.paranapraia.com.br\/index.php\/wp-json\/wp\/v2\/tags?post=11173"}],"curies":[{"name":"wp","href":"https:\/\/api.w.org\/{rel}","templated":true}]}}