{"id":11169,"date":"2019-05-21T22:30:42","date_gmt":"2019-05-22T01:30:42","guid":{"rendered":"https:\/\/www.paranapraia.com.br\/?p=11169"},"modified":"2019-05-21T22:30:43","modified_gmt":"2019-05-22T01:30:43","slug":"abelhas-acabam-de-ser-declaradas-o-ser-vivo-mais-importante-do-planteta","status":"publish","type":"post","link":"https:\/\/www.paranapraia.com.br\/index.php\/2019\/05\/21\/abelhas-acabam-de-ser-declaradas-o-ser-vivo-mais-importante-do-planteta\/","title":{"rendered":"Abelhas acabam de ser declaradas o ser vivo mais importante do planteta"},"content":{"rendered":"\n<h4 class=\"wp-block-heading\">O Earth Wathch Institute acaba de declarar as abelhas como as esp\u00e9cies mais valiosas do mundo no \u00faltimo debate da Royal Geographical Society of London.\u00a0<\/h4>\n\n\n\n<p> Os benef\u00edcios diretos que os produtos produzidos pelas abelhas representam para a vida e para a sa\u00fade humana s\u00e3o secretos para qualquer pessoa.\u00a0<br><\/p>\n\n\n\n<p>Mas a realidade \u00e9 que n\u00e3o devemos parar de pensar nos benef\u00edcios que traz \u00e0 nossa sa\u00fade, mas de valorizar sua fun\u00e7\u00e3o mais extensa na cadeia natural que \u00e9 a poliniza\u00e7\u00e3o, sem a qual a vida no planeta seria definitivamente imposs\u00edvel.\u00a0<br><\/p>\n\n\n\n<p><strong>A abelha \u00e9 o \u00fanico inseto que fornece alimento para os seres humanos. Abelhas e biodiversidade\u00a0<\/strong><br>A biodiversidade \u00e9 o processo de intera\u00e7\u00e3o entre os seres vivos e o planeta, a rela\u00e7\u00e3o entre eles e, \u00e9 claro, a resposta biol\u00f3gica do ambiente \u00e0s esp\u00e9cies.<br>Nesse processo a abelha tem uma fun\u00e7\u00e3o vital, pois a agricultura mundial depende de 70% desses insetos, mais claramente 70 de cada 100 produtos que usamos para alimentar dependem exclusivamente das abelhas.\u00a0<br>O equil\u00edbrio \u00e9 auto-explicativo: Sem plantas de poliniza\u00e7\u00e3o n\u00e3o poderiam se reproduzir e sem plantas a fauna tamb\u00e9m desapareceria e consequentemente, os humanos.\u00a0<br><\/p>\n\n\n\n<p><strong>Teorias que explicam seu desaparecimento<\/strong><br>Uma das hip\u00f3teses que explica o desaparecimento maci\u00e7o das abelhas \u00e9 a telefonia m\u00f3vel. Esta conclus\u00e3o definitiva foi afirmada pelo Instituto Federal de Tecnologia da Su\u00ed\u00e7a ap\u00f3s provar que as ondas emitidas durante uma conversa s\u00e3o capazes de desorient\u00e1-las at\u00e9 a morte, perdendo seu senso de dire\u00e7\u00e3o e, assim, sua din\u00e2mica de vida.<br>Por mais de 83 experi\u00eancias, o investigador e bi\u00f3logo Daniel Favre mostraram inequivocamente que a presen\u00e7a de um abelhas de comunica\u00e7\u00e3o celular produzir um ru\u00eddo de dez vezes mais elevados do que o normal e deste comportamento \u00e9 o utilizado para avisar o grupo incitou a abandonar a colmeia causando o Fen\u00f4meno CCD ou &#8220;problema colapso das col\u00f4nias&#8221;.\u00a0<br><\/p>\n\n\n\n<p>O outro, claro, \u00e9 o uso de pesticidas na pulveriza\u00e7\u00e3o de culturas. Esses produtos cont\u00eam subst\u00e2ncias qu\u00edmicas que agem como as neutoxinas e aderem aos insetos, coletando as flores.<br>Posteriormente transportado colm\u00e9ias onde eles contaminam o resto dos produtos processados \u200b\u200bem comum como a cera, pr\u00f3polis e v\u00e1rios m\u00e9is com consequ\u00eancias fatais que afetam outras favo de mel, incluindo colmeia de abelhas rainha sem o qual desaparece infalivelmente.<br>Al\u00e9m disso, quando essas migra\u00e7\u00f5es massivas ocorrem, os jovens ou as larvas s\u00e3o abandonados e, logicamente, eles tamb\u00e9m desaparecem.\u00a0<br><strong>Solu\u00e7\u00f5es\u00a0<\/strong><br>\u00c9 muito dif\u00edcil para a comunidade cient\u00edfica propor solu\u00e7\u00f5es que possam ser executadas. infra-estrutura tecnol\u00f3gica e a mentalidade atual tornaria muito dif\u00edcil para as pessoas a renunciar a viver sem o uso de telecomunica\u00e7\u00f5es ou r\u00e1dio torres e abandonar o uso de sprays, mesmo internamente, assim que uma rea\u00e7\u00e3o tardia \u00e9 temido.<br>A organiza\u00e7\u00e3o internacional Greenpeace prop\u00f5e as seguintes medidas urgentes a priori:\u00a0<br>-Pesquisa e monitoramento da sa\u00fade das abelhas. Proibir imediatamente o uso de pesticidas t\u00f3xicos.\u00a0<br>-Promover alternativas agr\u00edcolas naturais.\u00a0<br>-Crie um sistema de \u00e1reas protegidas livres de telecomunica\u00e7\u00f5es.<br><\/p>\n\n\n\n<p>O Dr. David Susuki tem raz\u00e3o ao declarar: &#8220;As not\u00edcias di\u00e1rias documentam a menor queda ou aumento no mercado de a\u00e7\u00f5es ou no setor de leil\u00f5es, mas ignoramos deliberadamente o equil\u00edbrio dos servi\u00e7os prestados pela natureza, como a absor\u00e7\u00e3o de di\u00f3xido.\u00a0<br>libera\u00e7\u00e3o de carbono e oxig\u00eanio, prote\u00e7\u00e3o contra eros\u00e3o e poliniza\u00e7\u00e3o de frutos e sementes e sem poliniza\u00e7\u00e3o, todos os sistemas econ\u00f4micos entrariam em colapso.<br>Um mundo sem abelhas seria um mundo sem pessoas &#8220;. <\/p>\n\n\n\n<p>SossegoDaFlora<\/p>\n","protected":false},"excerpt":{"rendered":"<p>O Earth Wathch Institute acaba de declarar as abelhas como as esp\u00e9cies mais valiosas do mundo no \u00faltimo debate da Royal Geographical Society of London.\u00a0 Os benef\u00edcios diretos que os produtos produzidos pelas abelhas representam para a vida e para a sa\u00fade humana s\u00e3o secretos para qualquer pessoa.\u00a0 Mas a realidade \u00e9 que n\u00e3o devemos [&hellip;]<\/p>\n","protected":false},"author":2,"featured_media":11170,"comment_status":"open","ping_status":"open","sticky":false,"template":"","format":"standard","meta":{"advanced_seo_description":"","jetpack_seo_html_title":"","jetpack_seo_noindex":false,"_jetpack_memberships_contains_paid_content":false,"footnotes":""},"categories":[40],"tags":[],"class_list":{"0":"post-11169","1":"post","2":"type-post","3":"status-publish","4":"format-standard","5":"has-post-thumbnail","7":"category-destaques"},"jetpack_featured_media_url":"https:\/\/www.paranapraia.com.br\/wp-content\/uploads\/2019\/05\/bzz-1.jpg","jetpack_sharing_enabled":true,"_links":{"self":[{"href":"https:\/\/www.paranapraia.com.br\/index.php\/wp-json\/wp\/v2\/posts\/11169"}],"collection":[{"href":"https:\/\/www.paranapraia.com.br\/index.php\/wp-json\/wp\/v2\/posts"}],"about":[{"href":"https:\/\/www.paranapraia.com.br\/index.php\/wp-json\/wp\/v2\/types\/post"}],"author":[{"embeddable":true,"href":"https:\/\/www.paranapraia.com.br\/index.php\/wp-json\/wp\/v2\/users\/2"}],"replies":[{"embeddable":true,"href":"https:\/\/www.paranapraia.com.br\/index.php\/wp-json\/wp\/v2\/comments?post=11169"}],"version-history":[{"count":1,"href":"https:\/\/www.paranapraia.com.br\/index.php\/wp-json\/wp\/v2\/posts\/11169\/revisions"}],"predecessor-version":[{"id":11171,"href":"https:\/\/www.paranapraia.com.br\/index.php\/wp-json\/wp\/v2\/posts\/11169\/revisions\/11171"}],"wp:featuredmedia":[{"embeddable":true,"href":"https:\/\/www.paranapraia.com.br\/index.php\/wp-json\/wp\/v2\/media\/11170"}],"wp:attachment":[{"href":"https:\/\/www.paranapraia.com.br\/index.php\/wp-json\/wp\/v2\/media?parent=11169"}],"wp:term":[{"taxonomy":"category","embeddable":true,"href":"https:\/\/www.paranapraia.com.br\/index.php\/wp-json\/wp\/v2\/categories?post=11169"},{"taxonomy":"post_tag","embeddable":true,"href":"https:\/\/www.paranapraia.com.br\/index.php\/wp-json\/wp\/v2\/tags?post=11169"}],"curies":[{"name":"wp","href":"https:\/\/api.w.org\/{rel}","templated":true}]}}