{"id":11156,"date":"2019-05-21T22:21:23","date_gmt":"2019-05-22T01:21:23","guid":{"rendered":"https:\/\/www.paranapraia.com.br\/?p=11156"},"modified":"2019-05-21T22:21:25","modified_gmt":"2019-05-22T01:21:25","slug":"bolsonaro-precisa-se-emendar-diz-janaina-que-nega-saida-do-psl","status":"publish","type":"post","link":"https:\/\/www.paranapraia.com.br\/index.php\/2019\/05\/21\/bolsonaro-precisa-se-emendar-diz-janaina-que-nega-saida-do-psl\/","title":{"rendered":"Bolsonaro precisa se emendar, diz Janaina, que nega sa\u00edda do PSL"},"content":{"rendered":"\n<h4 class=\"wp-block-heading\">&#8220;Eu n\u00e3o vou sair do PSL. O que eu n\u00e3o vou \u00e9 me submeter a uma bancada que n\u00e3o v\u00ea, n\u00e3o enxerga&#8221;, afirmou a deputada<\/h4>\n\n\n\n<p>Um dia ap\u00f3s discutir com colegas por causa das manifesta\u00e7\u00f5es de rua em defesa do presidente Jair Bolsonaro e falar em sair da bancada do PSL, a deputada estadual de S\u00e3o Paulo\u00a0Janaina Paschoal disse nesta ter\u00e7a-feira (21) que ficar\u00e1 no partido e afirmou que \u2018Bolsonaro precisa se emendar\u2019. <\/p>\n\n\n\n<p>\u201cSer\u00e1 que um coment\u00e1rio num grupo de WhatsApp \u00e9 uma decis\u00e3o? Foi uma conversa, era entre 15 deputados eleitos num grupo fechado. Se algu\u00e9m vazou isso \u00e9 porque quer me for\u00e7ar a sair. Agora \u00e9 que eu fico!\u201d, afirma ela \u00e0 Folha de S.Paulo.<\/p>\n\n\n\n<p>Nesta segunda (20), a parlamentar sinalizou que deixaria a legenda depois de discordar, no grupo de mensagens, dos colegas de PSL na Assembleia de S\u00e3o Paulo. Eles defendem a convoca\u00e7\u00e3o dos atos em defesa do governo,&nbsp;marcados para o domingo (26) e classificados por ela como sem racionalidade.<br>A deputada diz ainda que mant\u00e9m o apoio a Bolsonaro, mas pede que ele aprenda a ouvir cr\u00edticas. \u201cQual \u00e9 a nossa alternativa neste momento? Ele foi eleito, ele est\u00e1 na plenitude do cargo. Eu quero que ele se emende.\u201d<\/p>\n\n\n\n<p>Segundo a parlamentar, havia um contexto para a sua decis\u00e3o de escrever a mensagem e em seguida sair do grupo, mas a situa\u00e7\u00e3o n\u00e3o ficou totalmente clara porque a conversa com os demais deputados veio a p\u00fablico incompleta.<\/p>\n\n\n\n<p>\u201cVoc\u00ea est\u00e1 tentando com argumentos racionais, voc\u00ea n\u00e3o est\u00e1 dizendo que o outro est\u00e1 errado, mas que o outro n\u00e3o est\u00e1 conseguindo refletir. Falei: quer saber? Vou sair desse grupo, vou sair dessa bancada. Mas foi uma coisa que qualquer um ali compreendia que tinha um contexto.\u201d<br>No debate no WhatsApp, Janaina chegou a escrever que os colegas estavam cegos e que n\u00e3o percebiam que as manifesta\u00e7\u00f5es poderiam mais prejudicar do que ajudar Bolsonaro.<\/p>\n\n\n\n<p>\u201cEu n\u00e3o vou sair do PSL. O que eu n\u00e3o vou \u00e9 me submeter a uma bancada que n\u00e3o v\u00ea, n\u00e3o enxerga. Porque eles queriam \u00e9 que eu acatasse o que decidir a bancada. Falei: desculpa, amigos\u201d, relata \u00e0 reportagem.<\/p>\n\n\n\n<p>Ela, que deu entrevista enquanto ia da sess\u00e3o de uma comiss\u00e3o para o plen\u00e1rio da Assembleia, disse que ainda n\u00e3o conversou com os outros deputados do PSL. Segundo o deputado Gil Diniz, l\u00edder da bancada no Legislativo paulista, o partido \u00e9 contra uma eventual sa\u00edda dela.<br>Sem citar nomes, Janaina fala que \u201cquiseram criar a not\u00edcia\u201d de que ela tinha sa\u00eddo do partido.<\/p>\n\n\n\n<p>\u201cEu falei: estou vendo uma situa\u00e7\u00e3o [sobre sair da bancada]. Eu n\u00e3o sei, n\u00e3o avaliei ainda. Agora, quem pegou isso um minuto depois e jogou para todos os jornais quer que eu saia\u201d, diz a deputada.<\/p>\n\n\n\n<p>\u201cAh, eu acho assim\u2026 Voc\u00ea tem que ter um espa\u00e7o de diverg\u00eancia dentro dos seus ambientes. N\u00e3o d\u00e1 para as pessoas acharem que porque voc\u00ea faz parte do grupo tem que concordar 100% com o grupo, entendeu?\u201d, protesta.<\/p>\n\n\n\n<p>Na noite desta segunda, a parlamentar j\u00e1 havia usado uma rede social para negar sua sa\u00edda do PSL. \u201cSa\u00ed do grupo de WhatsApp. S\u00f3 isso. Como o Brasil, o partido deve ser plural\u201d, escreveu.<\/p>\n\n\n\n<p>Segundo ela, s\u00e3o incorretos os rumores de que ela j\u00e1 tinha sinalizado antes inten\u00e7\u00e3o de abandonar a legenda. \u201cEu nunca falei isso. Eu nunca falei em sair do PSL, nunca.\u201d<\/p>\n\n\n\n<p>A perman\u00eancia, no entanto, inclui a continuidade de suas cr\u00edticas a alas do governo e de bolsonaristas radicais. Janaina mant\u00e9m firme sua opini\u00e3o contr\u00e1ria aos protestos previstos para o fim de semana.<\/p>\n\n\n\n<p>Ela voltou, como j\u00e1 havia feito no grupo de WhatsApp dos deputados, a criticar o presidente por ter postado um v\u00eddeo em que um pastor o defende como um pol\u00edtico \u201cestabelecido por Deus\u201d para guiar o Brasil.<\/p>\n\n\n\n<p>Na avalia\u00e7\u00e3o dela, que \u00e9 advogada e professora da Faculdade de Direito da USP, o compartilhamento \u201cfoi muito inadequado, sob o ponto de vista da teoria do Estado, da democracia\u201d.<\/p>\n\n\n\n<p>\u201cAlgu\u00e9m tem que alert\u00e1-lo do que ele [Bolsonaro] pode e do que ele n\u00e3o pode fazer. Eu acredito que o bom amigo, aquele que quer o sucesso do outro, n\u00e3o \u00e9 o que aplaude tudo\u201d, opina.<\/p>\n\n\n\n<p>Celebrizada por ter sido uma das autoras do pedido de impeachment de Dilma Rousseff (PT), o que a levou a angariar um recorde de mais de 2 milh\u00f5es de votos no estado, Janaina diz n\u00e3o haver justificativas, por ora, para derrubar Bolsonaro.<\/p>\n\n\n\n<p>\u201cN\u00e3o tem elemento jur\u00eddico para isso [processo de impeachment]. Por enquanto n\u00e3o tem.\u201d<\/p>\n\n\n\n<p>BandaB<br><\/p>\n","protected":false},"excerpt":{"rendered":"<p>&#8220;Eu n\u00e3o vou sair do PSL. O que eu n\u00e3o vou \u00e9 me submeter a uma bancada que n\u00e3o v\u00ea, n\u00e3o enxerga&#8221;, afirmou a deputada Um dia ap\u00f3s discutir com colegas por causa das manifesta\u00e7\u00f5es de rua em defesa do presidente Jair Bolsonaro e falar em sair da bancada do PSL, a deputada estadual de [&hellip;]<\/p>\n","protected":false},"author":2,"featured_media":11157,"comment_status":"open","ping_status":"open","sticky":false,"template":"","format":"standard","meta":{"advanced_seo_description":"","jetpack_seo_html_title":"","jetpack_seo_noindex":false,"_jetpack_memberships_contains_paid_content":false,"footnotes":""},"categories":[32],"tags":[],"class_list":{"0":"post-11156","1":"post","2":"type-post","3":"status-publish","4":"format-standard","5":"has-post-thumbnail","7":"category-politica"},"jetpack_featured_media_url":"https:\/\/www.paranapraia.com.br\/wp-content\/uploads\/2019\/05\/ss.jpg","jetpack_sharing_enabled":true,"_links":{"self":[{"href":"https:\/\/www.paranapraia.com.br\/index.php\/wp-json\/wp\/v2\/posts\/11156"}],"collection":[{"href":"https:\/\/www.paranapraia.com.br\/index.php\/wp-json\/wp\/v2\/posts"}],"about":[{"href":"https:\/\/www.paranapraia.com.br\/index.php\/wp-json\/wp\/v2\/types\/post"}],"author":[{"embeddable":true,"href":"https:\/\/www.paranapraia.com.br\/index.php\/wp-json\/wp\/v2\/users\/2"}],"replies":[{"embeddable":true,"href":"https:\/\/www.paranapraia.com.br\/index.php\/wp-json\/wp\/v2\/comments?post=11156"}],"version-history":[{"count":1,"href":"https:\/\/www.paranapraia.com.br\/index.php\/wp-json\/wp\/v2\/posts\/11156\/revisions"}],"predecessor-version":[{"id":11158,"href":"https:\/\/www.paranapraia.com.br\/index.php\/wp-json\/wp\/v2\/posts\/11156\/revisions\/11158"}],"wp:featuredmedia":[{"embeddable":true,"href":"https:\/\/www.paranapraia.com.br\/index.php\/wp-json\/wp\/v2\/media\/11157"}],"wp:attachment":[{"href":"https:\/\/www.paranapraia.com.br\/index.php\/wp-json\/wp\/v2\/media?parent=11156"}],"wp:term":[{"taxonomy":"category","embeddable":true,"href":"https:\/\/www.paranapraia.com.br\/index.php\/wp-json\/wp\/v2\/categories?post=11156"},{"taxonomy":"post_tag","embeddable":true,"href":"https:\/\/www.paranapraia.com.br\/index.php\/wp-json\/wp\/v2\/tags?post=11156"}],"curies":[{"name":"wp","href":"https:\/\/api.w.org\/{rel}","templated":true}]}}