{"id":11153,"date":"2019-05-21T22:19:42","date_gmt":"2019-05-22T01:19:42","guid":{"rendered":"https:\/\/www.paranapraia.com.br\/?p=11153"},"modified":"2019-05-21T22:19:46","modified_gmt":"2019-05-22T01:19:46","slug":"dirceu-e-cunha-dividem-cela-na-prisao-da-lava-jato","status":"publish","type":"post","link":"https:\/\/www.paranapraia.com.br\/index.php\/2019\/05\/21\/dirceu-e-cunha-dividem-cela-na-prisao-da-lava-jato\/","title":{"rendered":"Dirceu e Cunha dividem cela na pris\u00e3o da Lava Jato"},"content":{"rendered":"\n<h4 class=\"wp-block-heading\">Dirceu chegou a Pinhais no s\u00e1bado, 18, transferido da Superintend\u00eancia da Pol\u00edcia Federal<\/h4>\n\n\n\n<p>O ex-ministro Jos\u00e9 Dirceu (Casa Civil\/Governo Lula) e o ex-presidente da C\u00e2mara Eduardo Cunha (MDB) dividem a mesma cela em uma ala nova no Complexo M\u00e9dico Penal de Pinhais, nos arredores de Curitiba, a pris\u00e3o da Lava Jato.<\/p>\n\n\n\n<p>Dirceu chegou a Pinhais no s\u00e1bado, 18, transferido da Superintend\u00eancia da Pol\u00edcia Federal, onde se havia apresentado na noite de sexta, 17, para cumprir pena de 8 anos e dez meses de reclus\u00e3o em processo por corrup\u00e7\u00e3o passiva e lavagem de dinheiro de contratos da Petrobras.<\/p>\n\n\n\n<p>Cunha j\u00e1 est\u00e1 na casa desde outubro de 2016.<\/p>\n\n\n\n<p>Ele acumula, por enquanto, duas condena\u00e7\u00f5es. Uma de 15 anos e quatro meses imposta pelo ex-juiz Sergio Moro por corrup\u00e7\u00e3o, lavagem de dinheiro e evas\u00e3o de divisas no \u00e2mbito de contrato da estatal petrol\u00edfera para explora\u00e7\u00e3o do campo de Benin, na \u00c1frica, em 2011 \u2013 reduzida para 14 anos e seis meses pelo Tribunal Regional Federal da 4.\u00aa Regi\u00e3o (TRF-4).<\/p>\n\n\n\n<p>Em outro processo, o ex-deputado pegou 24 anos, senten\u00e7a aplicada pelo juiz Vallisney de Oliveira Souza, de Bras\u00edlia, por desvios na Caixa.<\/p>\n\n\n\n<p>Outros quatro prisioneiros ocupam a mesma cela de Dirceu e Cunha<\/p>\n\n\n\n<p>Ao todo, na \u201cala nova\u201d est\u00e3o cerca de 40 prisioneiros da Lava Jato, entre eles o ex-tesoureiro do PT Jo\u00e3o Vaccari Neto, o ex-senador Gim Argello e o ex-diretor da Dersa paulista Paulo Vieira de Souza, apontado como operador do PSDB.<\/p>\n\n\n\n<p>Dirceu j\u00e1 passou uma temporada em Pinhais. Foi solto enquanto aguardava o julgamento de todos os recursos a que tinha direito, no \u00e2mbito do TRF-4, o Tribunal da Lava Jato.<\/p>\n\n\n\n<p>Na semana passada, o Tribunal negou embargos do ex-ministro e ordenou sua pris\u00e3o. Na quinta, 16, o juiz Luiz Antonio Bonat, da 13.\u00aa Vara Criminal Federal de Curitiba, deu prazo at\u00e9 \u00e0s 16 horas da sexta, 17, para Dirceu se entregar na PF em Curitiba.<\/p>\n\n\n\n<p>O ex-ministro viajou de carro, de Bras\u00edlia a Curitiba. Chegou \u00e0 PF com um atraso de cinco horas e meia. Eram 21h30 da sexta quando se apresentou. No s\u00e1bado foi transferido para Pinhais, a pris\u00e3o da Lava Jato.<\/p>\n\n\n\n<p>Antes de se entregar, em mensagem \u00e0 milit\u00e2ncia petista gravada na quinta, 16, \u00e0 noite, ele avisou. \u201cO vulc\u00e3o j\u00e1 entrou em erup\u00e7\u00e3o.\u201d<\/p>\n\n\n\n<p>\u201cEu me preparei para isso. Vou ler mais, manter a sa\u00fade, manter o contato\u201d.<\/p>\n\n\n\n<p>Bandab<\/p>\n\n\n\n<p><br><\/p>\n","protected":false},"excerpt":{"rendered":"<p>Dirceu chegou a Pinhais no s\u00e1bado, 18, transferido da Superintend\u00eancia da Pol\u00edcia Federal O ex-ministro Jos\u00e9 Dirceu (Casa Civil\/Governo Lula) e o ex-presidente da C\u00e2mara Eduardo Cunha (MDB) dividem a mesma cela em uma ala nova no Complexo M\u00e9dico Penal de Pinhais, nos arredores de Curitiba, a pris\u00e3o da Lava Jato. Dirceu chegou a Pinhais [&hellip;]<\/p>\n","protected":false},"author":2,"featured_media":11154,"comment_status":"open","ping_status":"open","sticky":false,"template":"","format":"standard","meta":{"advanced_seo_description":"","jetpack_seo_html_title":"","jetpack_seo_noindex":false,"_jetpack_memberships_contains_paid_content":false,"footnotes":""},"categories":[32],"tags":[],"class_list":{"0":"post-11153","1":"post","2":"type-post","3":"status-publish","4":"format-standard","5":"has-post-thumbnail","7":"category-politica"},"jetpack_featured_media_url":"https:\/\/www.paranapraia.com.br\/wp-content\/uploads\/2019\/05\/eduardocunha-768x503.jpg","jetpack_sharing_enabled":true,"_links":{"self":[{"href":"https:\/\/www.paranapraia.com.br\/index.php\/wp-json\/wp\/v2\/posts\/11153"}],"collection":[{"href":"https:\/\/www.paranapraia.com.br\/index.php\/wp-json\/wp\/v2\/posts"}],"about":[{"href":"https:\/\/www.paranapraia.com.br\/index.php\/wp-json\/wp\/v2\/types\/post"}],"author":[{"embeddable":true,"href":"https:\/\/www.paranapraia.com.br\/index.php\/wp-json\/wp\/v2\/users\/2"}],"replies":[{"embeddable":true,"href":"https:\/\/www.paranapraia.com.br\/index.php\/wp-json\/wp\/v2\/comments?post=11153"}],"version-history":[{"count":1,"href":"https:\/\/www.paranapraia.com.br\/index.php\/wp-json\/wp\/v2\/posts\/11153\/revisions"}],"predecessor-version":[{"id":11155,"href":"https:\/\/www.paranapraia.com.br\/index.php\/wp-json\/wp\/v2\/posts\/11153\/revisions\/11155"}],"wp:featuredmedia":[{"embeddable":true,"href":"https:\/\/www.paranapraia.com.br\/index.php\/wp-json\/wp\/v2\/media\/11154"}],"wp:attachment":[{"href":"https:\/\/www.paranapraia.com.br\/index.php\/wp-json\/wp\/v2\/media?parent=11153"}],"wp:term":[{"taxonomy":"category","embeddable":true,"href":"https:\/\/www.paranapraia.com.br\/index.php\/wp-json\/wp\/v2\/categories?post=11153"},{"taxonomy":"post_tag","embeddable":true,"href":"https:\/\/www.paranapraia.com.br\/index.php\/wp-json\/wp\/v2\/tags?post=11153"}],"curies":[{"name":"wp","href":"https:\/\/api.w.org\/{rel}","templated":true}]}}