{"id":11150,"date":"2019-05-21T22:17:39","date_gmt":"2019-05-22T01:17:39","guid":{"rendered":"https:\/\/www.paranapraia.com.br\/?p=11150"},"modified":"2019-05-21T22:17:40","modified_gmt":"2019-05-22T01:17:40","slug":"homem-e-surpreendido-ao-chegar-em-casa-e-morre-com-doze-tiros-em-curitiba","status":"publish","type":"post","link":"https:\/\/www.paranapraia.com.br\/index.php\/2019\/05\/21\/homem-e-surpreendido-ao-chegar-em-casa-e-morre-com-doze-tiros-em-curitiba\/","title":{"rendered":"Homem \u00e9 surpreendido ao chegar em casa e morre com doze tiros em Curitiba"},"content":{"rendered":"\n<h4 class=\"wp-block-heading\">Caso aconteceu na noite desta ter\u00e7a-feira, no bairro Alto Boqueir\u00e3o<\/h4>\n\n\n\n<p> Um homem de aproximadamente\u00a0<strong>40 anos<\/strong>\u00a0foi brutalmente assassinado na noite desta ter\u00e7a-feira (21) ap\u00f3s receber\u00a0<strong>cerca de doze tiros quando chegava de carro em casa<\/strong>, no cruzamento das ruas Reskala Snege e Francisco Derosso, no bairro\u00a0<strong>Alto Boqueir\u00e3o<\/strong>, em Curitiba. Segundo informa\u00e7\u00f5es preliminares, um autom\u00f3vel com mais de um atirador encostou pr\u00f3ximo \u00e0 v\u00edtima e disparou os proj\u00e9teis em dire\u00e7\u00e3o do motorista, que perdeu o controle do carro e bateu no muro da resid\u00eancia. <\/p>\n\n\n\n<p>O perito&nbsp;Edimar Cunico afirmou que os tiros acertaram as regi\u00f5es do ombro, pesco\u00e7o e costas. \u201cO senhor parou com o carro na entrada e quando abriu o port\u00e3o foi abordado e recebeu 12 tiros pelo menos\u201d, contou \u00e0 reportagem. O motorista dirigia uma Mercedes Benz de cor preta.<\/p>\n\n\n\n<p>O corpo foi encaminhado Instituto M\u00e9dico Legal e o caso deve ser investigado pela Pol\u00edcia Civil.<\/p>\n\n\n\n<p>BandaB<\/p>\n","protected":false},"excerpt":{"rendered":"<p>Caso aconteceu na noite desta ter\u00e7a-feira, no bairro Alto Boqueir\u00e3o Um homem de aproximadamente\u00a040 anos\u00a0foi brutalmente assassinado na noite desta ter\u00e7a-feira (21) ap\u00f3s receber\u00a0cerca de doze tiros quando chegava de carro em casa, no cruzamento das ruas Reskala Snege e Francisco Derosso, no bairro\u00a0Alto Boqueir\u00e3o, em Curitiba. Segundo informa\u00e7\u00f5es preliminares, um autom\u00f3vel com mais de [&hellip;]<\/p>\n","protected":false},"author":2,"featured_media":11151,"comment_status":"open","ping_status":"open","sticky":false,"template":"","format":"standard","meta":{"advanced_seo_description":"","jetpack_seo_html_title":"","jetpack_seo_noindex":false,"_jetpack_memberships_contains_paid_content":false,"footnotes":""},"categories":[33],"tags":[],"class_list":{"0":"post-11150","1":"post","2":"type-post","3":"status-publish","4":"format-standard","5":"has-post-thumbnail","7":"category-policia"},"jetpack_featured_media_url":"https:\/\/www.paranapraia.com.br\/wp-content\/uploads\/2019\/05\/pm-1.jpg","jetpack_sharing_enabled":true,"_links":{"self":[{"href":"https:\/\/www.paranapraia.com.br\/index.php\/wp-json\/wp\/v2\/posts\/11150"}],"collection":[{"href":"https:\/\/www.paranapraia.com.br\/index.php\/wp-json\/wp\/v2\/posts"}],"about":[{"href":"https:\/\/www.paranapraia.com.br\/index.php\/wp-json\/wp\/v2\/types\/post"}],"author":[{"embeddable":true,"href":"https:\/\/www.paranapraia.com.br\/index.php\/wp-json\/wp\/v2\/users\/2"}],"replies":[{"embeddable":true,"href":"https:\/\/www.paranapraia.com.br\/index.php\/wp-json\/wp\/v2\/comments?post=11150"}],"version-history":[{"count":1,"href":"https:\/\/www.paranapraia.com.br\/index.php\/wp-json\/wp\/v2\/posts\/11150\/revisions"}],"predecessor-version":[{"id":11152,"href":"https:\/\/www.paranapraia.com.br\/index.php\/wp-json\/wp\/v2\/posts\/11150\/revisions\/11152"}],"wp:featuredmedia":[{"embeddable":true,"href":"https:\/\/www.paranapraia.com.br\/index.php\/wp-json\/wp\/v2\/media\/11151"}],"wp:attachment":[{"href":"https:\/\/www.paranapraia.com.br\/index.php\/wp-json\/wp\/v2\/media?parent=11150"}],"wp:term":[{"taxonomy":"category","embeddable":true,"href":"https:\/\/www.paranapraia.com.br\/index.php\/wp-json\/wp\/v2\/categories?post=11150"},{"taxonomy":"post_tag","embeddable":true,"href":"https:\/\/www.paranapraia.com.br\/index.php\/wp-json\/wp\/v2\/tags?post=11150"}],"curies":[{"name":"wp","href":"https:\/\/api.w.org\/{rel}","templated":true}]}}