{"id":11100,"date":"2019-05-21T11:13:16","date_gmt":"2019-05-21T14:13:16","guid":{"rendered":"https:\/\/www.paranapraia.com.br\/?p=11100"},"modified":"2019-05-21T11:13:17","modified_gmt":"2019-05-21T14:13:17","slug":"paranaense-na-comissao-filipe-barros-defende-nao-mexer-em-nenhuma-idade-minima","status":"publish","type":"post","link":"https:\/\/www.paranapraia.com.br\/index.php\/2019\/05\/21\/paranaense-na-comissao-filipe-barros-defende-nao-mexer-em-nenhuma-idade-minima\/","title":{"rendered":"Paranaense na Comiss\u00e3o, Filipe Barros defende n\u00e3o mexer em nenhuma idade m\u00ednima"},"content":{"rendered":"\n<h4 class=\"wp-block-heading\">O deputado do PSL \u00e9 um dos cinco paranaenses que fazem parte da Comiss\u00e3o Especial da Previd\u00eancia na C\u00e2mara<\/h4>\n\n\n\n<p>A equipe econ\u00f4mica do\u00a0<strong>governo Jair Bolsonaro<\/strong>\u00a0negocia a inclus\u00e3o de emendas para facilitar a aprova\u00e7\u00e3o da\u00a0<strong>reforma da Previd\u00eancia<\/strong>. Entre as poss\u00edveis concess\u00f5es admitidas pelo governo, que enfrenta problemas de articula\u00e7\u00e3o em sua base no Congresso, est\u00e3o flexibilizar a idade m\u00ednima de aposentadoria para professores.<\/p>\n\n\n\n<p>Para o<strong>&nbsp;deputado federal Filipe Barros<\/strong>&nbsp;(PSL-PR), tudo indica que o governo deve ceder em rela\u00e7\u00e3o a este ponto, o que, segundo ele, n\u00e3o deveria acontecer dentro da ideia de que todos deveriam ter os mesmo direitos e deveres.<\/p>\n\n\n\n<p>\u201cTemos visto que a tend\u00eancia \u00e9 alterar a idade m\u00ednima da aposentadoria dos professores, mas eu, particularmente, acho que isso n\u00e3o deveria ser feito. Numa Rep\u00fablica, todos s\u00e3o iguais, inclusive os militares deveriam estar na mesma proposta o que, infelizmente n\u00e3o foi o que o Executivo entendeu. Voto com o Governo, mas meu papel \u00e9 defender que n\u00e3o haja diferen\u00e7a de categoria. Se tira o dever de uma, todas as outras v\u00e3o querer\u201d, disse Barros.<\/p>\n\n\n\n<p>\n\nOs professores que ingressarem no sistema, se a reforma for aprovada como enviada pelo Executivo ao Congresso, s\u00f3 poder\u00e3o se aposentar aos 60 anos, ap\u00f3s 30 anos de contribui\u00e7\u00e3o, sem diferencia\u00e7\u00e3o de g\u00eanero, explicou o secret\u00e1rio. Hoje, n\u00e3o h\u00e1 idade m\u00ednima, apenas a exig\u00eancia de tempo de contribui\u00e7\u00e3o de 30 anos para homens e 25 anos para mulheres, na regra geral. Categorias como a dos trabalhadores rurais e servidores p\u00fablicos, entre outras, tamb\u00e9m querem tratamento diferenciado.\n\n<\/p>\n\n\n\n<p>Barros diz que a fase \u00e9 de adequa\u00e7\u00e3o da proposta enviada ao Congresso e n\u00e3o acredita em desgaste do Governo Bolsonaro.<\/p>\n\n\n\n<p>\u201cO Bolsonaro assumiu h\u00e1 pouco tempo e toda mudan\u00e7a causa transtorno no in\u00edcio. \u00c9 uma readequa\u00e7\u00e3o a esta nova forma de governar. O desafio \u00e9 reformar a previd\u00eancia e l\u00e1 cada vez mais parlamentares est\u00e3o se conscientizando desta necessidade. A reforma vai ser aprovada, mas o cuidado \u00e9 para que ela n\u00e3o seja desidratada a ponto de, daqui a quatro anos, teremos que fazer outra\u201d, afirmou.<\/p>\n\n\n\n<p>BandaB<br><\/p>\n","protected":false},"excerpt":{"rendered":"<p>O deputado do PSL \u00e9 um dos cinco paranaenses que fazem parte da Comiss\u00e3o Especial da Previd\u00eancia na C\u00e2mara A equipe econ\u00f4mica do\u00a0governo Jair Bolsonaro\u00a0negocia a inclus\u00e3o de emendas para facilitar a aprova\u00e7\u00e3o da\u00a0reforma da Previd\u00eancia. Entre as poss\u00edveis concess\u00f5es admitidas pelo governo, que enfrenta problemas de articula\u00e7\u00e3o em sua base no Congresso, est\u00e3o flexibilizar [&hellip;]<\/p>\n","protected":false},"author":2,"featured_media":11101,"comment_status":"open","ping_status":"open","sticky":false,"template":"","format":"standard","meta":{"advanced_seo_description":"","jetpack_seo_html_title":"","jetpack_seo_noindex":false,"_jetpack_memberships_contains_paid_content":false,"footnotes":""},"categories":[42,32],"tags":[],"class_list":{"0":"post-11100","1":"post","2":"type-post","3":"status-publish","4":"format-standard","5":"has-post-thumbnail","7":"category-cidades","8":"category-politica"},"jetpack_featured_media_url":"https:\/\/www.paranapraia.com.br\/wp-content\/uploads\/2019\/05\/barros-960x540.jpeg","jetpack_sharing_enabled":true,"_links":{"self":[{"href":"https:\/\/www.paranapraia.com.br\/index.php\/wp-json\/wp\/v2\/posts\/11100"}],"collection":[{"href":"https:\/\/www.paranapraia.com.br\/index.php\/wp-json\/wp\/v2\/posts"}],"about":[{"href":"https:\/\/www.paranapraia.com.br\/index.php\/wp-json\/wp\/v2\/types\/post"}],"author":[{"embeddable":true,"href":"https:\/\/www.paranapraia.com.br\/index.php\/wp-json\/wp\/v2\/users\/2"}],"replies":[{"embeddable":true,"href":"https:\/\/www.paranapraia.com.br\/index.php\/wp-json\/wp\/v2\/comments?post=11100"}],"version-history":[{"count":1,"href":"https:\/\/www.paranapraia.com.br\/index.php\/wp-json\/wp\/v2\/posts\/11100\/revisions"}],"predecessor-version":[{"id":11102,"href":"https:\/\/www.paranapraia.com.br\/index.php\/wp-json\/wp\/v2\/posts\/11100\/revisions\/11102"}],"wp:featuredmedia":[{"embeddable":true,"href":"https:\/\/www.paranapraia.com.br\/index.php\/wp-json\/wp\/v2\/media\/11101"}],"wp:attachment":[{"href":"https:\/\/www.paranapraia.com.br\/index.php\/wp-json\/wp\/v2\/media?parent=11100"}],"wp:term":[{"taxonomy":"category","embeddable":true,"href":"https:\/\/www.paranapraia.com.br\/index.php\/wp-json\/wp\/v2\/categories?post=11100"},{"taxonomy":"post_tag","embeddable":true,"href":"https:\/\/www.paranapraia.com.br\/index.php\/wp-json\/wp\/v2\/tags?post=11100"}],"curies":[{"name":"wp","href":"https:\/\/api.w.org\/{rel}","templated":true}]}}