{"id":11021,"date":"2019-05-21T09:32:39","date_gmt":"2019-05-21T12:32:39","guid":{"rendered":"https:\/\/www.paranapraia.com.br\/?p=11021"},"modified":"2019-05-21T09:34:00","modified_gmt":"2019-05-21T12:34:00","slug":"slash-prefere-lugares-menores-a-estadios-com-guns-gosto-de-ter-mais-intimidade-com-o-publico","status":"publish","type":"post","link":"https:\/\/www.paranapraia.com.br\/index.php\/2019\/05\/21\/slash-prefere-lugares-menores-a-estadios-com-guns-gosto-de-ter-mais-intimidade-com-o-publico\/","title":{"rendered":"Slash prefere lugares menores a est\u00e1dios com Guns: &#8216;Gosto de ter mais intimidade com o p\u00fablico&#8217;"},"content":{"rendered":"\n<h4 class=\"wp-block-heading\">Guitarrista do Guns N&#8217; Roses faz turn\u00eas por oito cidades brasileiras com seu projeto solo acompanhado da banda Myles Kennedy and The Conspirators.<\/h4>\n\n\n\n<p>Pode parecer estranho quando se pensa no tamanho de uma banda como o Guns N&#8217; Roses, mas Slash prefere mesmo se apresentar em lugares menores aos est\u00e1dios lotados pela banda.<\/p>\n\n\n\n<p>O guitarrista de 53 anos, acompanhado da banda Myles Kennedy &amp; The Conspirators, come\u00e7a nesta ter\u00e7a-feira (21) uma turn\u00ea por oito cidades brasileiras, na qual ficar\u00e1 mais \u00e0 vontade.<\/p>\n\n\n\n<p>&#8220;Desde que come\u00e7amos a tocar juntos, em 2010, tocar em lugares menores com eles \u00e9 a norma. Eu gosto mesmo de ter mais intimidade com o p\u00fablico. Esse sempre foi meu tipo de lugar favorito&#8221;, conta ele em entrevista<strong>\u00a0<\/strong>por telefone.<\/p>\n\n\n\n<figure class=\"wp-block-image\"><img loading=\"lazy\" decoding=\"async\" width=\"400\" height=\"400\" src=\"https:\/\/www.paranapraia.com.br\/wp-content\/uploads\/2019\/05\/Gif-Karranka.gif\" alt=\"\" class=\"wp-image-10483\"\/><\/figure>\n\n\n\n<p>&#8220;Estou acostumado com isso. Realisticamente, a turn\u00ea com o Guns N&#8217; Roses foi a primeira vez em que eu fui atra\u00e7\u00e3o principal em um est\u00e1dio em 20 anos&#8221;, diz Slash, antes de uma breve risada. &#8220;Mas para mim o ideal \u00e9 de 2 mil a 5 mil pessoas.&#8221;<\/p>\n\n\n\n<p>N\u00e3o que os locais pelo qual passar\u00e1 na turn\u00ea atual sejam assim t\u00e3o pequenos. O Centro de Eventos do Cear\u00e1, em Fortaleza, tem capacidade para 30 mil pessoas. Mas o resto dos shows acontece em casas um pouco mais modestas, como o Espa\u00e7o das Am\u00e9ricas, em S\u00e3o Paulo, que comporta 8 mil.<\/p>\n\n\n\n<p>Algo definitivamente mais modesto comparado a apresenta\u00e7\u00f5es do Guns N&#8217; Roses, que em 2018 chegou a bater recorde na Su\u00e9cia com um p\u00fablico de mais de 64 mil pessoas.<\/p>\n\n\n\n<h2 class=\"wp-block-heading\">Vivendo o sonho<\/h2>\n\n\n\n<p>Quem comparecer aos shows n\u00e3o deve esperar muitos sucessos de sua banda mais conhecida. Se em 2015, ainda antes de reatar com Axl Rose, ele tocava diversas can\u00e7\u00f5es do grupo, na turn\u00ea atual tem se limitado apenas a &#8220;Nightrain&#8221;.<\/p>\n\n\n\n<p>Grande parte do repert\u00f3rio ent\u00e3o \u00e9 dedicado aos tr\u00eas discos lan\u00e7ados com o Conspirators. Segundo Slash, n\u00e3o se trata de renegar a carreira com o Guns, mas uma rea\u00e7\u00e3o ao pr\u00f3prio p\u00fablico. Tanto que a maior parte do show \u00e9 composto de can\u00e7\u00f5es de &#8220;Living the dream&#8221;, lan\u00e7ado em 2018.<\/p>\n\n\n\n<p>&#8220;N\u00e3o estamos tocando essas m\u00fasicas h\u00e1 tanto tempo. Come\u00e7amos com umas tr\u00eas [nos shows], mas fomos aumentando e agora acho que uns 80% da apresenta\u00e7\u00e3o \u00e9 do \u00e1lbum, que foi se tornando muito popular com os f\u00e3s.&#8221;<\/p>\n\n\n\n<p>Desde a composi\u00e7\u00e3o e ensaios at\u00e9 a grava\u00e7\u00e3o, a produ\u00e7\u00e3o do disco aconteceu entre janeiro e abril de 2018, com direito a pausa para viajar com o Guns.<\/p>\n\n\n\n<p>&#8220;Foi um processo bem r\u00e1pido, na verdade. Ele foi escrito na maior parte na estrada, que \u00e9 de onde tiramos a maior parte das ideias sempre. As maiores diferen\u00e7as para esse \u00e1lbum s\u00e3o que ele foi o primeiro gravado no est\u00fadio que eu mesmo montei, e foi a primeira vez que gravei digitalmente, ao inv\u00e9s de analogicamente&#8221;, conta.<\/p>\n\n\n\n<h2 class=\"wp-block-heading\">Slash featuring Myles Kennedy and The Conspirators no Brasil<\/h2>\n\n\n\n<h2 class=\"wp-block-heading\">Porto Alegre<\/h2>\n\n\n\n<ul class=\"wp-block-list\"><li><strong>Data:<\/strong>&nbsp;21 de maio<\/li><li><strong>Hor\u00e1rio:<\/strong>&nbsp;21h<\/li><li><strong>Local:<\/strong>&nbsp;Pepsi on Stage \u2013 Av. Severo Dullius, 1995 \u2013 Anchieta<\/li><li><strong>Ingressos:&nbsp;<\/strong>de R$ 75 (pista, meia) a R$ 320 (pista premium, inteira)<\/li><\/ul>\n\n\n\n<h2 class=\"wp-block-heading\">Florian\u00f3polis<\/h2>\n\n\n\n<ul class=\"wp-block-list\"><li><strong>Data:<\/strong>&nbsp;22 de maio<\/li><li><strong>Hor\u00e1rio:<\/strong>&nbsp;21h<\/li><li><strong>Local:<\/strong>&nbsp;Stage Music Park \u2013 Rodovia Jornalista Maur\u00edcio Sirotski Sobrinho, 1050 \u2013 Jurer\u00ea<\/li><li><strong>Ingressos:<\/strong>&nbsp;de R$ 110 (pista, meia) a R$ 220 (pista, inteira) &#8211; Camarote e pista premium est\u00e3o esgotados<\/li><\/ul>\n\n\n\n<h2 class=\"wp-block-heading\">Curitiba<\/h2>\n\n\n\n<ul class=\"wp-block-list\"><li><strong>Data:<\/strong>&nbsp;24 de maio<\/li><li><strong>Hor\u00e1rio:&nbsp;<\/strong>22h<\/li><li><strong>Local:<\/strong>&nbsp;Live Curitiba \u2013 R. Itajub\u00e1, 143 \u2013 Novo Mundo<\/li><li><strong>Ingressos:<\/strong>&nbsp;de R$ 120 (pista, meia) a R$ 540 (pista premium, inteira)<\/li><\/ul>\n\n\n\n<h2 class=\"wp-block-heading\">S\u00e3o Paulo<\/h2>\n\n\n\n<ul class=\"wp-block-list\"><li><strong>Data:<\/strong>&nbsp;S\u00e1bado, 25 de maio de 2019<\/li><li><strong>Hor\u00e1rio:<\/strong>&nbsp;21h30<\/li><li><strong>Local:&nbsp;<\/strong>Espa\u00e7o das Am\u00e9ricas \u2013 Rua Tagipuru, 795 \u2013 Barra Funda<\/li><li><strong>Ingressos:&nbsp;<\/strong>de R$ 135 (pista, meia) a R$ 520 (mezanino, inteira) &#8211; pista premium est\u00e1 esgotada<\/li><\/ul>\n\n\n\n<h2 class=\"wp-block-heading\">Uberl\u00e2ndia<\/h2>\n\n\n\n<ul class=\"wp-block-list\"><li><strong>Data:<\/strong>&nbsp;27 de maio<\/li><li><strong>Hor\u00e1rio:&nbsp;<\/strong>21h30<\/li><li><strong>Local:<\/strong>&nbsp;Arena Sabiazinho \u2013 Av. Anselmo Alves dos Santos, 3415 \u2013 Tibery<\/li><li><strong>Ingressos:<\/strong>&nbsp;de R$ 110 (arquibancada, meia) a R$ 500 (camarote, pre\u00e7o \u00fanico)<\/li><\/ul>\n\n\n\n<h2 class=\"wp-block-heading\">Bras\u00edlia<\/h2>\n\n\n\n<ul class=\"wp-block-list\"><li><strong>Data:<\/strong>&nbsp;29 de maio<\/li><li><strong>Hor\u00e1rio:<\/strong>&nbsp;21h<\/li><li><strong>Local:<\/strong>&nbsp;\u00d3pera Hall \u2013 SHTN Trecho 2 \u2013 Asa Norte<\/li><li><strong>Ingressos:&nbsp;<\/strong>de R$ 120 (pista, meia) a R$ 720 (pista premium, inteira)<\/li><\/ul>\n\n\n\n<h2 class=\"wp-block-heading\">Olinda<\/h2>\n\n\n\n<ul class=\"wp-block-list\"><li><strong>Data:&nbsp;<\/strong>1\u00ba de junho<\/li><li><strong>Hor\u00e1rio:<\/strong>&nbsp;22h<\/li><li><strong>Local:<\/strong>&nbsp;Classic Hall \u2013 Av. Gov. Agamenon Magalh\u00e3es, S\/N \u2013 Salgadinho<\/li><li><strong>Ingressos:&nbsp;<\/strong>de R$ 100 (arena, meia) a R$ 1.800 (camarote, dez ingressos)<\/li><\/ul>\n\n\n\n<h2 class=\"wp-block-heading\">Fortaleza<\/h2>\n\n\n\n<ul class=\"wp-block-list\"><li><strong>Data:\u00a0<\/strong>3 de junho<\/li><li><strong>Hor\u00e1rio:<\/strong>\u00a021h<\/li><li><strong>Local:<\/strong>\u00a0Centro de Eventos do Cear\u00e1 \u2013 Av. Washington Soares, 999 \u2013 Edson Queiroz<\/li><li><strong>Ingressos:\u00a0<\/strong>de R$ 121 (arena, meia) a R$ 528 (frontstage, inteira)<\/li><\/ul>\n\n\n\n<p>G1PR<br><\/p>\n\n\n\n<p><br><br><\/p>\n","protected":false},"excerpt":{"rendered":"<p>Guitarrista do Guns N&#8217; Roses faz turn\u00eas por oito cidades brasileiras com seu projeto solo acompanhado da banda Myles Kennedy and The Conspirators. Pode parecer estranho quando se pensa no tamanho de uma banda como o Guns N&#8217; Roses, mas Slash prefere mesmo se apresentar em lugares menores aos est\u00e1dios lotados pela banda. O guitarrista [&hellip;]<\/p>\n","protected":false},"author":2,"featured_media":11022,"comment_status":"open","ping_status":"open","sticky":false,"template":"","format":"standard","meta":{"advanced_seo_description":"","jetpack_seo_html_title":"","jetpack_seo_noindex":false,"_jetpack_memberships_contains_paid_content":false,"footnotes":""},"categories":[40],"tags":[],"class_list":{"0":"post-11021","1":"post","2":"type-post","3":"status-publish","4":"format-standard","5":"has-post-thumbnail","7":"category-destaques"},"jetpack_featured_media_url":"https:\/\/www.paranapraia.com.br\/wp-content\/uploads\/2019\/05\/slash.jpg","jetpack_sharing_enabled":true,"_links":{"self":[{"href":"https:\/\/www.paranapraia.com.br\/index.php\/wp-json\/wp\/v2\/posts\/11021"}],"collection":[{"href":"https:\/\/www.paranapraia.com.br\/index.php\/wp-json\/wp\/v2\/posts"}],"about":[{"href":"https:\/\/www.paranapraia.com.br\/index.php\/wp-json\/wp\/v2\/types\/post"}],"author":[{"embeddable":true,"href":"https:\/\/www.paranapraia.com.br\/index.php\/wp-json\/wp\/v2\/users\/2"}],"replies":[{"embeddable":true,"href":"https:\/\/www.paranapraia.com.br\/index.php\/wp-json\/wp\/v2\/comments?post=11021"}],"version-history":[{"count":2,"href":"https:\/\/www.paranapraia.com.br\/index.php\/wp-json\/wp\/v2\/posts\/11021\/revisions"}],"predecessor-version":[{"id":11024,"href":"https:\/\/www.paranapraia.com.br\/index.php\/wp-json\/wp\/v2\/posts\/11021\/revisions\/11024"}],"wp:featuredmedia":[{"embeddable":true,"href":"https:\/\/www.paranapraia.com.br\/index.php\/wp-json\/wp\/v2\/media\/11022"}],"wp:attachment":[{"href":"https:\/\/www.paranapraia.com.br\/index.php\/wp-json\/wp\/v2\/media?parent=11021"}],"wp:term":[{"taxonomy":"category","embeddable":true,"href":"https:\/\/www.paranapraia.com.br\/index.php\/wp-json\/wp\/v2\/categories?post=11021"},{"taxonomy":"post_tag","embeddable":true,"href":"https:\/\/www.paranapraia.com.br\/index.php\/wp-json\/wp\/v2\/tags?post=11021"}],"curies":[{"name":"wp","href":"https:\/\/api.w.org\/{rel}","templated":true}]}}