{"id":11015,"date":"2019-05-21T09:29:17","date_gmt":"2019-05-21T12:29:17","guid":{"rendered":"https:\/\/www.paranapraia.com.br\/?p=11015"},"modified":"2019-05-21T09:29:19","modified_gmt":"2019-05-21T12:29:19","slug":"acusado-de-matar-ex-namorada-vai-a-juri-popular-nesta-terca-feira-21-em-astorga","status":"publish","type":"post","link":"https:\/\/www.paranapraia.com.br\/index.php\/2019\/05\/21\/acusado-de-matar-ex-namorada-vai-a-juri-popular-nesta-terca-feira-21-em-astorga\/","title":{"rendered":"Acusado de matar ex-namorada vai a j\u00fari popular nesta ter\u00e7a-feira (21), em Astorga"},"content":{"rendered":"\n<h4 class=\"wp-block-heading\">Corpo da jovem, que era estudante de pedagogia e modelo, foi encontrado em um canavial em fevereiro de 2017.<\/h4>\n\n\n\n<p>O rapaz acusado de matar a ex-namorada vai a j\u00fari popular nesta ter\u00e7a-feira (21) em Astorga, na regi\u00e3o norte do Paran\u00e1. A v\u00edtima era estudante de pedagogia e modelo, e\u00a0o corpo dela foi encontrado em um canavial em fevereiro de 2017.<\/p>\n\n\n\n<p>Douglas da Silva Concei\u00e7\u00e3o tem 25 anos. Jaqueline Valeze tinha 21 anos quando foi morta. Segundo as investiga\u00e7\u00f5es, o r\u00e9u estrangulou a jovem porque ela n\u00e3o aceitava o fim do relacionamento, que durou dez meses.<\/p>\n\n\n\n<p>Ele confessou o crime e disse que matou por ci\u00fames. A defesa do acusado informou que, por enquanto, n\u00e3o vai se manifestar.<\/p>\n\n\n\n<p>Jaqueline deixou um filho de tr\u00eas anos, de outro relacionamento. O canavial onde o corpo dela foi encontrado fica em uma estrada rural de Iguara\u00e7u, tamb\u00e9m no norte do estado.<\/p>\n\n\n\n<figure class=\"wp-block-image\"><img decoding=\"async\" src=\"https:\/\/s2.glbimg.com\/oSiVu0e4zTpWQ-Pi35mF4FUi8Jw=\/0x0:1280x1024\/984x0\/smart\/filters:strip_icc()\/i.s3.glbimg.com\/v1\/AUTH_59edd422c0c84a879bd37670ae4f538a\/internal_photos\/bs\/2019\/B\/O\/PJAmt3Ru2zlF2aoIONyg\/acusado-de-matar-ex-namorada-vai-a-juri-popular-nesta-terca-feira-21-.jpg\" alt=\"Acusado de matar ex-namorada vai a j\u00fari popular nesta ter\u00e7a-feira (21) \u2014 Foto: Reprodu\u00e7\u00e3o\/RPC\"\/><\/figure>\n\n\n\n<p>Acusado de matar ex-namorada vai a j\u00fari popular nesta ter\u00e7a-feira (21) \u2014 Foto: Reprodu\u00e7\u00e3o\/RPC<\/p>\n\n\n\n<p>G1PR<br><\/p>\n\n\n\n<p><br><br><\/p>\n","protected":false},"excerpt":{"rendered":"<p>Corpo da jovem, que era estudante de pedagogia e modelo, foi encontrado em um canavial em fevereiro de 2017. O rapaz acusado de matar a ex-namorada vai a j\u00fari popular nesta ter\u00e7a-feira (21) em Astorga, na regi\u00e3o norte do Paran\u00e1. A v\u00edtima era estudante de pedagogia e modelo, e\u00a0o corpo dela foi encontrado em um [&hellip;]<\/p>\n","protected":false},"author":2,"featured_media":11017,"comment_status":"open","ping_status":"open","sticky":false,"template":"","format":"standard","meta":{"advanced_seo_description":"","jetpack_seo_html_title":"","jetpack_seo_noindex":false,"_jetpack_memberships_contains_paid_content":false,"footnotes":""},"categories":[40],"tags":[],"class_list":{"0":"post-11015","1":"post","2":"type-post","3":"status-publish","4":"format-standard","5":"has-post-thumbnail","7":"category-destaques"},"jetpack_featured_media_url":"https:\/\/www.paranapraia.com.br\/wp-content\/uploads\/2019\/05\/jovem.jpg","jetpack_sharing_enabled":true,"_links":{"self":[{"href":"https:\/\/www.paranapraia.com.br\/index.php\/wp-json\/wp\/v2\/posts\/11015"}],"collection":[{"href":"https:\/\/www.paranapraia.com.br\/index.php\/wp-json\/wp\/v2\/posts"}],"about":[{"href":"https:\/\/www.paranapraia.com.br\/index.php\/wp-json\/wp\/v2\/types\/post"}],"author":[{"embeddable":true,"href":"https:\/\/www.paranapraia.com.br\/index.php\/wp-json\/wp\/v2\/users\/2"}],"replies":[{"embeddable":true,"href":"https:\/\/www.paranapraia.com.br\/index.php\/wp-json\/wp\/v2\/comments?post=11015"}],"version-history":[{"count":1,"href":"https:\/\/www.paranapraia.com.br\/index.php\/wp-json\/wp\/v2\/posts\/11015\/revisions"}],"predecessor-version":[{"id":11018,"href":"https:\/\/www.paranapraia.com.br\/index.php\/wp-json\/wp\/v2\/posts\/11015\/revisions\/11018"}],"wp:featuredmedia":[{"embeddable":true,"href":"https:\/\/www.paranapraia.com.br\/index.php\/wp-json\/wp\/v2\/media\/11017"}],"wp:attachment":[{"href":"https:\/\/www.paranapraia.com.br\/index.php\/wp-json\/wp\/v2\/media?parent=11015"}],"wp:term":[{"taxonomy":"category","embeddable":true,"href":"https:\/\/www.paranapraia.com.br\/index.php\/wp-json\/wp\/v2\/categories?post=11015"},{"taxonomy":"post_tag","embeddable":true,"href":"https:\/\/www.paranapraia.com.br\/index.php\/wp-json\/wp\/v2\/tags?post=11015"}],"curies":[{"name":"wp","href":"https:\/\/api.w.org\/{rel}","templated":true}]}}