{"id":11011,"date":"2019-05-20T17:47:46","date_gmt":"2019-05-20T20:47:46","guid":{"rendered":"https:\/\/www.paranapraia.com.br\/?p=11011"},"modified":"2019-05-20T17:47:48","modified_gmt":"2019-05-20T20:47:48","slug":"casal-suspeito-de-assassinar-e-atear-fogo-em-vitima-e-preso","status":"publish","type":"post","link":"https:\/\/www.paranapraia.com.br\/index.php\/2019\/05\/20\/casal-suspeito-de-assassinar-e-atear-fogo-em-vitima-e-preso\/","title":{"rendered":"Casal suspeito de assassinar e atear fogo em v\u00edtima \u00e9 preso"},"content":{"rendered":"\n<p>Um casal suspeito de um homic\u00eddio foi preso horas depois ap\u00f3s do crime, registrado na madrugada do \u00faltimo s\u00e1bado (18), no bairro Col\u00f4nia Grande, em S\u00e3o Jos\u00e9 dos Pinhais. A v\u00edtima, que morava na rua, foi morta a facadas, teve o corpo parcialmente carbonizado e estava com a sigla da fac\u00e7\u00e3o criminosa \u201cPCC\u201d marcada nas costas.<br><\/p>\n\n\n\n<p>O delegado Michel Carvalho, respons\u00e1vel pelo caso, explicou que a pris\u00e3o aconteceu de forma r\u00e1pida, horas ap\u00f3s o homic\u00eddio, em um condom\u00ednio da cidade \u2013 local em que o crime teria acontecido. \u201cO caso nos causou grande estranheza por estar em local ermo, uma rua sem asfalto, um local abandonado. O corpo estava carbonizado, uma grande crueldade, e tinham algumas siglas que direcionavam para a escrita PCC nas costas deste rapaz, um cen\u00e1rio bem cr\u00edtico. A equipe trabalhou muito forte na cena do crime e, horas depois, conseguimos a pris\u00e3o desses suspeitos\u201d, detalhou.<\/p>\n\n\n\n<p>Ivo Kienen Junior, de 28 anos, e Mirian Horst, 45, confessaram a autoria do homic\u00eddio e afirmaram que a v\u00edtima teria tentado matar uma amiga do casal, que trabalhava na \u00e1rea da sa\u00fade \u2013 o que ainda ser\u00e1 investigado pela pol\u00edcia. \u201cConseguimos localizar o ve\u00edculo utilizado para cometer esse crime, onde o corpo foi carregado, e nesse ve\u00edculo tinha marcas de sangue, o que foi decisivo para a confiss\u00e3o deles\u201d, afirmou Carvalho.<\/p>\n\n\n\n<p>De acordo com o delegado, Ivo relatou que encontrou o homem na rua, o colocou dentro do carro e o levou at\u00e9 o apartamento do casal, onde o crime aconteceu. \u201cNo interior do apartamento aconteceu uma discuss\u00e3o, em que entraram em vias de fato. O autor agrediu a v\u00edtima com as facadas, depois enrolou em cobertores, colocou no porta-malas do ve\u00edculo e foi at\u00e9 o local ermo. L\u00e1, compraram gasolina e colocaram fogo no corpo\u201d, disse.<\/p>\n\n\n\n<p>A sigla da fac\u00e7\u00e3o escrita nas costas da v\u00edtima, por\u00e9m, teria sido uma estrat\u00e9gia para \u201cengrandecer\u201d o crime. \u201cFoi repassado aos \u00f3rg\u00e3os de intelig\u00eancia para verificar um poss\u00edvel v\u00ednculo do casal com fac\u00e7\u00f5es, mas parece que foi uma situa\u00e7\u00e3o de tentar engrandecer aquele ato. Esse rapaz, que est\u00e1 preso, est\u00e1 com medo de ter uma repres\u00e1lia. Achamos que ele quis causar uma repercuss\u00e3o, ou at\u00e9 tentar colocar em temor a investiga\u00e7\u00e3o, direcionando para outra linha\u201d.<\/p>\n\n\n\n<p>Al\u00e9m do homic\u00eddio e da oculta\u00e7\u00e3o do cad\u00e1ver \u2013 j\u00e1 que o corpo foi queimado e deixado em local ermo \u2013 o casal tamb\u00e9m deve responder por fraude processual, j\u00e1 que o apartamento foi lavado. As facas utilizadas no crime tamb\u00e9m foram encontradas em uma bacia, com produto qu\u00edmico, dentro do apartamento.<\/p>\n\n\n\n<p>O casal foi preso e permanece \u00e0 disposi\u00e7\u00e3o da Justi\u00e7a. O envolvimento de outras pessoas no crime est\u00e1 sendo investigado.<\/p>\n\n\n\n<p>Colabora\u00e7\u00e3o Elisa Rossato\/Rede Massa<a href=\"https:\/\/api.whatsapp.com\/send?text=Casal%20suspeito%20de%20assassinar%20e%20atear%20fogo%20em%20v%C3%ADtima%20%C3%A9%20preso%20https%3a%2f%2fmassanews.com%2fnoticias%2fplantao%2fcasal-suspeito-de-assassinar-e-atear-fogo-em-vitima-e-preso-WYGv9.html%3futm_source%3dwhatsapp%26utm_medium%3dshare%26utm_content%3dnoticias__plantao%26utm_campaign%3dcasal-suspeito-de-assassinar-e-atear-fogo-em-vitima-e-preso-WYGv9\" target=\"_blank\" rel=\"noreferrer noopener\"><br>\n\n<\/a><\/p>\n","protected":false},"excerpt":{"rendered":"<p>Um casal suspeito de um homic\u00eddio foi preso horas depois ap\u00f3s do crime, registrado na madrugada do \u00faltimo s\u00e1bado (18), no bairro Col\u00f4nia Grande, em S\u00e3o Jos\u00e9 dos Pinhais. A v\u00edtima, que morava na rua, foi morta a facadas, teve o corpo parcialmente carbonizado e estava com a sigla da fac\u00e7\u00e3o criminosa \u201cPCC\u201d marcada nas [&hellip;]<\/p>\n","protected":false},"author":2,"featured_media":11012,"comment_status":"open","ping_status":"open","sticky":false,"template":"","format":"standard","meta":{"advanced_seo_description":"","jetpack_seo_html_title":"","jetpack_seo_noindex":false,"_jetpack_memberships_contains_paid_content":false,"footnotes":""},"categories":[33],"tags":[],"class_list":{"0":"post-11011","1":"post","2":"type-post","3":"status-publish","4":"format-standard","5":"has-post-thumbnail","7":"category-policia"},"jetpack_featured_media_url":"https:\/\/www.paranapraia.com.br\/wp-content\/uploads\/2019\/05\/cas.jpeg","jetpack_sharing_enabled":true,"_links":{"self":[{"href":"https:\/\/www.paranapraia.com.br\/index.php\/wp-json\/wp\/v2\/posts\/11011"}],"collection":[{"href":"https:\/\/www.paranapraia.com.br\/index.php\/wp-json\/wp\/v2\/posts"}],"about":[{"href":"https:\/\/www.paranapraia.com.br\/index.php\/wp-json\/wp\/v2\/types\/post"}],"author":[{"embeddable":true,"href":"https:\/\/www.paranapraia.com.br\/index.php\/wp-json\/wp\/v2\/users\/2"}],"replies":[{"embeddable":true,"href":"https:\/\/www.paranapraia.com.br\/index.php\/wp-json\/wp\/v2\/comments?post=11011"}],"version-history":[{"count":1,"href":"https:\/\/www.paranapraia.com.br\/index.php\/wp-json\/wp\/v2\/posts\/11011\/revisions"}],"predecessor-version":[{"id":11013,"href":"https:\/\/www.paranapraia.com.br\/index.php\/wp-json\/wp\/v2\/posts\/11011\/revisions\/11013"}],"wp:featuredmedia":[{"embeddable":true,"href":"https:\/\/www.paranapraia.com.br\/index.php\/wp-json\/wp\/v2\/media\/11012"}],"wp:attachment":[{"href":"https:\/\/www.paranapraia.com.br\/index.php\/wp-json\/wp\/v2\/media?parent=11011"}],"wp:term":[{"taxonomy":"category","embeddable":true,"href":"https:\/\/www.paranapraia.com.br\/index.php\/wp-json\/wp\/v2\/categories?post=11011"},{"taxonomy":"post_tag","embeddable":true,"href":"https:\/\/www.paranapraia.com.br\/index.php\/wp-json\/wp\/v2\/tags?post=11011"}],"curies":[{"name":"wp","href":"https:\/\/api.w.org\/{rel}","templated":true}]}}