{"id":10995,"date":"2019-05-20T16:20:05","date_gmt":"2019-05-20T19:20:05","guid":{"rendered":"https:\/\/www.paranapraia.com.br\/?p=10995"},"modified":"2019-05-20T16:20:07","modified_gmt":"2019-05-20T19:20:07","slug":"chance-de-barragem-se-romper-em-barao-de-cocais-e-de-10-a-15-diz-secretario-de-meio-ambiente-de-mg","status":"publish","type":"post","link":"https:\/\/www.paranapraia.com.br\/index.php\/2019\/05\/20\/chance-de-barragem-se-romper-em-barao-de-cocais-e-de-10-a-15-diz-secretario-de-meio-ambiente-de-mg\/","title":{"rendered":"Chance de barragem se romper em Bar\u00e3o de Cocais \u00e9 de 10% a 15%, diz secret\u00e1rio de Meio Ambiente de MG"},"content":{"rendered":"\n<h4 class=\"wp-block-heading\">O rompimento do talude j\u00e1 foi confirmado por autoridades; o desabamento deve acontecer ainda esta semana, segundo estudos. Com o desabamento do talude na cava da mina, um dos cen\u00e1rios \u00e9 o rompimento da barragem Sul Superior.<\/h4>\n\n\n\n<p>O secret\u00e1rio de Meio Ambiente de Minas Gerais, Germano Vieira, disse nesta segunda-feira (20) que a probabilidade de a barragem da mineradora Vale, em Bar\u00e3o de Cocais, se romper \u00e9 de 10% a 15%. Germano ainda confirmou que o&nbsp;<a href=\"https:\/\/g1.globo.com\/mg\/minas-gerais\/noticia\/2019\/05\/19\/talude-de-mina-da-vale-em-barao-de-cocais-pode-se-romper-a-partir-deste-domingo.ghtml\">talude, que est\u00e1 a menos de 2 km da barragem, vai se romper sem d\u00favida<\/a>.<\/p>\n\n\n\n<p>&#8220;O rompimento do talude vai acontecer. H\u00e1 uma quest\u00e3o imponder\u00e1vel se esse rompimento do talude na cava, se ele vai afetar a barragem. Isso n\u00e3o \u00e9 poss\u00edvel precisar. Adianto para voc\u00eas que o consultor desta auditoria independente, que \u00e9 uma empresa estrangeira, registrou que esta chance \u00e9 de uma em dez ou uma em oito. O que levaria de 10% a 15% de probabilidade\u201d, disse o secret\u00e1rio.<\/p>\n\n\n\n<p>Autoridades de v\u00e1rios \u00f3rg\u00e3os do estado est\u00e3o reunidas, nesta segunda, para o lan\u00e7amento de um plano de capacita\u00e7\u00e3o de agentes p\u00fablicos para a\u00e7\u00f5es de seguran\u00e7a de barragens.<\/p>\n\n\n\n<p>O governador de Minas Gerais, Romeu Zema (Novo), disse durante a abertura do evento que o estado vive \u201co pior momento poss\u00edvel\u201d ao se referir \u00e0 situa\u00e7\u00e3o de tens\u00e3o em Bar\u00e3o de Cocais.<\/p>\n\n\n\n<p>A Ag\u00eancia Nacional de Minera\u00e7\u00e3o (ANM) disse que n\u00e3o tem elementos para confirmar esta estimativa j\u00e1 que a Vale ainda n\u00e3o apresentou os estudos sobre a barragem.<\/p>\n\n\n\n<p>Em nota, a mineradora disse que, &#8220;n\u00e3o h\u00e1 elementos t\u00e9cnicos at\u00e9 o momento para se afirmar que o eventual escorregamento do talude norte da cava da mina Gongo Soco desencadear\u00e1 gatilho para ruptura da barragem Sul Superior.&#8221;<\/p>\n\n\n\n<p>A Defesa Civil do estado j\u00e1 fez dois treinamentos com a popula\u00e7\u00e3o de Bar\u00e3o de Cocais simulando os alertas que ser\u00e3o emitidos caso a barragem se rompa. De acordo com o chefe do Gabinete Militar e coordenador da Defesa Civil de Minas, coronel Evandro Borges, h\u00e1 600 barragens no estado, sendo 400 delas ligadas \u00e0 minera\u00e7\u00e3o.<\/p>\n\n\n\n<h2 class=\"wp-block-heading\">Cen\u00e1rios preocupantes<\/h2>\n\n\n\n<p>Segundo o secret\u00e1rio de Meio Ambiente, o desabamento do talude pode causar dois cen\u00e1rios preocupantes:<\/p>\n\n\n\n<ul class=\"wp-block-list\"><li>Rompimento da barragem Sul Superior, que \u00e9 o mais grave<\/li><li>Transbordamento da \u00e1gua da cava, que pode atingir rios da regi\u00e3o<\/li><\/ul>\n\n\n\n<p>Germano disse, ainda, que a movimenta\u00e7\u00e3o do talude \u00e9 um evento normal na minera\u00e7\u00e3o, mas o talude da mina apresentou uma intensifica\u00e7\u00e3o destes movimentos nos \u00faltimos meses e que, por isso, a mineradora comunicou as autoridades e classificou o evento como grave.<\/p>\n\n\n\n<p>&#8220;Quando a empresa avisa, e quando \u00e9 verdadeira e franca, os \u00f3rg\u00e3os t\u00eam tempo para agir e orientar a popula\u00e7\u00e3o. Toda atividade humana tem um risco. O risco zero \u00e9 n\u00e3o ter barragem&#8221;, afirmou o secret\u00e1rio.<\/p>\n\n\n\n<p>Sobre o cen\u00e1rio de transbordamento da \u00e1gua da cava, Germano disse que especialistas calcularam que este material deve transbordar na dire\u00e7\u00e3o leste, situa\u00e7\u00e3o um pouco mais tranquila, mas que n\u00e3o diminui a preocupa\u00e7\u00e3o. A barragem est\u00e1 a 1,5 km da cava e pode n\u00e3o ser atingida pela \u00e1gua. Mas os leitos dos rios da regi\u00e3o podem receber esses rejeitos.<\/p>\n\n\n\n<figure class=\"wp-block-image\"><img decoding=\"async\" src=\"https:\/\/s2.glbimg.com\/ZX9qp2Tn1PClM-PybEJrYUOI6D0=\/0x0:659x740\/984x0\/smart\/filters:strip_icc()\/i.s3.glbimg.com\/v1\/AUTH_59edd422c0c84a879bd37670ae4f538a\/internal_photos\/bs\/2019\/e\/J\/8CdM8VQfWBlRZswLrA5w\/talude.png\" alt=\"Localiza\u00e7\u00e3o do talude norte da Mina de Gongo Soco \u2014 Foto: Vale\/Divulga\u00e7\u00e3o\"\/><\/figure>\n\n\n\n<p>Localiza\u00e7\u00e3o do talude norte da Mina de Gongo Soco \u2014 Foto: Vale\/Divulga\u00e7\u00e3o<\/p>\n\n\n\n<h2 class=\"wp-block-heading\">O que disse o governador<\/h2>\n\n\n\n<p>Romeu Zema disse que a\u00a0ang\u00fastia vivida pelos moradores de Bar\u00e3o de Cocais\u00a0e pelo estado como um todo \u00e9 ainda pior do que o fato em si.<\/p>\n\n\n\n<p>\u201cEu diria que o momento que n\u00f3s estamos vivendo, neste p\u00f3s-Brumadinho, \u00e9 o pior poss\u00edvel. Todos aqui sabem, j\u00e1 vivenciaram isso, que pior do que um fato ruim \u00e9 a possibilidade de um fato ruim acontecer. N\u00f3s, seres humanos, simplesmente n\u00e3o sabemos viver com incerteza. Isso nos causa uma ang\u00fastia enorme\u201d, falou o governador na abertura do evento, na Cidade Administrativa, em Belo Horizonte.<\/p>\n\n\n\n<p>Ao citar \u201cp\u00f3s-Brumadinho\u201d, Zema se referiu ao<a href=\"https:\/\/g1.globo.com\/mg\/minas-gerais\/noticia\/2019\/05\/19\/sobe-para-241-as-mortes-confirmadas-em-brumadinho.ghtml\">&nbsp;rompimento da barragem 1 da Mina C\u00f3rrego do Feij\u00e3o<\/a>, tamb\u00e9m da mineradora Vale, que aconteceu no dia 25 de janeiro deste ano na cidade da Regi\u00e3o Metropolitana da capital. Ao todo, 241 corpos de v\u00edtimas j\u00e1 foram identificados, e o Corpo de Bombeiros mant\u00e9m as buscas por mais 29 pessoas que s\u00e3o consideradas desaparecidas.<\/p>\n\n\n\n<p>O governador disse ainda que a minera\u00e7\u00e3o n\u00e3o tem como acabar no estado, mas que \u00e9 poss\u00edvel tornar a atividade econ\u00f4mica mais segura, seguindo exemplo de pa\u00edses como Canad\u00e1, Austr\u00e1lia, Chile e \u00c1frica do Sul.<\/p>\n\n\n\n<p>Zema ainda pediu aos agentes p\u00fablicos que lidam diretamente com a popula\u00e7\u00e3o \u201cpaci\u00eancia e toler\u00e2ncia\u201d porque, muitas vezes, as pessoas est\u00e3o podem estar angustiadas e desorientadas diante da possibilidade de um desastre.<\/p>\n\n\n\n<p>Por fim, o governador afirmou que culpados devem ser punidos, mas \u201cmuito mais do que culpados, n\u00f3s precisamos ter solu\u00e7\u00f5es, porque somente dessa maneira n\u00f3s vamos ter um futuro promissor\u201d.<\/p>\n\n\n\n<h2 class=\"wp-block-heading\">Defesa Civil<\/h2>\n\n\n\n<p>Cerca de 60 representantes de defesas civis de munic\u00edpios com popula\u00e7\u00e3o estabelecida em \u00e1reas abaixo de barragens de minera\u00e7\u00e3o foram convidados a participar do workshop.<\/p>\n\n\n\n<p>Um dos pontos da capacita\u00e7\u00e3o do plano de seguran\u00e7a \u00e9 fortalecer as defesas civis municipais, de forma que elas consigam trabalhar de forma preventiva e evitar desastres.<\/p>\n\n\n\n<p>\u201cEstamos trazendo os coordenadores de Defesa Civil das cidades para a gente discutir temas como preven\u00e7\u00e3o, prepara\u00e7\u00e3o e mitiga\u00e7\u00e3o dos riscos. Tornar essa mentalidade da preven\u00e7\u00e3o como algo mais substancioso&#8221;, disse o chefe do Gabinete Militar do Governador e Coordenador Estadual de Defesa Civil, coronel Evandro Geraldo Ferreira Borges.<\/p>\n\n\n\n<h2 class=\"wp-block-heading\">Obras de conten\u00e7\u00e3o na barragem<\/h2>\n\n\n\n<p>A Vale informou que come\u00e7ou, na \u00faltima quinta-feira (16), a terraplenagem para a constru\u00e7\u00e3o de uma conten\u00e7\u00e3o de concreto a 6 km abaixo da barragem Sul Superior. O objetivo da estrutura \u00e9 reter grande parte do volume de rejeitos caso a barragem se rompa.<\/p>\n\n\n\n<p>Al\u00e9m disso, a mineradora est\u00e1 instalando telas met\u00e1licas e posicionando de blocos de granito para refor\u00e7ar esta barreira f\u00edsica contra um poss\u00edvel vazamento da barragem.<\/p>\n\n\n\n<p>Os cerca de 6 mil moradores est\u00e3o dentro da zona secund\u00e1ria de salvamento (ZSS). Neste per\u00edmetro, a onda de rejeitos pode chegar em cerca de uma hora e 12 minutos. Outros 443 moradores da zona de autosalvamento j\u00e1 foram retirados de suas casas em fevereiro, quando o n\u00edvel de seguran\u00e7a da barragem foi elevado para 2. J\u00e1 em mar\u00e7o a estrutura entrou em\u00a0alerta m\u00e1ximo de rompimento com o n\u00edvel elevado para 3.<\/p>\n\n\n\n<p>A Defesa Civil afirmou que j\u00e1 tem uma equipe de plant\u00e3o na cidade e mais agentes foram enviados ao local. Disse tamb\u00e9m que Bar\u00e3o de Cocais est\u00e1 toda sinalizada com as rotas de fuga e que a Prefeitura inclusive teve a iniciativa de pintar os caminhos nas vias.<\/p>\n\n\n\n<p>G1<br><\/p>\n","protected":false},"excerpt":{"rendered":"<p>O rompimento do talude j\u00e1 foi confirmado por autoridades; o desabamento deve acontecer ainda esta semana, segundo estudos. Com o desabamento do talude na cava da mina, um dos cen\u00e1rios \u00e9 o rompimento da barragem Sul Superior. O secret\u00e1rio de Meio Ambiente de Minas Gerais, Germano Vieira, disse nesta segunda-feira (20) que a probabilidade de [&hellip;]<\/p>\n","protected":false},"author":2,"featured_media":10997,"comment_status":"open","ping_status":"open","sticky":false,"template":"","format":"standard","meta":{"advanced_seo_description":"","jetpack_seo_html_title":"","jetpack_seo_noindex":false,"_jetpack_memberships_contains_paid_content":false,"footnotes":""},"categories":[40],"tags":[],"class_list":{"0":"post-10995","1":"post","2":"type-post","3":"status-publish","4":"format-standard","5":"has-post-thumbnail","7":"category-destaques"},"jetpack_featured_media_url":"https:\/\/www.paranapraia.com.br\/wp-content\/uploads\/2019\/05\/barrag.jpg","jetpack_sharing_enabled":true,"_links":{"self":[{"href":"https:\/\/www.paranapraia.com.br\/index.php\/wp-json\/wp\/v2\/posts\/10995"}],"collection":[{"href":"https:\/\/www.paranapraia.com.br\/index.php\/wp-json\/wp\/v2\/posts"}],"about":[{"href":"https:\/\/www.paranapraia.com.br\/index.php\/wp-json\/wp\/v2\/types\/post"}],"author":[{"embeddable":true,"href":"https:\/\/www.paranapraia.com.br\/index.php\/wp-json\/wp\/v2\/users\/2"}],"replies":[{"embeddable":true,"href":"https:\/\/www.paranapraia.com.br\/index.php\/wp-json\/wp\/v2\/comments?post=10995"}],"version-history":[{"count":1,"href":"https:\/\/www.paranapraia.com.br\/index.php\/wp-json\/wp\/v2\/posts\/10995\/revisions"}],"predecessor-version":[{"id":10998,"href":"https:\/\/www.paranapraia.com.br\/index.php\/wp-json\/wp\/v2\/posts\/10995\/revisions\/10998"}],"wp:featuredmedia":[{"embeddable":true,"href":"https:\/\/www.paranapraia.com.br\/index.php\/wp-json\/wp\/v2\/media\/10997"}],"wp:attachment":[{"href":"https:\/\/www.paranapraia.com.br\/index.php\/wp-json\/wp\/v2\/media?parent=10995"}],"wp:term":[{"taxonomy":"category","embeddable":true,"href":"https:\/\/www.paranapraia.com.br\/index.php\/wp-json\/wp\/v2\/categories?post=10995"},{"taxonomy":"post_tag","embeddable":true,"href":"https:\/\/www.paranapraia.com.br\/index.php\/wp-json\/wp\/v2\/tags?post=10995"}],"curies":[{"name":"wp","href":"https:\/\/api.w.org\/{rel}","templated":true}]}}