{"id":10987,"date":"2019-05-20T15:21:54","date_gmt":"2019-05-20T18:21:54","guid":{"rendered":"https:\/\/www.paranapraia.com.br\/?p=10987"},"modified":"2019-05-20T15:21:54","modified_gmt":"2019-05-20T18:21:54","slug":"agencia-do-trabalhador-de-pontal-do-parana-recebe-mocao-de-destaque","status":"publish","type":"post","link":"https:\/\/www.paranapraia.com.br\/index.php\/2019\/05\/20\/agencia-do-trabalhador-de-pontal-do-parana-recebe-mocao-de-destaque\/","title":{"rendered":"Ag\u00eancia do Trabalhador de Pontal do Paran\u00e1 recebe Mo\u00e7\u00e3o de Destaque"},"content":{"rendered":"\n<p>\n\nA Ag\u00eancia do Trabalhador de Pontal do Paran\u00e1 recebeu nesta \u00faltima quarta (15), uma men\u00e7\u00e3o honrosa da Secretaria Estadual da Justi\u00e7a e Trabalho por destaque de produtividade de 2018 atrav\u00e9s de sua Popula\u00e7\u00e3o Economicamente Ativa \u2013 PEA.<\/p>\n\n\n\n<p>Os servi\u00e7os da Ag\u00eancia do Trabalhador s\u00e3o gratuitos e fazem parte do Sistema P\u00fablico de Trabalho, Emprego e Renda do Governo do Paran\u00e1. A miss\u00e3o da Ag\u00eancia do Trabalhador \u00e9 proporcionar a inclus\u00e3o social no mundo do trabalho.<\/p>\n\n\n\n<p>O PEA \u00e9 um conceito elaborado para designar a popula\u00e7\u00e3o que est\u00e1 inserida no mercado de trabalho ou que, de certa forma, est\u00e1 procurando se inserir nele para exercer algum tipo de atividade remunerada.<\/p>\n\n\n\n<p>Na entrega da mo\u00e7\u00e3o, estiveram presentes, o Secret\u00e1rio Estadual da Justi\u00e7a, Fam\u00edlia e Trabalho, Ney Leprevost, Prefeito de Pontal do Paran\u00e1, Marcos Casquinha, Secret\u00e1rio Municipal de Seguran\u00e7a e Cidadania, Nem\u00e9sio Xavier, e o diretor da Ag\u00eancia de Pontal, Manoel Mesquita Santana.<\/p>\n\n\n\n<p>\u201c A Ag\u00eancia leva diversos servi\u00e7os para que a popula\u00e7\u00e3o pontalense possa encontrar de melhor maneira o seu emprego, al\u00e9m de orientar para o mercado de trabalho, agradecemos a todos os servidores da Ag\u00eancia pelo empenho.\u201d Destacou o prefeito Marcos Casquinha. <\/p>\n\n\n\n<p>Assessoria<\/p>\n","protected":false},"excerpt":{"rendered":"<p>A Ag\u00eancia do Trabalhador de Pontal do Paran\u00e1 recebeu nesta \u00faltima quarta (15), uma men\u00e7\u00e3o honrosa da Secretaria Estadual da Justi\u00e7a e Trabalho por destaque de produtividade de 2018 atrav\u00e9s de sua Popula\u00e7\u00e3o Economicamente Ativa \u2013 PEA. Os servi\u00e7os da Ag\u00eancia do Trabalhador s\u00e3o gratuitos e fazem parte do Sistema P\u00fablico de Trabalho, Emprego e [&hellip;]<\/p>\n","protected":false},"author":2,"featured_media":10988,"comment_status":"open","ping_status":"open","sticky":false,"template":"","format":"standard","meta":{"advanced_seo_description":"","jetpack_seo_html_title":"","jetpack_seo_noindex":false,"_jetpack_memberships_contains_paid_content":false,"footnotes":""},"categories":[40],"tags":[],"class_list":{"0":"post-10987","1":"post","2":"type-post","3":"status-publish","4":"format-standard","5":"has-post-thumbnail","7":"category-destaques"},"jetpack_featured_media_url":"https:\/\/www.paranapraia.com.br\/wp-content\/uploads\/2019\/05\/pref.jpg","jetpack_sharing_enabled":true,"_links":{"self":[{"href":"https:\/\/www.paranapraia.com.br\/index.php\/wp-json\/wp\/v2\/posts\/10987"}],"collection":[{"href":"https:\/\/www.paranapraia.com.br\/index.php\/wp-json\/wp\/v2\/posts"}],"about":[{"href":"https:\/\/www.paranapraia.com.br\/index.php\/wp-json\/wp\/v2\/types\/post"}],"author":[{"embeddable":true,"href":"https:\/\/www.paranapraia.com.br\/index.php\/wp-json\/wp\/v2\/users\/2"}],"replies":[{"embeddable":true,"href":"https:\/\/www.paranapraia.com.br\/index.php\/wp-json\/wp\/v2\/comments?post=10987"}],"version-history":[{"count":1,"href":"https:\/\/www.paranapraia.com.br\/index.php\/wp-json\/wp\/v2\/posts\/10987\/revisions"}],"predecessor-version":[{"id":10989,"href":"https:\/\/www.paranapraia.com.br\/index.php\/wp-json\/wp\/v2\/posts\/10987\/revisions\/10989"}],"wp:featuredmedia":[{"embeddable":true,"href":"https:\/\/www.paranapraia.com.br\/index.php\/wp-json\/wp\/v2\/media\/10988"}],"wp:attachment":[{"href":"https:\/\/www.paranapraia.com.br\/index.php\/wp-json\/wp\/v2\/media?parent=10987"}],"wp:term":[{"taxonomy":"category","embeddable":true,"href":"https:\/\/www.paranapraia.com.br\/index.php\/wp-json\/wp\/v2\/categories?post=10987"},{"taxonomy":"post_tag","embeddable":true,"href":"https:\/\/www.paranapraia.com.br\/index.php\/wp-json\/wp\/v2\/tags?post=10987"}],"curies":[{"name":"wp","href":"https:\/\/api.w.org\/{rel}","templated":true}]}}