{"id":10983,"date":"2019-05-20T15:09:07","date_gmt":"2019-05-20T18:09:07","guid":{"rendered":"https:\/\/www.paranapraia.com.br\/?p=10983"},"modified":"2019-05-20T15:09:09","modified_gmt":"2019-05-20T18:09:09","slug":"enem-candidatos-sem-isencao-tem-ate-quinta-feira-para-pagar-inscricao","status":"publish","type":"post","link":"https:\/\/www.paranapraia.com.br\/index.php\/2019\/05\/20\/enem-candidatos-sem-isencao-tem-ate-quinta-feira-para-pagar-inscricao\/","title":{"rendered":"Enem: candidatos sem isen\u00e7\u00e3o t\u00eam at\u00e9 quinta-feira para pagar inscri\u00e7\u00e3o"},"content":{"rendered":"\n<p>Finalizadas as inscri\u00e7\u00f5es para o Exame Nacional do Ensino M\u00e9dio (Enem) 2019, os estudantes que n\u00e3o obtiveram isen\u00e7\u00e3o t\u00eam at\u00e9 a pr\u00f3xima quinta-feira (23) para pagar a taxa de inscri\u00e7\u00e3o. O valor \u00e9 de R$ 85 e pode ser pago em ag\u00eancias banc\u00e1rias, casas lot\u00e9ricas e Correios.<\/p>\n\n\n\n<p>Quem teve direito \u00e0 isen\u00e7\u00e3o do pagamento da taxa e concluiu a inscri\u00e7\u00e3o no prazo tem participa\u00e7\u00e3o garantida.<\/p>\n\n\n\n<p>As inscri\u00e7\u00f5es pra o Enem foram encerradas na \u00faltima sexta-feira (17) com 6.384.957 de inscritos. O total de participantes confirmados ser\u00e1 divulgado no dia 28 deste m\u00eas. As provas ser\u00e3o aplicadas em dois domingos, 3 e 10 de novembro.<\/p>\n\n\n\n<p>Quem j\u00e1 concluiu o ensino m\u00e9dio ou vai concluir este ano pode usar as notas do Enem, por exemplo, para se inscrever em programas de acesso \u00e0 educa\u00e7\u00e3o superior como o Sistema de Sele\u00e7\u00e3o Unificada (Sisu) e o Programa Universidade para Todos (ProUni) ou de financiamento estudantil.<\/p>\n\n\n\n<h2 class=\"wp-block-heading\">Estudo<\/h2>\n\n\n\n<p>Para refor\u00e7ar o conhecimento dos candidatos, a Empresa Brasil de Comunica\u00e7\u00e3o (EBC)\u00a0oferece v\u00e1rias estrat\u00e9gias gratuitas, como o\u00a0Quest\u00f5es do Enem, no qual os estudantes t\u00eam acesso a um atualizado banco de dados que re\u00fane provas de 2009 at\u00e9 2018. O site permite a resolu\u00e7\u00e3o das quest\u00f5es online, com o recebimento do gabarito.<\/p>\n\n\n\n<p>Pelo perfil\u00a0EBC na Rede, \u00e9 poss\u00edvel acompanhar a s\u00e9rie\u00a0Caiu no Enem. O desafio \u00e9 responder no fim de semana \u00e0 quest\u00e3o publicada na sexta-feira. Na segunda-feira, um professor responde ao questionamento. A s\u00e9rie fica at\u00e9 a semana que antecede ao exame de 2019. Para ter acesso aos v\u00eddeos com as respostas, basta se inscrever no cana\u00a0youtube.com\/ebcnarede.<\/p>\n\n\n\n<p>Informa\u00e7\u00f5es Ag\u00eancia Brasil<a href=\"https:\/\/api.whatsapp.com\/send?text=Enem:%20candidatos%20sem%20isen%C3%A7%C3%A3o%20t%C3%AAm%20at%C3%A9%20quinta-feira%20para%20pagar%20inscri%C3%A7%C3%A3o%20https%3a%2f%2fmassanews.com%2fnoticias%2feducacao%2fenem-candidatos-sem-isencao-tem-ate-quinta-feira-para-pagar-inscricao-rlLEa.html%3futm_source%3dwhatsapp%26utm_medium%3dshare%26utm_content%3dnoticias__educacao%26utm_campaign%3denem-candidatos-sem-isencao-tem-ate-quinta-feira-para-pagar-inscricao-rlLEa\" target=\"_blank\" rel=\"noreferrer noopener\"><br>\n\n<\/a><\/p>\n","protected":false},"excerpt":{"rendered":"<p>Finalizadas as inscri\u00e7\u00f5es para o Exame Nacional do Ensino M\u00e9dio (Enem) 2019, os estudantes que n\u00e3o obtiveram isen\u00e7\u00e3o t\u00eam at\u00e9 a pr\u00f3xima quinta-feira (23) para pagar a taxa de inscri\u00e7\u00e3o. O valor \u00e9 de R$ 85 e pode ser pago em ag\u00eancias banc\u00e1rias, casas lot\u00e9ricas e Correios. Quem teve direito \u00e0 isen\u00e7\u00e3o do pagamento da [&hellip;]<\/p>\n","protected":false},"author":2,"featured_media":10984,"comment_status":"open","ping_status":"open","sticky":false,"template":"","format":"standard","meta":{"advanced_seo_description":"","jetpack_seo_html_title":"","jetpack_seo_noindex":false,"_jetpack_memberships_contains_paid_content":false,"footnotes":""},"categories":[40],"tags":[],"class_list":{"0":"post-10983","1":"post","2":"type-post","3":"status-publish","4":"format-standard","5":"has-post-thumbnail","7":"category-destaques"},"jetpack_featured_media_url":"https:\/\/www.paranapraia.com.br\/wp-content\/uploads\/2019\/05\/enn.jpg","jetpack_sharing_enabled":true,"_links":{"self":[{"href":"https:\/\/www.paranapraia.com.br\/index.php\/wp-json\/wp\/v2\/posts\/10983"}],"collection":[{"href":"https:\/\/www.paranapraia.com.br\/index.php\/wp-json\/wp\/v2\/posts"}],"about":[{"href":"https:\/\/www.paranapraia.com.br\/index.php\/wp-json\/wp\/v2\/types\/post"}],"author":[{"embeddable":true,"href":"https:\/\/www.paranapraia.com.br\/index.php\/wp-json\/wp\/v2\/users\/2"}],"replies":[{"embeddable":true,"href":"https:\/\/www.paranapraia.com.br\/index.php\/wp-json\/wp\/v2\/comments?post=10983"}],"version-history":[{"count":1,"href":"https:\/\/www.paranapraia.com.br\/index.php\/wp-json\/wp\/v2\/posts\/10983\/revisions"}],"predecessor-version":[{"id":10985,"href":"https:\/\/www.paranapraia.com.br\/index.php\/wp-json\/wp\/v2\/posts\/10983\/revisions\/10985"}],"wp:featuredmedia":[{"embeddable":true,"href":"https:\/\/www.paranapraia.com.br\/index.php\/wp-json\/wp\/v2\/media\/10984"}],"wp:attachment":[{"href":"https:\/\/www.paranapraia.com.br\/index.php\/wp-json\/wp\/v2\/media?parent=10983"}],"wp:term":[{"taxonomy":"category","embeddable":true,"href":"https:\/\/www.paranapraia.com.br\/index.php\/wp-json\/wp\/v2\/categories?post=10983"},{"taxonomy":"post_tag","embeddable":true,"href":"https:\/\/www.paranapraia.com.br\/index.php\/wp-json\/wp\/v2\/tags?post=10983"}],"curies":[{"name":"wp","href":"https:\/\/api.w.org\/{rel}","templated":true}]}}