{"id":10956,"date":"2019-05-20T12:53:09","date_gmt":"2019-05-20T15:53:09","guid":{"rendered":"https:\/\/www.paranapraia.com.br\/?p=10956"},"modified":"2019-05-20T12:53:10","modified_gmt":"2019-05-20T15:53:10","slug":"veja-as-proximas-mudancas-na-nova-velha-placa-padrao-mercosul-2","status":"publish","type":"post","link":"https:\/\/www.paranapraia.com.br\/index.php\/2019\/05\/20\/veja-as-proximas-mudancas-na-nova-velha-placa-padrao-mercosul-2\/","title":{"rendered":"Veja as pr\u00f3ximas mudan\u00e7as na \u2018nova velha\u2019 placa padr\u00e3o Mercosul"},"content":{"rendered":"\n<p>Al\u00e9m de confirmar na semana passada a continuidade da&nbsp;<strong>placa Mercosul no Brasil<\/strong>, o&nbsp;<strong>Minist\u00e9rio da Infraestrutura<\/strong>&nbsp;tamb\u00e9m far\u00e1 mudan\u00e7as nas regras para o modelo unificado, atualmente em vigor em sete estados (RJ, AM, BA, ES,&nbsp;<strong>PR<\/strong>, RN e RS). Com isso, o prazo para os demais estados implantarem o novo formato deve passar de 30 de junho (data-limite atual) para 31 de dezembro deste ano.<\/p>\n\n\n\n<p>O Departamento Nacional de Tr\u00e2nsito (<strong>Denatran<\/strong>) finalizou o estudo t\u00e9cnico que avaliou as caracter\u00edsticas do padr\u00e3o azul e branco e o processo para a sua emiss\u00e3o, como tamb\u00e9m o n\u00edvel de seguran\u00e7a na identifica\u00e7\u00e3o do ve\u00edculo a fim de diminuir os riscos de clonagem.O resultado foi entregue a representantes dos departamentos estaduais de tr\u00e2nsito (Detran) ap\u00f3s reuni\u00e3o que ocorreu em Bras\u00edlia no \u00faltimo dia 9 de maio, segundo noticiou o site UOL Carros.<\/p>\n\n\n\n<p>Os \u00f3rg\u00e3os t\u00eam at\u00e9 a pr\u00f3xima quarta-feira (15) para analisar as propostas do Denatran e fazer eventuais pondera\u00e7\u00f5es e sugest\u00f5es, informou Larissa Abdalla Britto, diretora geral do Detran-MA e presidente da AND (Associa\u00e7\u00e3o Nacional dos Detrans), em entrevista ao site. Depois disso, ser\u00e1 redigido um texto final que servir\u00e1 de base para a publica\u00e7\u00e3o de uma nova resolu\u00e7\u00e3o do Conselho Nacional de Tr\u00e2nsito (Contran), que altera a 729, de mar\u00e7o de 2018.<\/p>\n\n\n\n<p>O estudo elaborado pelo Denatran prev\u00ea as seguintes altera\u00e7\u00f5es:<\/p>\n\n\n\n<h5 class=\"wp-block-heading\">Placa Mercosul s\u00f3 em ve\u00edculos novos<\/h5>\n\n\n\n<p>Pela proposta do governo, a placa Mercosul s\u00f3 ser\u00e1 adotada em ve\u00edculos zero km, no primeiro licenciamento. Ou ent\u00e3o em casos extraordin\u00e1rios, como furto, roubo ou dano. Desta forma, n\u00e3o ser\u00e1 obrigat\u00f3ria a mudan\u00e7a da placa na transfer\u00eancia de propriet\u00e1rio ou de munic\u00edpio\/ estado, nem na troca de categoria do ve\u00edculo, como regulamenta a resolu\u00e7\u00e3o 729 nos estados em que o sistema est\u00e1 em vigor.<\/p>\n\n\n\n<p>Segundo o Denatran os ve\u00edculos que j\u00e1 est\u00e3o equipados com o novo padr\u00e3o \u2013 mais de 2 milh\u00f5es atualmente \u2013 poder\u00e3o permanecer com o modelo, sem que haja qualquer restri\u00e7\u00e3o de uso.<\/p>\n\n\n\n<h5 class=\"wp-block-heading\">Placa cinza permanecer\u00e1 ativa<\/h5>\n\n\n\n<p>A continuidade da placa Mercosul n\u00e3o implicar\u00e1 no fim da vers\u00e3o cinza. A ideia \u00e9 que as duas convivam no tr\u00e2nsito, eliminando assim os custos da substitui\u00e7\u00e3o. Com isso, ao mudar de munic\u00edpio ser\u00e1 exigido apenas a troca da tarjeta e o lacre, como j\u00e1 ocorre nos estados que ainda n\u00e3o migraram para o novo sistema.<\/p>\n\n\n\n<p>Lembrando que na chapa Mercosul o lacre foi eliminado e em seu lugar entrou o QR Code, c\u00f3digo bidimensional que permite a rastreabilidade das placas, al\u00e9m do acesso \u00e0s informa\u00e7\u00f5es dos ve\u00edculos numa blitz.<\/p>\n\n\n\n<h5 class=\"wp-block-heading\">Detrans cadastram estampadores<\/h5>\n\n\n\n<p>A responsabilidade de cadastrar e fiscalizar estampadores sair\u00e1 das m\u00e3os do Denatran e ficar\u00e1 a cargo dos Detrans. A inten\u00e7\u00e3o \u00e9 melhorar a agilidade no processo e favorecer a maior concorr\u00eancia. Os estampadores s\u00e3o encarregados de inserir os caracteres alfanum\u00e9ricos na placa. O Denatran, por sua vez, continuar\u00e1 respons\u00e1vel pelos fabricantes das chapas, como determina a resolu\u00e7\u00e3o 729\/2018 do Contran.<\/p>\n\n\n\n<p>O governo prop\u00f5e que a validade dos contratos seja ampliada de quatro para cinco anos e que n\u00e3o haja exclusividade na rela\u00e7\u00e3o entre fabricantes e estampadores.<br><\/p>\n\n\n\n<p><br><\/p>\n","protected":false},"excerpt":{"rendered":"<p>Al\u00e9m de confirmar na semana passada a continuidade da&nbsp;placa Mercosul no Brasil, o&nbsp;Minist\u00e9rio da Infraestrutura&nbsp;tamb\u00e9m far\u00e1 mudan\u00e7as nas regras para o modelo unificado, atualmente em vigor em sete estados (RJ, AM, BA, ES,&nbsp;PR, RN e RS). Com isso, o prazo para os demais estados implantarem o novo formato deve passar de 30 de junho (data-limite [&hellip;]<\/p>\n","protected":false},"author":2,"featured_media":10957,"comment_status":"open","ping_status":"open","sticky":false,"template":"","format":"standard","meta":{"advanced_seo_description":"","jetpack_seo_html_title":"","jetpack_seo_noindex":false,"_jetpack_memberships_contains_paid_content":false,"footnotes":""},"categories":[40],"tags":[],"class_list":{"0":"post-10956","1":"post","2":"type-post","3":"status-publish","4":"format-standard","5":"has-post-thumbnail","7":"category-destaques"},"jetpack_featured_media_url":"https:\/\/www.paranapraia.com.br\/wp-content\/uploads\/2019\/05\/placa.jpg","jetpack_sharing_enabled":true,"_links":{"self":[{"href":"https:\/\/www.paranapraia.com.br\/index.php\/wp-json\/wp\/v2\/posts\/10956"}],"collection":[{"href":"https:\/\/www.paranapraia.com.br\/index.php\/wp-json\/wp\/v2\/posts"}],"about":[{"href":"https:\/\/www.paranapraia.com.br\/index.php\/wp-json\/wp\/v2\/types\/post"}],"author":[{"embeddable":true,"href":"https:\/\/www.paranapraia.com.br\/index.php\/wp-json\/wp\/v2\/users\/2"}],"replies":[{"embeddable":true,"href":"https:\/\/www.paranapraia.com.br\/index.php\/wp-json\/wp\/v2\/comments?post=10956"}],"version-history":[{"count":1,"href":"https:\/\/www.paranapraia.com.br\/index.php\/wp-json\/wp\/v2\/posts\/10956\/revisions"}],"predecessor-version":[{"id":10958,"href":"https:\/\/www.paranapraia.com.br\/index.php\/wp-json\/wp\/v2\/posts\/10956\/revisions\/10958"}],"wp:featuredmedia":[{"embeddable":true,"href":"https:\/\/www.paranapraia.com.br\/index.php\/wp-json\/wp\/v2\/media\/10957"}],"wp:attachment":[{"href":"https:\/\/www.paranapraia.com.br\/index.php\/wp-json\/wp\/v2\/media?parent=10956"}],"wp:term":[{"taxonomy":"category","embeddable":true,"href":"https:\/\/www.paranapraia.com.br\/index.php\/wp-json\/wp\/v2\/categories?post=10956"},{"taxonomy":"post_tag","embeddable":true,"href":"https:\/\/www.paranapraia.com.br\/index.php\/wp-json\/wp\/v2\/tags?post=10956"}],"curies":[{"name":"wp","href":"https:\/\/api.w.org\/{rel}","templated":true}]}}