{"id":10944,"date":"2019-05-20T12:38:51","date_gmt":"2019-05-20T15:38:51","guid":{"rendered":"https:\/\/www.paranapraia.com.br\/?p=10944"},"modified":"2019-05-20T12:38:52","modified_gmt":"2019-05-20T15:38:52","slug":"e-grave-estado-de-saude-de-passageiro-em-carro-atingido-apos-briga-de-casal-no-taruma","status":"publish","type":"post","link":"https:\/\/www.paranapraia.com.br\/index.php\/2019\/05\/20\/e-grave-estado-de-saude-de-passageiro-em-carro-atingido-apos-briga-de-casal-no-taruma\/","title":{"rendered":"\u00c9 grave estado de sa\u00fade de passageiro em carro atingido ap\u00f3s briga de casal no Tarum\u00e3"},"content":{"rendered":"\n<h4 class=\"wp-block-heading\">Acidente foi na madrugada deste domingo (19), no viaduto do Tarum\u00e3<\/h4>\n\n\n\n<p>O\u00a0passageiro de 21 anos\u00a0que estava no\u00a0banco de tr\u00e1s do Palio atingido por uma caminhonete\u00a0na madrugada deste domingo (19), no\u00a0bairro Tarum\u00e3, em Curitiba, est\u00e1 internado em\u00a0estado grave no Hospital Cajuru. A informa\u00e7\u00e3o foi repassada na manh\u00e3 desta segunda-feira (20) pela prima da v\u00edtima, Andressa de Moraes.\u00a0Everson Correia\u00a0foi uma das cinco pessoas que ficaram feridas no acidente que envolveu um Palio e uma caminhonete no viaduto da\u00a0Avenida Victor Ferreira do Amaral.<\/p>\n\n\n\n<p>\u201cMeu primo estava no banco de tr\u00e1s do ve\u00edculo, no lado mais atingido pela caminhonete no acidente. Ele est\u00e1 em c\u00f3digo 3 (estado grav\u00edssimo). Os m\u00e9dicos disseram que ele quebrou a p\u00e9lvis, partiu o ba\u00e7o e teve traumatismo encef\u00e1lico\u201d, contou a prima em entrevista \u00e0 Banda B.<\/p>\n\n\n\n<p>De acordo com a Pol\u00edcia Rodovi\u00e1ria Federal (PRF), que atendeu a ocorr\u00eancia, o motorista da caminhonete discutiu com a mulher e teve o pesco\u00e7o arranhado por ela. Na discuss\u00e3o, o motorista perdeu o controle do carro e bateu contra a traseira do Palio.<\/p>\n\n\n\n<p>Segundo a PRF, o caso aconteceu por volta das 4h15. Na parte da frente do Palio estavam a motorista e a irm\u00e3 de Everson. Ao lado dele, no banco de tr\u00e1s, estava um amigo. Os tr\u00eas tiveram ferimentos leves e foram liberados no hospital. A esposa do condutor da caminhonete tamb\u00e9m sofreu ferimentos leves e foi para casa. Apenas Everson est\u00e1 internado.<\/p>\n\n\n\n<p>\u201cO que queremos \u00e9 que se fa\u00e7a justi\u00e7a. N\u00e3o \u00e9 poss\u00edvel que um ato de irresponsabilidade cause tanto estrago na vida de pessoas que estavam voltando pra casa de uma festa. Todos trabalhadores\u201d, disse Andressa.<\/p>\n\n\n\n<p>O dono da caminhonete se recusou a realizar o teste do baf\u00f4metro mas, segundo os policiais, n\u00e3o apresentava sinais de embriaguez.<\/p>\n\n\n\n<p>Segundo a fam\u00edlia, Everson mora no Umbar\u00e1 e trabalha na Ceasa, em Curitiba.<\/p>\n\n\n\n<p>BandaB<br><\/p>\n\n\n\n<p><br><\/p>\n","protected":false},"excerpt":{"rendered":"<p>Acidente foi na madrugada deste domingo (19), no viaduto do Tarum\u00e3 O\u00a0passageiro de 21 anos\u00a0que estava no\u00a0banco de tr\u00e1s do Palio atingido por uma caminhonete\u00a0na madrugada deste domingo (19), no\u00a0bairro Tarum\u00e3, em Curitiba, est\u00e1 internado em\u00a0estado grave no Hospital Cajuru. A informa\u00e7\u00e3o foi repassada na manh\u00e3 desta segunda-feira (20) pela prima da v\u00edtima, Andressa de [&hellip;]<\/p>\n","protected":false},"author":2,"featured_media":10945,"comment_status":"open","ping_status":"open","sticky":false,"template":"","format":"standard","meta":{"advanced_seo_description":"","jetpack_seo_html_title":"","jetpack_seo_noindex":false,"_jetpack_memberships_contains_paid_content":false,"footnotes":""},"categories":[52],"tags":[],"class_list":{"0":"post-10944","1":"post","2":"type-post","3":"status-publish","4":"format-standard","5":"has-post-thumbnail","7":"category-acidentes"},"jetpack_featured_media_url":"https:\/\/www.paranapraia.com.br\/wp-content\/uploads\/2019\/05\/palioo.jpg","jetpack_sharing_enabled":true,"_links":{"self":[{"href":"https:\/\/www.paranapraia.com.br\/index.php\/wp-json\/wp\/v2\/posts\/10944"}],"collection":[{"href":"https:\/\/www.paranapraia.com.br\/index.php\/wp-json\/wp\/v2\/posts"}],"about":[{"href":"https:\/\/www.paranapraia.com.br\/index.php\/wp-json\/wp\/v2\/types\/post"}],"author":[{"embeddable":true,"href":"https:\/\/www.paranapraia.com.br\/index.php\/wp-json\/wp\/v2\/users\/2"}],"replies":[{"embeddable":true,"href":"https:\/\/www.paranapraia.com.br\/index.php\/wp-json\/wp\/v2\/comments?post=10944"}],"version-history":[{"count":1,"href":"https:\/\/www.paranapraia.com.br\/index.php\/wp-json\/wp\/v2\/posts\/10944\/revisions"}],"predecessor-version":[{"id":10946,"href":"https:\/\/www.paranapraia.com.br\/index.php\/wp-json\/wp\/v2\/posts\/10944\/revisions\/10946"}],"wp:featuredmedia":[{"embeddable":true,"href":"https:\/\/www.paranapraia.com.br\/index.php\/wp-json\/wp\/v2\/media\/10945"}],"wp:attachment":[{"href":"https:\/\/www.paranapraia.com.br\/index.php\/wp-json\/wp\/v2\/media?parent=10944"}],"wp:term":[{"taxonomy":"category","embeddable":true,"href":"https:\/\/www.paranapraia.com.br\/index.php\/wp-json\/wp\/v2\/categories?post=10944"},{"taxonomy":"post_tag","embeddable":true,"href":"https:\/\/www.paranapraia.com.br\/index.php\/wp-json\/wp\/v2\/tags?post=10944"}],"curies":[{"name":"wp","href":"https:\/\/api.w.org\/{rel}","templated":true}]}}