{"id":10939,"date":"2019-05-20T12:30:55","date_gmt":"2019-05-20T15:30:55","guid":{"rendered":"https:\/\/www.paranapraia.com.br\/?p=10939"},"modified":"2019-05-20T12:31:27","modified_gmt":"2019-05-20T15:31:27","slug":"falta-de-higiene-bucal-pode-provar-problemas-cardiacos-entenda","status":"publish","type":"post","link":"https:\/\/www.paranapraia.com.br\/index.php\/2019\/05\/20\/falta-de-higiene-bucal-pode-provar-problemas-cardiacos-entenda\/","title":{"rendered":"Falta de higiene bucal pode provocar problemas card\u00edacos; entenda"},"content":{"rendered":"\n<p>Voc\u00ea sabia que investir na sa\u00fade bucal pode prevenir, at\u00e9 mesmo, doen\u00e7as card\u00edacas? Al\u00e9m de c\u00e1rie, gengivite e mau h\u00e1lito, a falta de cuidado com a higiene bucal pode gerar problemas como arritmia, endocardite bacteriana, acidente vascular cerebral (AVC) e, at\u00e9 mesmo, infarto. Isso acontece porque, de acordo com o Instituto do Cora\u00e7\u00e3o (InCor), da Universidade de S\u00e3o Paulo (USP), 45% das doen\u00e7as card\u00edacas t\u00eam in\u00edcio na cavidade bucal.<\/p>\n\n\n\n<p>Para ajudar os curitibanos a avaliar se est\u00e3o em dia com a sa\u00fade bucal, a Secretaria Municipal da Sa\u00fade incluiu no Portal do Programa Escute o Seu Cora\u00e7\u00e3o um teste sobre o tema. O quiz \u00e9 composto por seis perguntas, em que o paciente pode refletir sobre a escova\u00e7\u00e3o, uso de fio dental, apar\u00eancia dos dentes e gengivas. A cada resposta, o portal disponibiliza informa\u00e7\u00f5es e orienta\u00e7\u00f5es ao internauta, apontando se ele est\u00e1 no caminho certo ou se precisa de mais aten\u00e7\u00e3o no cuidado bucal.<br><\/p>\n\n\n\n<p>O teste tamb\u00e9m orienta um autoexame da boca \u2013 que conta com o aux\u00edlio de um espelho \u2013 e indica as unidades de sa\u00fade mais pr\u00f3ximas do endere\u00e7o do usu\u00e1rio. Todas as 111 unidades de sa\u00fade de Curitiba ofertam servi\u00e7os de Odontologia. A ferramenta incentiva o autocuidado e a auto avalia\u00e7\u00e3o dos h\u00e1bitos de escova\u00e7\u00e3o, mas n\u00e3o substitui a visita peri\u00f3dica ao dentista.<\/p>\n\n\n\n<h2 class=\"wp-block-heading\">Sa\u00fade da boca e do cora\u00e7\u00e3o<\/h2>\n\n\n\n<p>De acordo coordenadora de Sa\u00fade Bucal da Secretaria Municipal da Sa\u00fade, Viviane Gubert, a boca tem muitas bact\u00e9rias e feridas, que s\u00e3o atalhos para que bact\u00e9rias nocivas entrem na corrente sangu\u00ednea e se instalem em art\u00e9rias e at\u00e9 mesmo no cora\u00e7\u00e3o.<\/p>\n\n\n\n<h2 class=\"wp-block-heading\">O programa<\/h2>\n\n\n\n<p>O Escute o seu Cora\u00e7\u00e3o \u00e9 um programa da Prefeitura que pretende cuidar do cora\u00e7\u00e3o dos curitibanos, estimulando estilos de vida saud\u00e1veis, a promo\u00e7\u00e3o da sa\u00fade e a preven\u00e7\u00e3o de doen\u00e7as cardiovasculares.<\/p>\n\n\n\n<p>O teste da sa\u00fade bucal \u00e9 mais um dos testes propostos pelo portal do Programa Escute o Seu Cora\u00e7\u00e3o. Al\u00e9m dele, h\u00e1 outros seis, sobre alimenta\u00e7\u00e3o saud\u00e1vel, atividade f\u00edsica, peso corporal, n\u00edvel de estresse, tabagismo e consumo de \u00e1lcool, todos com orienta\u00e7\u00f5es para ado\u00e7\u00e3o de h\u00e1bitos mais saud\u00e1veis em cada \u00e1rea.<\/p>\n\n\n\n<p>Informa\u00e7\u00f5es Prefeitura de Curitiba<a href=\"https:\/\/api.whatsapp.com\/send?text=Falta%20de%20higiene%20bucal%20pode%20provar%20problemas%20card%C3%ADacos;%20entenda%20https%3a%2f%2fmassanews.com%2fnoticias%2fciencia-e-saude%2ffalta-de-higiene-bucal-pode-provar-problemas-cardiacos-entenda-n8pW8.html%3futm_source%3dwhatsapp%26utm_medium%3dshare%26utm_content%3dnoticias__ciencia-e-saude%26utm_campaign%3dfalta-de-higiene-bucal-pode-provar-problemas-cardiacos-entenda-n8pW8\" target=\"_blank\" rel=\"noreferrer noopener\"><br>\n\n<\/a><\/p>\n","protected":false},"excerpt":{"rendered":"<p>Voc\u00ea sabia que investir na sa\u00fade bucal pode prevenir, at\u00e9 mesmo, doen\u00e7as card\u00edacas? Al\u00e9m de c\u00e1rie, gengivite e mau h\u00e1lito, a falta de cuidado com a higiene bucal pode gerar problemas como arritmia, endocardite bacteriana, acidente vascular cerebral (AVC) e, at\u00e9 mesmo, infarto. Isso acontece porque, de acordo com o Instituto do Cora\u00e7\u00e3o (InCor), da [&hellip;]<\/p>\n","protected":false},"author":2,"featured_media":10940,"comment_status":"open","ping_status":"open","sticky":false,"template":"","format":"standard","meta":{"advanced_seo_description":"","jetpack_seo_html_title":"","jetpack_seo_noindex":false,"_jetpack_memberships_contains_paid_content":false,"footnotes":""},"categories":[50],"tags":[],"class_list":{"0":"post-10939","1":"post","2":"type-post","3":"status-publish","4":"format-standard","5":"has-post-thumbnail","7":"category-saude"},"jetpack_featured_media_url":"https:\/\/www.paranapraia.com.br\/wp-content\/uploads\/2019\/05\/dent.jpg","jetpack_sharing_enabled":true,"_links":{"self":[{"href":"https:\/\/www.paranapraia.com.br\/index.php\/wp-json\/wp\/v2\/posts\/10939"}],"collection":[{"href":"https:\/\/www.paranapraia.com.br\/index.php\/wp-json\/wp\/v2\/posts"}],"about":[{"href":"https:\/\/www.paranapraia.com.br\/index.php\/wp-json\/wp\/v2\/types\/post"}],"author":[{"embeddable":true,"href":"https:\/\/www.paranapraia.com.br\/index.php\/wp-json\/wp\/v2\/users\/2"}],"replies":[{"embeddable":true,"href":"https:\/\/www.paranapraia.com.br\/index.php\/wp-json\/wp\/v2\/comments?post=10939"}],"version-history":[{"count":2,"href":"https:\/\/www.paranapraia.com.br\/index.php\/wp-json\/wp\/v2\/posts\/10939\/revisions"}],"predecessor-version":[{"id":10942,"href":"https:\/\/www.paranapraia.com.br\/index.php\/wp-json\/wp\/v2\/posts\/10939\/revisions\/10942"}],"wp:featuredmedia":[{"embeddable":true,"href":"https:\/\/www.paranapraia.com.br\/index.php\/wp-json\/wp\/v2\/media\/10940"}],"wp:attachment":[{"href":"https:\/\/www.paranapraia.com.br\/index.php\/wp-json\/wp\/v2\/media?parent=10939"}],"wp:term":[{"taxonomy":"category","embeddable":true,"href":"https:\/\/www.paranapraia.com.br\/index.php\/wp-json\/wp\/v2\/categories?post=10939"},{"taxonomy":"post_tag","embeddable":true,"href":"https:\/\/www.paranapraia.com.br\/index.php\/wp-json\/wp\/v2\/tags?post=10939"}],"curies":[{"name":"wp","href":"https:\/\/api.w.org\/{rel}","templated":true}]}}