{"id":10929,"date":"2019-05-20T12:15:21","date_gmt":"2019-05-20T15:15:21","guid":{"rendered":"https:\/\/www.paranapraia.com.br\/?p=10929"},"modified":"2019-05-20T12:15:22","modified_gmt":"2019-05-20T15:15:22","slug":"homem-que-atropelou-seis-pessoas-em-almirante-tamandare-nao-tem-habilitacao-para-dirigir-diz-policia","status":"publish","type":"post","link":"https:\/\/www.paranapraia.com.br\/index.php\/2019\/05\/20\/homem-que-atropelou-seis-pessoas-em-almirante-tamandare-nao-tem-habilitacao-para-dirigir-diz-policia\/","title":{"rendered":"Homem que atropelou seis pessoas em Almirante Tamandar\u00e9 n\u00e3o tem habilita\u00e7\u00e3o para dirigir, diz pol\u00edcia"},"content":{"rendered":"\n<h4 class=\"wp-block-heading\">De acordo com o delegado, homem estava embriagado no momento do atropelamento. Testemunhas dizem que motorista fugiu sem prestar socorro.<\/h4>\n\n\n\n<p>O homem que<a href=\"https:\/\/g1.globo.com\/pr\/parana\/noticia\/2019\/05\/19\/motorista-embriagado-atropela-seis-pessoas-e-foge-sem-prestar-socorro-em-almirante-tamandare.ghtml\">&nbsp;atropelou seis pessoas em Almirante Tamandar\u00e9<\/a>, na Regi\u00e3o Metropolitana de Curitiba (RMC) e fugiu sem prestar socorro n\u00e3o tinha habilita\u00e7\u00e3o para dirigir, de acordo com a Pol\u00edcia Civil.<\/p>\n\n\n\n<p>O atropelamento aconteceu na noite de s\u00e1bado (18). Segundo o delegado da Delegacia de Almirante Tamandat\u00e9, Tiago Dantas, o motorista estava alcoolizado e trafegava na contram\u00e3o, em zigue-zague e em uma velocidade &#8220;incompat\u00edvel com a via&#8221;.<\/p>\n\n\n\n<p>Logo ap\u00f3s o atropelamento, a Pol\u00edcia Militar identificou o motorista pela placa do carro e pelo para-brisa quebrado. O homem, de 30 anos, foi preso. A Pol\u00edcia Civil verificou que ele n\u00e3o tem Carteira Nacional de Habilita\u00e7\u00e3o (CNH).<\/p>\n\n\n\n<figure class=\"wp-block-image\"><img decoding=\"async\" src=\"https:\/\/s2.glbimg.com\/MNEGSCkszqkKgEkjGPufyxGtGjo=\/0x0:1209x656\/984x0\/smart\/filters:strip_icc()\/i.s3.glbimg.com\/v1\/AUTH_59edd422c0c84a879bd37670ae4f538a\/internal_photos\/bs\/2019\/l\/9\/SC1v0hRkmU1fS3ViLkBQ\/seis-pessoas-atropeladas-1.jpg\" alt=\"De acordo com o delegado que investiga o caso, motorista andava na contram\u00e3o e em alta velocidade. \u2014 Foto: Reprodu\u00e7\u00e3o\/RPC\"\/><\/figure>\n\n\n\n<p>De acordo com o delegado que investiga o caso, motorista andava na contram\u00e3o e em alta velocidade. \u2014 Foto: Reprodu\u00e7\u00e3o\/RPC<\/p>\n\n\n\n<p>Na delegacia, o motorista afirmou aos policiais que n\u00e3o estava b\u00eabado no momento do atropelamento. O teste do baf\u00f4metro, feito ap\u00f3s o acidente, apontou a presen\u00e7a de 0,7 miligramas de \u00e1lcool por litro de ar expelido, mas o rapaz afirmou que bebeu em casa, ap\u00f3s a ocorr\u00eancia.<\/p>\n\n\n\n<p>O motorista tamb\u00e9m afirmou que estava trocando o r\u00e1dio do carro no momento do acidente.<\/p>\n\n\n\n<h2 class=\"wp-block-heading\">Fuga do local<\/h2>\n\n\n\n<p>Aguinaldo Silva, que estava pr\u00f3ximo do local e ajudou no socorro \u00e0s v\u00edtimas, afirmou que o carro se lan\u00e7ou para cima das seis pessoas que estavam na cal\u00e7ada. &#8220;Ele arrastou uma das mo\u00e7as por alguns metros e fugiu&#8221;, afirmou.<\/p>\n\n\n\n<p>Dos seis feridos, cinco s\u00e3o de uma mesma fam\u00edlia e foram encaminhadas ao Hospital Evang\u00e9lico. Quatro foram liberadas ap\u00f3s a triagem. Maria Rodrigues Santos Lisboa, de 49 anos, precisou passar por uma cirurgia por causa de uma fratura em uma das pernas e est\u00e1 em estado est\u00e1vel, aguardando alta.<\/p>\n\n\n\n<p>A outra v\u00edtima, Fl\u00e1via Garcia, de 18 anos, foi encaminhada ao Hospital Cajuru. Ele teve fraturas nas duas pernas, mas tamb\u00e9m est\u00e1 internada em estado est\u00e1vel.<\/p>\n\n\n\n<p>G1PR<br><\/p>\n\n\n\n<p><br><\/p>\n","protected":false},"excerpt":{"rendered":"<p>De acordo com o delegado, homem estava embriagado no momento do atropelamento. Testemunhas dizem que motorista fugiu sem prestar socorro. O homem que&nbsp;atropelou seis pessoas em Almirante Tamandar\u00e9, na Regi\u00e3o Metropolitana de Curitiba (RMC) e fugiu sem prestar socorro n\u00e3o tinha habilita\u00e7\u00e3o para dirigir, de acordo com a Pol\u00edcia Civil. O atropelamento aconteceu na noite [&hellip;]<\/p>\n","protected":false},"author":2,"featured_media":10931,"comment_status":"open","ping_status":"open","sticky":false,"template":"","format":"standard","meta":{"advanced_seo_description":"","jetpack_seo_html_title":"","jetpack_seo_noindex":false,"_jetpack_memberships_contains_paid_content":false,"footnotes":""},"categories":[40],"tags":[],"class_list":{"0":"post-10929","1":"post","2":"type-post","3":"status-publish","4":"format-standard","5":"has-post-thumbnail","7":"category-destaques"},"jetpack_featured_media_url":"https:\/\/www.paranapraia.com.br\/wp-content\/uploads\/2019\/05\/hom.jpg","jetpack_sharing_enabled":true,"_links":{"self":[{"href":"https:\/\/www.paranapraia.com.br\/index.php\/wp-json\/wp\/v2\/posts\/10929"}],"collection":[{"href":"https:\/\/www.paranapraia.com.br\/index.php\/wp-json\/wp\/v2\/posts"}],"about":[{"href":"https:\/\/www.paranapraia.com.br\/index.php\/wp-json\/wp\/v2\/types\/post"}],"author":[{"embeddable":true,"href":"https:\/\/www.paranapraia.com.br\/index.php\/wp-json\/wp\/v2\/users\/2"}],"replies":[{"embeddable":true,"href":"https:\/\/www.paranapraia.com.br\/index.php\/wp-json\/wp\/v2\/comments?post=10929"}],"version-history":[{"count":1,"href":"https:\/\/www.paranapraia.com.br\/index.php\/wp-json\/wp\/v2\/posts\/10929\/revisions"}],"predecessor-version":[{"id":10932,"href":"https:\/\/www.paranapraia.com.br\/index.php\/wp-json\/wp\/v2\/posts\/10929\/revisions\/10932"}],"wp:featuredmedia":[{"embeddable":true,"href":"https:\/\/www.paranapraia.com.br\/index.php\/wp-json\/wp\/v2\/media\/10931"}],"wp:attachment":[{"href":"https:\/\/www.paranapraia.com.br\/index.php\/wp-json\/wp\/v2\/media?parent=10929"}],"wp:term":[{"taxonomy":"category","embeddable":true,"href":"https:\/\/www.paranapraia.com.br\/index.php\/wp-json\/wp\/v2\/categories?post=10929"},{"taxonomy":"post_tag","embeddable":true,"href":"https:\/\/www.paranapraia.com.br\/index.php\/wp-json\/wp\/v2\/tags?post=10929"}],"curies":[{"name":"wp","href":"https:\/\/api.w.org\/{rel}","templated":true}]}}