{"id":10908,"date":"2019-05-20T11:27:05","date_gmt":"2019-05-20T14:27:05","guid":{"rendered":"https:\/\/www.paranapraia.com.br\/?p=10908"},"modified":"2019-05-20T11:31:06","modified_gmt":"2019-05-20T14:31:06","slug":"10908","status":"publish","type":"post","link":"https:\/\/www.paranapraia.com.br\/index.php\/2019\/05\/20\/10908\/","title":{"rendered":"Bolsonaro tenta estancar crise em semana de press\u00e3o por votos e apoio nas ruas"},"content":{"rendered":"\n<p>Ap\u00f3s uma semana de press\u00e3o nas ruas e de derrotas no Congresso,  o presidente Jair Bolsonaro (PSL) precisar\u00e1 reorganizar a fr\u00e1gil  articula\u00e7\u00e3o com o Legislativo para garantir em menos de 15 dias a  aprova\u00e7\u00e3o de 11 medidas provis\u00f3rias prestes a expirar. A maioria delas  tem relevante impacto econ\u00f4mico e na estrutura administrativa do  governo.<\/p>\n\n\n\n<p>Em outra frente, o presidente tentar\u00e1 mostrar que mant\u00e9m o apoio  popular conquistado nas urnas em outubro, quando ele foi eleito com  quase 58 milh\u00f5es de votos. Est\u00e1 marcada para o pr\u00f3ximo domingo (26) uma s\u00e9rie de atos em defesa da gest\u00e3o Bolsonaro.<\/p>\n\n\n\n<p>A convocat\u00f3ria de manifesta\u00e7\u00f5es em seu favor \u00e9 uma resposta aos protestos do \u00faltimo dia 15, organizados por alunos e professores e que levaram pessoas a marcharem contra a\u00e7\u00f5es do governo em dezenas de cidades do pa\u00eds.<\/p>\n\n\n\n<p>Ao mesmo tempo, o Pal\u00e1cio do Planalto busca trazer de volta \u00e0 pauta a reforma da Previd\u00eancia, ofuscada por novos indicadores ruins para a economia e pelas investiga\u00e7\u00f5es que atingem o filho mais velho do presidente, o senador Fl\u00e1vio Bolsonaro (PSC-RJ).<\/p>\n\n\n\n<p>A semana j\u00e1 come\u00e7a com o clima acirrado na rela\u00e7\u00e3o entre Planalto e  Congresso. Isso ap\u00f3s Bolsonaro ter distribu\u00eddo e endossado na  sexta-feira (17) uma mensagem segundo a qual o pa\u00eds &#8220;\u00e9 ingovern\u00e1vel&#8221; sem os &#8220;conchavos&#8221; que ele se recusa a fazer.<\/p>\n\n\n\n<p>O texto foi lido por l\u00edderes do Legislativo como mais um sinal de desrespeito do presidente aos parlamentares.<\/p>\n\n\n\n<p>Segundo eles, Bolsonaro est\u00e1 &#8220;jogando para a plateia&#8221; e terceirizando\n para a C\u00e2mara e o Senado a responsabilidade de governar o pa\u00eds.<\/p>\n\n\n\n<p>Em meio \u00e0s rea\u00e7\u00f5es ao texto, o presidente ainda divulgou nota na qual\n diz que vem colocando todo seu esfor\u00e7o para governar, mas que \nenfrentava a resist\u00eancia dos que se beneficiaram no passado de rela\u00e7\u00f5es \n&#8220;pouco republicanas&#8221;, gesto que incomodou ainda mais o Congresso.<\/p>\n\n\n\n<p>Na lista de prioridades do governo, est\u00e1 a MP que mudou a estrutura da Esplanada,  mexeu com fun\u00e7\u00f5es de minist\u00e9rios e reduziu para 22 o n\u00famero de pastas.  Se a medida provis\u00f3ria n\u00e3o for aprovada por C\u00e2mara e Senado em duas  semanas, o texto expira e o governo ser\u00e1 obrigado a retomar a estrutura  anterior, com 29 minist\u00e9rios.<\/p>\n\n\n\n<p>O deputado Eduardo Bolsonaro (PSL-SP), filho do presidente, escreveu  nas redes sociais que &#8220;ningu\u00e9m vota pela cria\u00e7\u00e3o de mais sete  minist\u00e9rios pensando no Brasil&#8221;, em tom de provoca\u00e7\u00e3o \u00e0 possibilidade de  os parlamentares deixarem de aprovar a MP.<\/p>\n\n\n\n<p>Al\u00e9m da oposi\u00e7\u00e3o, as derrotas recentes do governo no Congresso contam\n como patrocinador o chamado centr\u00e3o, grupo informal de partidos formado\n por DEM, PSD, PTB, PP, PR, entre outros.<\/p>\n\n\n\n<p>O DEM, por exemplo, comanda a C\u00e2mara, o Senado e tr\u00eas minist\u00e9rios do governo.<\/p>\n\n\n\n<p>O l\u00edder de um desses partidos do centr\u00e3o diz de forma reservada que \u00e9\n preciso esperar o in\u00edcio da semana para sentir o clima para vota\u00e7\u00e3o. \nSegundo ele, Bolsonaro muda rapidamente de opini\u00e3o, o que prejudica \neventuais acordos.<\/p>\n\n\n\n<p>Partidos que se dizem independentes querem votar as MPs, em especial a\n da estrutura do governo. &#8220;O Congresso n\u00e3o pode dar margem para os \ndiscursos do presidente de virar v\u00edtima&#8221;, diz o l\u00edder do Podemos na \nC\u00e2mara, Jos\u00e9 Nelto (GO). &#8220;A gente tem que votar para n\u00e3o caducar. Est\u00e1 \nna pauta&#8221;, afirma o l\u00edder do Solidariedade, Augusto Coutinho (PE).<\/p>\n\n\n\n<p>Um dos principais problemas, por\u00e9m, \u00e9 a desarticula\u00e7\u00e3o pol\u00edtica do \nPlanalto. &#8220;N\u00e3o mudou nada. N\u00e3o h\u00e1 nenhuma interlocu\u00e7\u00e3o&#8221;, diz Nelto.<\/p>\n\n\n\n<p>O governo enfrenta dificuldades para consolidar uma base de apoio no \nCongresso e coleciona derrotas. A mais recente foi a convoca\u00e7\u00e3o na \nsemana passada do ministro da Educa\u00e7\u00e3o, Abraham Weintraub. O ministro \nfoi obrigado a comparecer ao Congresso por uma esmagadora maioria &#8211;307 \nvotos favor\u00e1veis e apenas 82 contr\u00e1rios.&nbsp;<\/p>\n\n\n\n<p>Em meio \u00e0 aus\u00eancia de apoio no Legislativo, Bolsonaro tenta fazer um \napelo \u00e0 popula\u00e7\u00e3o para se mostrar forte. Seus aliados convocam para o \npr\u00f3ximo domingo (26) atos em defesa do presidente.<\/p>\n\n\n\n<p>A medida gerou cr\u00edticas inclusive de integrantes do PSL, como a deputada estadual Janaina Paschoal (PSL-SP), que chegou a ser cotada para a vice-Presid\u00eancia durante a campanha eleitoral.<\/p>\n\n\n\n<p>&#8220;Pelo amor de Deus, parem as convoca\u00e7\u00f5es! Essas pessoas precisam de  um choque de realidade. N\u00e3o tem sentido quem est\u00e1 com o poder convocar  manifesta\u00e7\u00f5es! Raciocinem! Eu s\u00f3 pe\u00e7o o b\u00e1sico! Reflitam!&#8221;, escreveu a  deputada estadual em uma rede social neste domingo (19).<\/p>\n\n\n\n<p>No final de semana, encurralado por uma rela\u00e7\u00e3o desgastada com o \nCongresso, Bolsonaro apostou nas redes sociais para fazer sua defesa.<\/p>\n\n\n\n<p>No s\u00e1bado (18), al\u00e9m de acenar para f\u00e3s na porta do Alvorada, escreveu que &#8220;somente com o apoio de todos voc\u00eas poderemos mudar de vez o futuro do nosso Brasil&#8221;.\u00a0<\/p>\n\n\n\n<p>J\u00e1 no domingo, ao postar um v\u00eddeo com mensagem de um pastor que o \ndefende como um pol\u00edtico &#8220;estabelecido por Deus&#8221; para guiar o Brasil, o \npresidente escreveu que &#8220;n\u00e3o existe teoria da conspira\u00e7\u00e3o, existe uma \nmudan\u00e7a de paradigma na pol\u00edtica&#8221; e que &#8220;quem deve ditar os rumos do \npa\u00eds \u00e9 o povo! Assim s\u00e3o as democracias&#8221;.<\/p>\n\n\n\n<h3 class=\"wp-block-heading\">Desafios de Bolsonaro nas pr\u00f3ximas semanas<\/h3>\n\n\n\n<p><strong>MPs a vencer<\/strong><br>\nExistem 11 medidas provis\u00f3rias em tramita\u00e7\u00e3o no Congresso que expiram \nat\u00e9 3 de junho. Algumas delas s\u00e3o de autoria do governo, como a reforma \nadministrativa. Outras, consideradas importantes pela equipe econ\u00f4mica, \ns\u00e3o heran\u00e7a do governo Temer, como a que abre o setor a\u00e9reo para o \ncapital estrangeiro<\/p>\n\n\n\n<p><strong>Decreto das armas<\/strong><br> Governo precisa conter a tentativa do Legislativo de derrubar o decreto que flexibiliza o porte de armas no Brasil<\/p>\n\n\n\n<p><strong>Reforma da Previd\u00eancia<\/strong><br>\nPartidos do centr\u00e3o querem lan\u00e7ar um projeto alternativo \u00e0 proposta do governo<\/p>\n\n\n\n<p><strong>Movimento das ruas<\/strong><br>\nAl\u00e9m da tens\u00e3o com o Congresso, o governo ter\u00e1 de conter novas \nmanifesta\u00e7\u00f5es populares e estimular que cidad\u00e3os saiam \u00e0s ruas a seu \nfavor. Est\u00e1 previsto um ato no pr\u00f3ximo domingo (26) em apoio a \nBolsonaro. Estudantes e professores, por sua vez, chamam novo ato contra\n cortes na educa\u00e7\u00e3o para o dia 30, uma quinta-feira<\/p>\n\n\n\n<p><strong>Fl\u00e1vio Bolsonaro<\/strong><br> Novos desdobramentos das apura\u00e7\u00f5es que envolvem o senador, filho de Bolsonaro, podem atingir o presidente<\/p>\n\n\n\n<p>Folha Uol<\/p>\n","protected":false},"excerpt":{"rendered":"<p>Ap\u00f3s uma semana de press\u00e3o nas ruas e de derrotas no Congresso, o presidente Jair Bolsonaro (PSL) precisar\u00e1 reorganizar a fr\u00e1gil articula\u00e7\u00e3o com o Legislativo para garantir em menos de 15 dias a aprova\u00e7\u00e3o de 11 medidas provis\u00f3rias prestes a expirar. A maioria delas tem relevante impacto econ\u00f4mico e na estrutura administrativa do governo. Em [&hellip;]<\/p>\n","protected":false},"author":2,"featured_media":10909,"comment_status":"open","ping_status":"open","sticky":false,"template":"","format":"standard","meta":{"advanced_seo_description":"","jetpack_seo_html_title":"","jetpack_seo_noindex":false,"_jetpack_memberships_contains_paid_content":false,"footnotes":""},"categories":[32],"tags":[],"class_list":{"0":"post-10908","1":"post","2":"type-post","3":"status-publish","4":"format-standard","5":"has-post-thumbnail","7":"category-politica"},"jetpack_featured_media_url":"https:\/\/www.paranapraia.com.br\/wp-content\/uploads\/2019\/05\/obo.jpg","jetpack_sharing_enabled":true,"_links":{"self":[{"href":"https:\/\/www.paranapraia.com.br\/index.php\/wp-json\/wp\/v2\/posts\/10908"}],"collection":[{"href":"https:\/\/www.paranapraia.com.br\/index.php\/wp-json\/wp\/v2\/posts"}],"about":[{"href":"https:\/\/www.paranapraia.com.br\/index.php\/wp-json\/wp\/v2\/types\/post"}],"author":[{"embeddable":true,"href":"https:\/\/www.paranapraia.com.br\/index.php\/wp-json\/wp\/v2\/users\/2"}],"replies":[{"embeddable":true,"href":"https:\/\/www.paranapraia.com.br\/index.php\/wp-json\/wp\/v2\/comments?post=10908"}],"version-history":[{"count":2,"href":"https:\/\/www.paranapraia.com.br\/index.php\/wp-json\/wp\/v2\/posts\/10908\/revisions"}],"predecessor-version":[{"id":10911,"href":"https:\/\/www.paranapraia.com.br\/index.php\/wp-json\/wp\/v2\/posts\/10908\/revisions\/10911"}],"wp:featuredmedia":[{"embeddable":true,"href":"https:\/\/www.paranapraia.com.br\/index.php\/wp-json\/wp\/v2\/media\/10909"}],"wp:attachment":[{"href":"https:\/\/www.paranapraia.com.br\/index.php\/wp-json\/wp\/v2\/media?parent=10908"}],"wp:term":[{"taxonomy":"category","embeddable":true,"href":"https:\/\/www.paranapraia.com.br\/index.php\/wp-json\/wp\/v2\/categories?post=10908"},{"taxonomy":"post_tag","embeddable":true,"href":"https:\/\/www.paranapraia.com.br\/index.php\/wp-json\/wp\/v2\/tags?post=10908"}],"curies":[{"name":"wp","href":"https:\/\/api.w.org\/{rel}","templated":true}]}}