{"id":10900,"date":"2019-05-20T11:04:56","date_gmt":"2019-05-20T14:04:56","guid":{"rendered":"https:\/\/www.paranapraia.com.br\/?p=10900"},"modified":"2019-05-20T11:04:57","modified_gmt":"2019-05-20T14:04:57","slug":"projeto-estabelece-que-comunidade-seja-consultada-em-caso-de-fechamento-de-escola","status":"publish","type":"post","link":"https:\/\/www.paranapraia.com.br\/index.php\/2019\/05\/20\/projeto-estabelece-que-comunidade-seja-consultada-em-caso-de-fechamento-de-escola\/","title":{"rendered":"Projeto estabelece que comunidade seja consultada em caso de fechamento de escola"},"content":{"rendered":"\n<p>O deputado Marcel Micheletto (PR) apresentou um projeto de&nbsp;<a href=\"javascript:void(0)\">lei<\/a>&nbsp;na&nbsp;<a href=\"javascript:void(0)\">Assembleia Legislativa<\/a>&nbsp;do Paran\u00e1 (ALEP) que obriga o&nbsp;<a href=\"javascript:void(0)\">Poder Executivo<\/a>&nbsp;a ouvir a comunidade em audi\u00eancia p\u00fablica em caso de inten\u00e7\u00e3o de fechamento de uma unidade p\u00fablica de ensino por parte do Governo. A proposta estabelece que o N\u00facleo Regional de Educa\u00e7\u00e3o dever\u00e1 fazer um comunicado \u00e0 dire\u00e7\u00e3o da escola, por meio de of\u00edcio, com seis meses de anteced\u00eancia.<\/p>\n\n\n\n<p>O documento deve conter estudo pr\u00e9vio, justificativa, impacto or\u00e7ament\u00e1rio e o destino da utiliza\u00e7\u00e3o do im\u00f3vel. O parlamentar defende que a medida tornar\u00e1 o fato de conhecimento p\u00fablico: \u201cO que queremos \u00e9 dar publicidade para o fato e evitar o fechamento de escolas sem o devido debate, pois da mesma forma que a comunidade \u00e9 consultada para a abertura de uma escola, ela tamb\u00e9m deve ser consultada quando h\u00e1 inten\u00e7\u00e3o de fech\u00e1-la\u201d.<\/p>\n\n\n\n<p><strong>Conhecimento<\/strong>\u00a0\u2013 A proposta torna obrigat\u00f3ria a realiza\u00e7\u00e3o de uma audi\u00eancia p\u00fablica, garantindo que a comunidade tenha tempo h\u00e1bil para contestar os argumentos apresentando outros fatores, como: demandas de alunos, import\u00e2ncia geogr\u00e1fica, hist\u00f3rica, entre outros.\u00a0 \u201cA comunidade precisa ser ouvida de forma exaustiva antes de tomar uma decis\u00e3o importante como essa, pois quando fechamos uma escola, fechamos a comunidade, fechamos o conhecimento\u201d, frisa o deputado. Micheletto vai al\u00e9m ao afirmar que \u201cmuitas dessas escolas est\u00e3o inseridas nos bairros h\u00e1 d\u00e9cadas, o que deve ser levado em considera\u00e7\u00e3o\u201d, finalizou.<\/p>\n\n\n\n<p>Assessoria<br><\/p>\n","protected":false},"excerpt":{"rendered":"<p>O deputado Marcel Micheletto (PR) apresentou um projeto de&nbsp;lei&nbsp;na&nbsp;Assembleia Legislativa&nbsp;do Paran\u00e1 (ALEP) que obriga o&nbsp;Poder Executivo&nbsp;a ouvir a comunidade em audi\u00eancia p\u00fablica em caso de inten\u00e7\u00e3o de fechamento de uma unidade p\u00fablica de ensino por parte do Governo. A proposta estabelece que o N\u00facleo Regional de Educa\u00e7\u00e3o dever\u00e1 fazer um comunicado \u00e0 dire\u00e7\u00e3o da escola, [&hellip;]<\/p>\n","protected":false},"author":2,"featured_media":10901,"comment_status":"open","ping_status":"open","sticky":false,"template":"","format":"standard","meta":{"advanced_seo_description":"","jetpack_seo_html_title":"","jetpack_seo_noindex":false,"_jetpack_memberships_contains_paid_content":false,"footnotes":""},"categories":[32],"tags":[],"class_list":{"0":"post-10900","1":"post","2":"type-post","3":"status-publish","4":"format-standard","5":"has-post-thumbnail","7":"category-politica"},"jetpack_featured_media_url":"https:\/\/www.paranapraia.com.br\/wp-content\/uploads\/2019\/05\/careca-1.jpg","jetpack_sharing_enabled":true,"_links":{"self":[{"href":"https:\/\/www.paranapraia.com.br\/index.php\/wp-json\/wp\/v2\/posts\/10900"}],"collection":[{"href":"https:\/\/www.paranapraia.com.br\/index.php\/wp-json\/wp\/v2\/posts"}],"about":[{"href":"https:\/\/www.paranapraia.com.br\/index.php\/wp-json\/wp\/v2\/types\/post"}],"author":[{"embeddable":true,"href":"https:\/\/www.paranapraia.com.br\/index.php\/wp-json\/wp\/v2\/users\/2"}],"replies":[{"embeddable":true,"href":"https:\/\/www.paranapraia.com.br\/index.php\/wp-json\/wp\/v2\/comments?post=10900"}],"version-history":[{"count":1,"href":"https:\/\/www.paranapraia.com.br\/index.php\/wp-json\/wp\/v2\/posts\/10900\/revisions"}],"predecessor-version":[{"id":10902,"href":"https:\/\/www.paranapraia.com.br\/index.php\/wp-json\/wp\/v2\/posts\/10900\/revisions\/10902"}],"wp:featuredmedia":[{"embeddable":true,"href":"https:\/\/www.paranapraia.com.br\/index.php\/wp-json\/wp\/v2\/media\/10901"}],"wp:attachment":[{"href":"https:\/\/www.paranapraia.com.br\/index.php\/wp-json\/wp\/v2\/media?parent=10900"}],"wp:term":[{"taxonomy":"category","embeddable":true,"href":"https:\/\/www.paranapraia.com.br\/index.php\/wp-json\/wp\/v2\/categories?post=10900"},{"taxonomy":"post_tag","embeddable":true,"href":"https:\/\/www.paranapraia.com.br\/index.php\/wp-json\/wp\/v2\/tags?post=10900"}],"curies":[{"name":"wp","href":"https:\/\/api.w.org\/{rel}","templated":true}]}}