{"id":10889,"date":"2019-05-20T10:53:40","date_gmt":"2019-05-20T13:53:40","guid":{"rendered":"https:\/\/www.paranapraia.com.br\/?p=10889"},"modified":"2019-05-20T10:53:42","modified_gmt":"2019-05-20T13:53:42","slug":"diretor-do-inep-caiu-por-tentar-divulgar-dados-sigilosos-de-estudantes","status":"publish","type":"post","link":"https:\/\/www.paranapraia.com.br\/index.php\/2019\/05\/20\/diretor-do-inep-caiu-por-tentar-divulgar-dados-sigilosos-de-estudantes\/","title":{"rendered":"Diretor do Inep caiu por tentar divulgar dados sigilosos de estudantes"},"content":{"rendered":"\n<h4 class=\"wp-block-heading\">O ministro da Educa\u00e7\u00e3o, Abraham Weintraub, tamb\u00e9m defendia uma pol\u00edtica de divulga\u00e7\u00e3o de dados, mas foi vencido diante da press\u00e3o no \u00f3rg\u00e3o<\/h4>\n\n\n\n<p>Bras\u00edlia \u2014 A\u00a0demiss\u00e3o do\u00a0presidente do Instituto Nacional de Pesquisas e Estudos Educacionais (Inep),\u00a0Elmer Vicenzi, ap\u00f3s 17 dias no cargo, exp\u00f4s uma disputa interna que est\u00e1 em curso dentro do \u00f3rg\u00e3o respons\u00e1vel pela elabora\u00e7\u00e3o do Exame Nacional do Ensino M\u00e9dio (Enem).<\/p>\n\n\n\n<p>Vicenzi, que \u00e9 ex-delegado da Pol\u00edcia Federal, entrou em conflito com integrantes da procuradoria, a \u00e1rea jur\u00eddica do \u00f3rg\u00e3o, por defender a divulga\u00e7\u00e3o dos dados produzidos pelo Inep, como avalia\u00e7\u00f5es e indicadores educacionais.<\/p>\n\n\n\n<p>A procuradoria, no entanto, \u00e9 a favor do sigilo dos dados, que envolvem informa\u00e7\u00f5es de alunos e escolas.<\/p>\n\n\n\n<p>A ofensiva de Vicenzi para a transpar\u00eancia das informa\u00e7\u00f5es levou os advogados do Inep a amea\u00e7aram pedir demiss\u00e3o. O atual ministro da Educa\u00e7\u00e3o, Abraham Weintraub, defendia tamb\u00e9m uma pol\u00edtica de divulga\u00e7\u00e3o de dados, mas diante da press\u00e3o, n\u00e3o conseguiu manter o presidente no cargo.<\/p>\n\n\n\n<p>Durante as semanas que esteve no cargo, Vicenzi chegou a solicitar a libera\u00e7\u00e3o dos dados ao vice-procurador, que se negou a atender ao pedido porque a procuradora-chefe estava de f\u00e9rias. Ap\u00f3s a recusa, Vicenzi quis demitir o funcion\u00e1rio.<\/p>\n\n\n\n<p>Atualmente, as informa\u00e7\u00f5es n\u00e3o s\u00e3o passadas ao p\u00fablico individualmente, mas por escola, cidade ou Estado. Os nomes dos alunos s\u00e3o protegidos. O Inep faz, por exemplo, censos educacionais, que recolhem dados de todos os estudantes.<\/p>\n\n\n\n<h3 class=\"wp-block-heading\">Novo presidente do Inep<\/h3>\n\n\n\n<p>Nesta sexta-feira (17), o MEC anunciou por meio de nota que\u00a0Alexandre Ribeiro Pereira Lopes ser\u00e1 o novo presidente do instituto. Sua\u00a0nomea\u00e7\u00e3o deve ser formalizada no Di\u00e1rio Oficial da Uni\u00e3o da pr\u00f3xima segunda-feira, dia 20.<\/p>\n\n\n\n<p>Atualmente, Lopes \u00e9 diretor legislativo do Minist\u00e9rio da Casa Civil, onde trabalhou com o ministro da Educa\u00e7\u00e3o, Abraham Weintraub, no per\u00edodo em que ele foi secret\u00e1rio executivo da pasta.&nbsp;Esta \u00e9 a terceira troca no comando do Inep desde o in\u00edcio do ano.<\/p>\n\n\n\n<h3 class=\"wp-block-heading\">Enem<\/h3>\n\n\n\n<p>Apesar das disputas internas, o Inep garante que o Enem, que \u00e9 a principal porta de entrada para as universidades brasileiras, est\u00e1 com o cronograma em dia e n\u00e3o sofrer\u00e1 nenhum tipo de atraso.<\/p>\n\n\n\n<p>Antes de deixar o cargo, Vicenzi participou de uma audi\u00eancia na C\u00e2mara dos Deputados, na \u00faltima ter\u00e7a-feira (14), e explicou sobre a&nbsp;complexidade da gest\u00e3o de itens, nome t\u00e9cnico para as quest\u00f5es que comp\u00f5em as provas do Enem.<\/p>\n\n\n\n<p>\u201cA elabora\u00e7\u00e3o das quest\u00f5es, a sele\u00e7\u00e3o daquelas que ser\u00e3o cobradas na edi\u00e7\u00e3o, a impress\u00e3o, o armazenamento e a distribui\u00e7\u00e3o das provas, no dia da aplica\u00e7\u00e3o, seguem um r\u00edgido protocolo de seguran\u00e7a\u201d, disse na ocasi\u00e3o.<\/p>\n\n\n\n<p>\u201cOs participantes podem ficar tranquilos porque todos os procedimentos est\u00e3o sendo cumpridos para que fa\u00e7am o exame de forma ison\u00f4mica nos dias 3 e 10 de novembro\u201d, concluiu.<\/p>\n\n\n\n<p>Vicenzi elogiava a forma atual do Enem e inutilizou o relat\u00f3rio de uma comiss\u00e3o formada na gest\u00e3o anterior para analisar a \u201cadequa\u00e7\u00e3o\u201d das quest\u00f5es.<\/p>\n\n\n\n<p>A ideia, considerada uma censura, era a de que o grupo identificasse quest\u00f5es com \u201cteor ofensivo\u201d. Ele chegou a declarar que os itens (perguntas da prova) s\u00e3o bens p\u00fablicos e n\u00e3o poderiam ser jogados fora.<\/p>\n\n\n\n<p>Agora, ainda n\u00e3o h\u00e1 garantia de que o modelo ser\u00e1 seguido pelo pr\u00f3ximo chefe do \u00f3rg\u00e3o.\u00a0Esta sexta-feira (17) \u00e9 o \u00faltimo dia para que os interessados fa\u00e7am as inscri\u00e7\u00f5es. De acordo com o \u00f3rg\u00e3o, at\u00e9 agora h\u00e1 cerca de cinco milh\u00f5es de participantes inscritos.<\/p>\n\n\n\n<p>Do total de inscritos, 53% s\u00e3o participantes que n\u00e3o precisam pagar a taxa de inscri\u00e7\u00e3o, pois tiveram o pedido de isen\u00e7\u00e3o aprovado, em etapa anterior, conclu\u00edda em abril. Os pagantes poder\u00e3o quitar o boleto, no valor de R$ 85, at\u00e9 o dia 23 de maio.<\/p>\n\n\n\n<p>Revista Exame<br><\/p>\n\n\n\n<p><br><\/p>\n","protected":false},"excerpt":{"rendered":"<p>O ministro da Educa\u00e7\u00e3o, Abraham Weintraub, tamb\u00e9m defendia uma pol\u00edtica de divulga\u00e7\u00e3o de dados, mas foi vencido diante da press\u00e3o no \u00f3rg\u00e3o Bras\u00edlia \u2014 A\u00a0demiss\u00e3o do\u00a0presidente do Instituto Nacional de Pesquisas e Estudos Educacionais (Inep),\u00a0Elmer Vicenzi, ap\u00f3s 17 dias no cargo, exp\u00f4s uma disputa interna que est\u00e1 em curso dentro do \u00f3rg\u00e3o respons\u00e1vel pela elabora\u00e7\u00e3o [&hellip;]<\/p>\n","protected":false},"author":2,"featured_media":10890,"comment_status":"open","ping_status":"open","sticky":false,"template":"","format":"standard","meta":{"advanced_seo_description":"","jetpack_seo_html_title":"","jetpack_seo_noindex":false,"_jetpack_memberships_contains_paid_content":false,"footnotes":""},"categories":[40],"tags":[],"class_list":{"0":"post-10889","1":"post","2":"type-post","3":"status-publish","4":"format-standard","5":"has-post-thumbnail","7":"category-destaques"},"jetpack_featured_media_url":"https:\/\/www.paranapraia.com.br\/wp-content\/uploads\/2019\/05\/cair.jpg","jetpack_sharing_enabled":true,"_links":{"self":[{"href":"https:\/\/www.paranapraia.com.br\/index.php\/wp-json\/wp\/v2\/posts\/10889"}],"collection":[{"href":"https:\/\/www.paranapraia.com.br\/index.php\/wp-json\/wp\/v2\/posts"}],"about":[{"href":"https:\/\/www.paranapraia.com.br\/index.php\/wp-json\/wp\/v2\/types\/post"}],"author":[{"embeddable":true,"href":"https:\/\/www.paranapraia.com.br\/index.php\/wp-json\/wp\/v2\/users\/2"}],"replies":[{"embeddable":true,"href":"https:\/\/www.paranapraia.com.br\/index.php\/wp-json\/wp\/v2\/comments?post=10889"}],"version-history":[{"count":1,"href":"https:\/\/www.paranapraia.com.br\/index.php\/wp-json\/wp\/v2\/posts\/10889\/revisions"}],"predecessor-version":[{"id":10891,"href":"https:\/\/www.paranapraia.com.br\/index.php\/wp-json\/wp\/v2\/posts\/10889\/revisions\/10891"}],"wp:featuredmedia":[{"embeddable":true,"href":"https:\/\/www.paranapraia.com.br\/index.php\/wp-json\/wp\/v2\/media\/10890"}],"wp:attachment":[{"href":"https:\/\/www.paranapraia.com.br\/index.php\/wp-json\/wp\/v2\/media?parent=10889"}],"wp:term":[{"taxonomy":"category","embeddable":true,"href":"https:\/\/www.paranapraia.com.br\/index.php\/wp-json\/wp\/v2\/categories?post=10889"},{"taxonomy":"post_tag","embeddable":true,"href":"https:\/\/www.paranapraia.com.br\/index.php\/wp-json\/wp\/v2\/tags?post=10889"}],"curies":[{"name":"wp","href":"https:\/\/api.w.org\/{rel}","templated":true}]}}