{"id":10883,"date":"2019-05-20T10:46:26","date_gmt":"2019-05-20T13:46:26","guid":{"rendered":"https:\/\/www.paranapraia.com.br\/?p=10883"},"modified":"2019-05-20T10:47:26","modified_gmt":"2019-05-20T13:47:26","slug":"feirao-vendera-produtos-sem-impostos-gasolina-tem-desconto-de-ate-50","status":"publish","type":"post","link":"https:\/\/www.paranapraia.com.br\/index.php\/2019\/05\/20\/feirao-vendera-produtos-sem-impostos-gasolina-tem-desconto-de-ate-50\/","title":{"rendered":"Feir\u00e3o vender\u00e1 produtos sem impostos; gasolina tem desconto de at\u00e9 50%"},"content":{"rendered":"\n<h4 class=\"wp-block-heading\">Iniciativa ser\u00e1 realizada em mais de 150 cidades de 18 estados e ter\u00e1 como tema Menos \u00e9 Mais<\/h4>\n\n\n\n<p> Combust\u00edveis, cervejas, suco de laranja e p\u00e3o franc\u00eas s\u00e3o alguns produtos que ser\u00e3o vendidos sem&nbsp;impostos&nbsp;em v\u00e1rias cidades brasileiras no pr\u00f3ximo dia 25, definido como Dia D do Feir\u00e3o do Imposto, campanha que empres\u00e1rios, liderados pela Confedera\u00e7\u00e3o Nacional dos Jovens Empres\u00e1rios (Conaje), promovem a partir de hoje.<\/p>\n\n\n\n<p>A iniciativa ser\u00e1 realizada em mais de 150 cidades de 18 estados e ter\u00e1 como tema Menos \u00e9 Mais. A sele\u00e7\u00e3o dos produtos com imposto zero no ato da venda depende de parceria que os movimentos de jovens fazem com os varejistas de cada munic\u00edpio.<\/p>\n\n\n\n<p>Em Goi\u00e2nia, o quilo do p\u00e3o franc\u00eas vai cair de R$ 16,80 para R$ 13,44 em uma padaria. Desconto de 20%.<\/p>\n\n\n\n<p>Cinemas em v\u00e1rias localidades tamb\u00e9m integram a campanha. Em Nova Marab\u00e1 (PA), um deles promete reduzir os pre\u00e7os dos ingressos de filmes 3D de R$ 24 para R$ 8 e de filmes 2D de R$ 20 para R$ 7 em todas as sess\u00f5es do dia 24.<\/p>\n\n\n\n<p>Tamb\u00e9m em Nova Marab\u00e1, um posto de combust\u00edvel vender\u00e1 gasolina mais barata, das 7h \u00e0s 11h. O produto custar\u00e1 menos 30%. Ser\u00e3o vendidos 2,5 mil litros de gasolina, sendo que cada carro poder\u00e1 abastecer 20 litros e motos, cinco litros.<\/p>\n\n\n\n<p>O pre\u00e7o da gasolina vai cair de R$ 5,05 para R$ 3,50, para pagamento em dinheiro.<\/p>\n\n\n\n<h3 class=\"wp-block-heading\">Conscientiza\u00e7\u00e3o<\/h3>\n\n\n\n<p>O coordenador nacional do Feir\u00e3o do Imposto pela Conaje, Eduardo Medeiros Pereira, disse \u00e0 Ag\u00eancia Brasil que o objetivo principal \u00e9 conscientizar e mobilizar a popula\u00e7\u00e3o sobre a alta carga tribut\u00e1ria que se paga sobre produtos e servi\u00e7os.<\/p>\n\n\n\n<p>O Dia D do Feir\u00e3o \u00e9 refer\u00eancia ao Dia da Liberdade de Imposto (DLI), celebrado no dia 24 e que este ano coincidiu com a realiza\u00e7\u00e3o do feir\u00e3o.<\/p>\n\n\n\n<p>Medeiros Pereira disse que tem sido grande a ades\u00e3o do com\u00e9rcio \u00e0 campanha. \u201cEles (comerciantes) s\u00e3o bem solid\u00e1rios porque \u00e9 uma causa que atinge diretamente o consumo. Todos n\u00f3s sofremos com a alta carga tribut\u00e1ria do Brasil e como esse imposto \u00e9 mal gerido. Os comerciantes t\u00eam consci\u00eancia disso\u201d,afirmou.<\/p>\n\n\n\n<p>Segundo ele, v\u00e1rios shoppings e supermercados do pa\u00eds participar\u00e3o da campanha. Cidades est\u00e3o fazendo comercializa\u00e7\u00e3o de produtos sem imposto. Em Maring\u00e1 (PR), por exemplo, postos de combust\u00edveis far\u00e3o a venda sem imposto, durante a semana do feir\u00e3o, informou.<\/p>\n\n\n\n<h3 class=\"wp-block-heading\">Pol\u00edtica e empreendedorismo<\/h3>\n\n\n\n<p>Em Macei\u00f3, o feir\u00e3o foi aberto na \u00faltima sexta-feira (17), com o painel Pol\u00edtica e Empreendedorismo. No dia 25, estudantes far\u00e3o panfletagem no Cal\u00e7ad\u00e3o do Com\u00e9rcio, no centro da capital, para conscientizar a popula\u00e7\u00e3o sobre os altos impostos.<\/p>\n\n\n\n<p>A a\u00e7\u00e3o acaba no domingo (26), com a Exposi\u00e7\u00e3o Feir\u00e3o do Imposto, na Avenida S\u00edlvio Vianna, onde v\u00e1rios produtos estar\u00e3o expostos com pre\u00e7os com e sem imposto.<\/p>\n\n\n\n<p>Em Cuiab\u00e1 (MT), a primeira atividade programada acontecer\u00e1 no dia 21, na Associa\u00e7\u00e3o Comercial de Cuiab\u00e1, das 19h \u00e0s 22h. O secret\u00e1rio da Fazenda de Mato Grosso, Rog\u00e9rio Galo, e empres\u00e1rios conduzir\u00e3o o painel de debate Pol\u00edtica x Empreendedorismo.<\/p>\n\n\n\n<p>Entre os dias 23 e 25, um shopping oferecer\u00e1 produtos aos visitantes com e sem impostos. Uma panfletagem no centro de Cuiab\u00e1 vai encerrar a programa\u00e7\u00e3o no dia 25.<\/p>\n\n\n\n<p>A partir do dia 21, os paraenses poder\u00e3o participar das atividades gratuitas do Feir\u00e3o do Imposto 2019. Abrindo a programa\u00e7\u00e3o, haver\u00e1 uma Blitz de Conscientiza\u00e7\u00e3o, no Centro Universit\u00e1rio da Amaz\u00f4nia. \u00c0 noite, professores da universidade conduzir\u00e3o a mesa redonda Tributa\u00e7\u00e3o de Imposto, que mostrar\u00e1 como a alta carga tribut\u00e1ria afeta os comerciantes.<\/p>\n\n\n\n<p>Em Maring\u00e1 (PR), a a\u00e7\u00e3o come\u00e7a hoje (20), com a venda de cervejas artesanais, sem tributos, das 17h30 \u00e0 meia-noite, em um estabelecimento.<\/p>\n\n\n\n<h3 class=\"wp-block-heading\">Menos \u00e9 Mais<\/h3>\n\n\n\n<p>Medeiros Pereira estima que de duas mil a tr\u00eas mil pessoas est\u00e3o envolvidas na realiza\u00e7\u00e3o do Feir\u00e3o do Imposto este ano. Segundo ele, o tema Menos \u00e9 Mais faz uma refer\u00eancia \u00e0 Curva de Laffer, teoria econ\u00f4mica desenvolvida pelo economista Arthur Laffer, segundo o qual a diminui\u00e7\u00e3o dos impostos cobrados das empresas pode aumentar a arrecada\u00e7\u00e3o governamental.<\/p>\n\n\n\n<p>Al\u00e9m da venda de produtos isentos de tributos nas cidades participantes durante a semana do Feir\u00e3o do Imposto, ser\u00e3o promovidas palestras em escolas e interven\u00e7\u00f5es urbanas relacionadas ao tema, entre outras a\u00e7\u00f5es simult\u00e2neas.<\/p>\n\n\n\n<p>Revista Exame<br><\/p>\n\n\n\n<p><br><\/p>\n\n\n\n<p><br><\/p>\n","protected":false},"excerpt":{"rendered":"<p>Iniciativa ser\u00e1 realizada em mais de 150 cidades de 18 estados e ter\u00e1 como tema Menos \u00e9 Mais Combust\u00edveis, cervejas, suco de laranja e p\u00e3o franc\u00eas s\u00e3o alguns produtos que ser\u00e3o vendidos sem&nbsp;impostos&nbsp;em v\u00e1rias cidades brasileiras no pr\u00f3ximo dia 25, definido como Dia D do Feir\u00e3o do Imposto, campanha que empres\u00e1rios, liderados pela Confedera\u00e7\u00e3o Nacional [&hellip;]<\/p>\n","protected":false},"author":2,"featured_media":10884,"comment_status":"open","ping_status":"open","sticky":false,"template":"","format":"standard","meta":{"advanced_seo_description":"","jetpack_seo_html_title":"","jetpack_seo_noindex":false,"_jetpack_memberships_contains_paid_content":false,"footnotes":""},"categories":[40],"tags":[],"class_list":{"0":"post-10883","1":"post","2":"type-post","3":"status-publish","4":"format-standard","5":"has-post-thumbnail","7":"category-destaques"},"jetpack_featured_media_url":"https:\/\/www.paranapraia.com.br\/wp-content\/uploads\/2019\/05\/feir.jpg","jetpack_sharing_enabled":true,"_links":{"self":[{"href":"https:\/\/www.paranapraia.com.br\/index.php\/wp-json\/wp\/v2\/posts\/10883"}],"collection":[{"href":"https:\/\/www.paranapraia.com.br\/index.php\/wp-json\/wp\/v2\/posts"}],"about":[{"href":"https:\/\/www.paranapraia.com.br\/index.php\/wp-json\/wp\/v2\/types\/post"}],"author":[{"embeddable":true,"href":"https:\/\/www.paranapraia.com.br\/index.php\/wp-json\/wp\/v2\/users\/2"}],"replies":[{"embeddable":true,"href":"https:\/\/www.paranapraia.com.br\/index.php\/wp-json\/wp\/v2\/comments?post=10883"}],"version-history":[{"count":2,"href":"https:\/\/www.paranapraia.com.br\/index.php\/wp-json\/wp\/v2\/posts\/10883\/revisions"}],"predecessor-version":[{"id":10886,"href":"https:\/\/www.paranapraia.com.br\/index.php\/wp-json\/wp\/v2\/posts\/10883\/revisions\/10886"}],"wp:featuredmedia":[{"embeddable":true,"href":"https:\/\/www.paranapraia.com.br\/index.php\/wp-json\/wp\/v2\/media\/10884"}],"wp:attachment":[{"href":"https:\/\/www.paranapraia.com.br\/index.php\/wp-json\/wp\/v2\/media?parent=10883"}],"wp:term":[{"taxonomy":"category","embeddable":true,"href":"https:\/\/www.paranapraia.com.br\/index.php\/wp-json\/wp\/v2\/categories?post=10883"},{"taxonomy":"post_tag","embeddable":true,"href":"https:\/\/www.paranapraia.com.br\/index.php\/wp-json\/wp\/v2\/tags?post=10883"}],"curies":[{"name":"wp","href":"https:\/\/api.w.org\/{rel}","templated":true}]}}