{"id":10871,"date":"2019-05-20T10:31:08","date_gmt":"2019-05-20T13:31:08","guid":{"rendered":"https:\/\/www.paranapraia.com.br\/?p=10871"},"modified":"2019-05-20T10:31:10","modified_gmt":"2019-05-20T13:31:10","slug":"homem-e-esfaqueado-em-local-frequentemente-utilizado-por-usuarios-de-drogas","status":"publish","type":"post","link":"https:\/\/www.paranapraia.com.br\/index.php\/2019\/05\/20\/homem-e-esfaqueado-em-local-frequentemente-utilizado-por-usuarios-de-drogas\/","title":{"rendered":"Homem \u00e9 esfaqueado em local frequentemente utilizado por usu\u00e1rios de drogas"},"content":{"rendered":"\n<p>Um homem de 35 anos foi ferido a facadas na manh\u00e3 desta segunda-feira (20), no Centro C\u00edvico, em Curitiba. O Siate foi acionado por volta de 7h30 para a Rua Euclides Bandeira, quase no cruzamento com a Rua Lysimaco Ferreira da Costa para socorrer uma pessoa ferida.<\/p>\n\n\n\n<p>O homem foi atingido na perna. Foi socorrido e encaminhado com ferimentos moderados ao Hospital Evang\u00e9lico. De acordo com a pol\u00edcia, o local onde o crime ocorreu \u00e9 frequentemente utilizado por usu\u00e1rios de drogas. O relato de testemunhas \u00e9 que houve um desentendimento entre os frequentadores e o homem acabou esfaqueado.<\/p>\n\n\n\n<p>Massa News<a rel=\"noreferrer noopener\" href=\"https:\/\/api.whatsapp.com\/send?text=Homem%20%C3%A9%20esfaqueado%20em%20local%20%20utilizado%20por%20usu%C3%A1rios%20de%20drogas%20https%3a%2f%2fmassanews.com%2fnoticias%2fplantao%2fhomem-e-esfaqueado-em-local-frequentemente-utilizado-por-usuarios-de-drogas-z8p38.html%3futm_source%3dwhatsapp%26utm_medium%3dshare%26utm_content%3dnoticias__plantao%26utm_campaign%3dhomem-e-esfaqueado-em-local-frequentemente-utilizado-por-usuarios-de-drogas-z8p38\" target=\"_blank\"><br> <\/a><\/p>\n","protected":false},"excerpt":{"rendered":"<p>Um homem de 35 anos foi ferido a facadas na manh\u00e3 desta segunda-feira (20), no Centro C\u00edvico, em Curitiba. O Siate foi acionado por volta de 7h30 para a Rua Euclides Bandeira, quase no cruzamento com a Rua Lysimaco Ferreira da Costa para socorrer uma pessoa ferida. O homem foi atingido na perna. Foi socorrido [&hellip;]<\/p>\n","protected":false},"author":2,"featured_media":10872,"comment_status":"open","ping_status":"open","sticky":false,"template":"","format":"standard","meta":{"advanced_seo_description":"","jetpack_seo_html_title":"","jetpack_seo_noindex":false,"_jetpack_memberships_contains_paid_content":false,"footnotes":""},"categories":[33],"tags":[],"class_list":{"0":"post-10871","1":"post","2":"type-post","3":"status-publish","4":"format-standard","5":"has-post-thumbnail","7":"category-policia"},"jetpack_featured_media_url":"https:\/\/www.paranapraia.com.br\/wp-content\/uploads\/2019\/05\/esf.jpg","jetpack_sharing_enabled":true,"_links":{"self":[{"href":"https:\/\/www.paranapraia.com.br\/index.php\/wp-json\/wp\/v2\/posts\/10871"}],"collection":[{"href":"https:\/\/www.paranapraia.com.br\/index.php\/wp-json\/wp\/v2\/posts"}],"about":[{"href":"https:\/\/www.paranapraia.com.br\/index.php\/wp-json\/wp\/v2\/types\/post"}],"author":[{"embeddable":true,"href":"https:\/\/www.paranapraia.com.br\/index.php\/wp-json\/wp\/v2\/users\/2"}],"replies":[{"embeddable":true,"href":"https:\/\/www.paranapraia.com.br\/index.php\/wp-json\/wp\/v2\/comments?post=10871"}],"version-history":[{"count":1,"href":"https:\/\/www.paranapraia.com.br\/index.php\/wp-json\/wp\/v2\/posts\/10871\/revisions"}],"predecessor-version":[{"id":10873,"href":"https:\/\/www.paranapraia.com.br\/index.php\/wp-json\/wp\/v2\/posts\/10871\/revisions\/10873"}],"wp:featuredmedia":[{"embeddable":true,"href":"https:\/\/www.paranapraia.com.br\/index.php\/wp-json\/wp\/v2\/media\/10872"}],"wp:attachment":[{"href":"https:\/\/www.paranapraia.com.br\/index.php\/wp-json\/wp\/v2\/media?parent=10871"}],"wp:term":[{"taxonomy":"category","embeddable":true,"href":"https:\/\/www.paranapraia.com.br\/index.php\/wp-json\/wp\/v2\/categories?post=10871"},{"taxonomy":"post_tag","embeddable":true,"href":"https:\/\/www.paranapraia.com.br\/index.php\/wp-json\/wp\/v2\/tags?post=10871"}],"curies":[{"name":"wp","href":"https:\/\/api.w.org\/{rel}","templated":true}]}}