{"id":10866,"date":"2019-05-20T10:20:54","date_gmt":"2019-05-20T13:20:54","guid":{"rendered":"https:\/\/www.paranapraia.com.br\/?p=10866"},"modified":"2019-05-20T10:20:55","modified_gmt":"2019-05-20T13:20:55","slug":"protesto-de-moradores-de-distrito-de-londrina-bloqueia-a-pr-445","status":"publish","type":"post","link":"https:\/\/www.paranapraia.com.br\/index.php\/2019\/05\/20\/protesto-de-moradores-de-distrito-de-londrina-bloqueia-a-pr-445\/","title":{"rendered":"Protesto de moradores de distrito de Londrina bloqueia a PR-445"},"content":{"rendered":"\n<h4 class=\"wp-block-heading\">Manifestantes pedem melhorias na estrutura, sa\u00fade, transporte coletivo e ainda a reabertura do posto dos Correios. Protesto fecha a rodovia desde \u00e0s 5h.<\/h4>\n\n\n\n<p>Moradores do distrito de Irer\u00ea, em Londrina, no norte do Paran\u00e1, bloquearam os dois sentidos da rodovia PR-445 em protesto na manh\u00e3 desta segunda-feira (20). Segundo a Pol\u00edcia Rodovi\u00e1ria Estadual, cerca de 100 moradores participam da manifesta\u00e7\u00e3o desde \u00e0s 5h.<\/p>\n\n\n\n<p>Os moradores est\u00e3o protestando por melhoria no asfalto dentro do distrito, por melhores condi\u00e7\u00f5es de atendimento na \u00e1rea de sa\u00fade, pela retorno do atendimento do posto dos Correios e por melhores condi\u00e7\u00f5es do transporte coletivo.<\/p>\n\n\n\n<p>A PRE informou que, \u00e0s 9h50, havia cinco quil\u00f4metros de congestionamento nos dois sentidos da via no quil\u00f4metro 45. Para n\u00e3o ficar parado, a pol\u00edcia orienta que os motoristas desviem pelo distrito de Guaravera ou pela Estrada dos Coroados.<\/p>\n\n\n\n<p>A prefeitura informou que os secret\u00e1rios municipais de Agricultura e de Ambiente est\u00e3o indo no local para conversar com os moradores.<\/p>\n\n\n\n<figure class=\"wp-block-image\"><img decoding=\"async\" src=\"https:\/\/s2.glbimg.com\/11ysQ_AgdPLBCxeM7BgL1S9HVrE=\/0x0:1280x720\/984x0\/smart\/filters:strip_icc()\/i.s3.glbimg.com\/v1\/AUTH_59edd422c0c84a879bd37670ae4f538a\/internal_photos\/bs\/2019\/Y\/U\/OTxBz1Syy0UvVLwQqv4g\/protesto-pr-445-2.jpg\" alt=\"Moradores realizam protesto desde \u00e0s 5h, em Londrina \u2014 Foto: Victor Hugo Bittencourt\/RPC\"\/><\/figure>\n\n\n\n<p>Moradores realizam protesto desde \u00e0s 5h, em Londrina \u2014 Foto: Victor Hugo Bittencourt\/RPC<\/p>\n\n\n\n<p>G1PR<br><\/p>\n","protected":false},"excerpt":{"rendered":"<p>Manifestantes pedem melhorias na estrutura, sa\u00fade, transporte coletivo e ainda a reabertura do posto dos Correios. Protesto fecha a rodovia desde \u00e0s 5h. Moradores do distrito de Irer\u00ea, em Londrina, no norte do Paran\u00e1, bloquearam os dois sentidos da rodovia PR-445 em protesto na manh\u00e3 desta segunda-feira (20). Segundo a Pol\u00edcia Rodovi\u00e1ria Estadual, cerca de [&hellip;]<\/p>\n","protected":false},"author":2,"featured_media":10868,"comment_status":"open","ping_status":"open","sticky":false,"template":"","format":"standard","meta":{"advanced_seo_description":"","jetpack_seo_html_title":"","jetpack_seo_noindex":false,"_jetpack_memberships_contains_paid_content":false,"footnotes":""},"categories":[40],"tags":[],"class_list":{"0":"post-10866","1":"post","2":"type-post","3":"status-publish","4":"format-standard","5":"has-post-thumbnail","7":"category-destaques"},"jetpack_featured_media_url":"https:\/\/www.paranapraia.com.br\/wp-content\/uploads\/2019\/05\/prot.jpg","jetpack_sharing_enabled":true,"_links":{"self":[{"href":"https:\/\/www.paranapraia.com.br\/index.php\/wp-json\/wp\/v2\/posts\/10866"}],"collection":[{"href":"https:\/\/www.paranapraia.com.br\/index.php\/wp-json\/wp\/v2\/posts"}],"about":[{"href":"https:\/\/www.paranapraia.com.br\/index.php\/wp-json\/wp\/v2\/types\/post"}],"author":[{"embeddable":true,"href":"https:\/\/www.paranapraia.com.br\/index.php\/wp-json\/wp\/v2\/users\/2"}],"replies":[{"embeddable":true,"href":"https:\/\/www.paranapraia.com.br\/index.php\/wp-json\/wp\/v2\/comments?post=10866"}],"version-history":[{"count":1,"href":"https:\/\/www.paranapraia.com.br\/index.php\/wp-json\/wp\/v2\/posts\/10866\/revisions"}],"predecessor-version":[{"id":10869,"href":"https:\/\/www.paranapraia.com.br\/index.php\/wp-json\/wp\/v2\/posts\/10866\/revisions\/10869"}],"wp:featuredmedia":[{"embeddable":true,"href":"https:\/\/www.paranapraia.com.br\/index.php\/wp-json\/wp\/v2\/media\/10868"}],"wp:attachment":[{"href":"https:\/\/www.paranapraia.com.br\/index.php\/wp-json\/wp\/v2\/media?parent=10866"}],"wp:term":[{"taxonomy":"category","embeddable":true,"href":"https:\/\/www.paranapraia.com.br\/index.php\/wp-json\/wp\/v2\/categories?post=10866"},{"taxonomy":"post_tag","embeddable":true,"href":"https:\/\/www.paranapraia.com.br\/index.php\/wp-json\/wp\/v2\/tags?post=10866"}],"curies":[{"name":"wp","href":"https:\/\/api.w.org\/{rel}","templated":true}]}}