{"id":10857,"date":"2019-05-20T09:31:11","date_gmt":"2019-05-20T12:31:11","guid":{"rendered":"https:\/\/www.paranapraia.com.br\/?p=10857"},"modified":"2019-05-20T09:31:16","modified_gmt":"2019-05-20T12:31:16","slug":"inscricoes-do-encceja-2019-comecam-nesta-segunda-feira","status":"publish","type":"post","link":"https:\/\/www.paranapraia.com.br\/index.php\/2019\/05\/20\/inscricoes-do-encceja-2019-comecam-nesta-segunda-feira\/","title":{"rendered":"Inscri\u00e7\u00f5es do Encceja 2019 come\u00e7am nesta segunda-feira"},"content":{"rendered":"\n<h4 class=\"wp-block-heading\">Exame \u00e9 destinado a jovens e adultos que n\u00e3o tiveram oportunidade de concluir seus estudos na idade apropriada.<\/h4>\n\n\n\n<p>Come\u00e7am nesta segunda-feira (20) as inscri\u00e7\u00f5es para o Exame Nacional para Certifica\u00e7\u00e3o de Compet\u00eancias de Jovens e Adultos (Encceja). O exame \u00e9 destinado a jovens e adultos que n\u00e3o tiveram oportunidade de concluir seus estudos na idade apropriada e est\u00e3o interessados em obter um certificado.<\/p>\n\n\n\n<p>As provas ser\u00e3o aplicadas em 611 munic\u00edpios do pa\u00eds, no dia 25 de agosto, pela manh\u00e3 e pela tarde.<\/p>\n\n\n\n<p>Quem n\u00e3o concluiu o ensino fundamental tem que ter pelo menos 15 anos para pedir a certifica\u00e7\u00e3o. Para pedir o diploma do ensino m\u00e9dio, \u00e9 preciso ser maior de 18 anos. A inscri\u00e7\u00e3o \u00e9 gratuita e deve ser feita pelo&nbsp;<a href=\"http:\/\/enccejanacional.inep.gov.br\/encceja\/#!\/inicial\" target=\"_blank\" rel=\"noreferrer noopener\">Sistema Encceja<\/a>, at\u00e9 31 de maio.<\/p>\n\n\n\n<p>O&nbsp;<a href=\"http:\/\/portal.inep.gov.br\/web\/guest\/educacao-basica\/encceja\/materiais-para-estudo\" target=\"_blank\" rel=\"noreferrer noopener\">material de estudo dispon\u00edvel na p\u00e1gina<\/a>&nbsp;do Encceja \u00e9 composto por um volume introdut\u00f3rio, quatro volumes de orienta\u00e7\u00f5es aos professores e oito volumes de orienta\u00e7\u00f5es aos estudantes (quatro para o Ensino Fundamental e quatro para o Ensino M\u00e9dio).<\/p>\n\n\n\n<p>Tamb\u00e9m \u00e9 poss\u00edvel estudar por meio das&nbsp;<a href=\"http:\/\/portal.inep.gov.br\/web\/guest\/educacao-basica\/encceja\/provas-e-gabaritos\" target=\"_blank\" rel=\"noreferrer noopener\">provas de edi\u00e7\u00f5es anteriores<\/a>do Encceja.<\/p>\n\n\n\n<h2 class=\"wp-block-heading\">Novidades deste ano<\/h2>\n\n\n\n<p>Segundo o Instituto Nacional de Estudos e Pesquisas Educacionais An\u00edsio Teixeira (Inep), que organiza a prova, a principal novidade desta edi\u00e7\u00e3o do Encceja est\u00e1 na acessibilidade para pessoas com defici\u00eancia. Esta \u00e9 primeira vez em que o edital do exame tem uma vers\u00e3o em L\u00edngua Brasileira de Sinais (Libras).<\/p>\n\n\n\n<p>Al\u00e9m disso, o esquema de seguran\u00e7a durante a aplica\u00e7\u00e3o das provas ser\u00e1 mais r\u00edgido: quem deixar aparelhos eletr\u00f4nicos emitirem som durante a aplica\u00e7\u00e3o ser\u00e1 eliminado; e todos os lanches ser\u00e3o revistados antes da prova.<\/p>\n\n\n\n<p>Quem se cadastrou para fazer a prova em 2018 e n\u00e3o compareceu deve justificar o motivo da aus\u00eancia neste ano.<\/p>\n\n\n\n<p>Quem atingir a nota m\u00ednima em pelo menos uma das \u00e1reas de conhecimento, mas n\u00e3o em todas, recebe a declara\u00e7\u00e3o de profici\u00eancia naquela \u00e1rea. Ela n\u00e3o vale como certificado de conclus\u00e3o dos ensinos fundamental ou m\u00e9dio, mas libera o candidato de ter que refazer a prova sobre essa \u00e1rea nas pr\u00f3ximas edi\u00e7\u00f5es do exame.<\/p>\n\n\n\n<figure class=\"wp-block-image\"><img decoding=\"async\" src=\"https:\/\/s2.glbimg.com\/l3843ZYwj6iEVCVZpSv4t-7yH1M=\/0x0:565x558\/984x0\/smart\/filters:strip_icc()\/i.s3.glbimg.com\/v1\/AUTH_59edd422c0c84a879bd37670ae4f538a\/internal_photos\/bs\/2019\/7\/F\/BRfZzPTLKiYshqbitxcw\/encceja-2019.jpg\" alt=\"Para iniciar a inscri\u00e7\u00e3o no Encceja 2019 \u00e9 preciso inserir n\u00famero do CPF e data de nascimento \u2014 Foto: Reprodu\u00e7\u00e3o\"\/><\/figure>\n\n\n\n<p>Para iniciar a inscri\u00e7\u00e3o no Encceja 2019 \u00e9 preciso inserir n\u00famero do CPF e data de nascimento \u2014 Foto: Reprodu\u00e7\u00e3o<\/p>\n\n\n\n<p>G1PR<br><\/p>\n","protected":false},"excerpt":{"rendered":"<p>Exame \u00e9 destinado a jovens e adultos que n\u00e3o tiveram oportunidade de concluir seus estudos na idade apropriada. Come\u00e7am nesta segunda-feira (20) as inscri\u00e7\u00f5es para o Exame Nacional para Certifica\u00e7\u00e3o de Compet\u00eancias de Jovens e Adultos (Encceja). O exame \u00e9 destinado a jovens e adultos que n\u00e3o tiveram oportunidade de concluir seus estudos na idade [&hellip;]<\/p>\n","protected":false},"author":2,"featured_media":10859,"comment_status":"open","ping_status":"open","sticky":false,"template":"","format":"standard","meta":{"advanced_seo_description":"","jetpack_seo_html_title":"","jetpack_seo_noindex":false,"_jetpack_memberships_contains_paid_content":false,"footnotes":""},"categories":[40],"tags":[],"class_list":{"0":"post-10857","1":"post","2":"type-post","3":"status-publish","4":"format-standard","5":"has-post-thumbnail","7":"category-destaques"},"jetpack_featured_media_url":"https:\/\/www.paranapraia.com.br\/wp-content\/uploads\/2019\/05\/enc.jpg","jetpack_sharing_enabled":true,"_links":{"self":[{"href":"https:\/\/www.paranapraia.com.br\/index.php\/wp-json\/wp\/v2\/posts\/10857"}],"collection":[{"href":"https:\/\/www.paranapraia.com.br\/index.php\/wp-json\/wp\/v2\/posts"}],"about":[{"href":"https:\/\/www.paranapraia.com.br\/index.php\/wp-json\/wp\/v2\/types\/post"}],"author":[{"embeddable":true,"href":"https:\/\/www.paranapraia.com.br\/index.php\/wp-json\/wp\/v2\/users\/2"}],"replies":[{"embeddable":true,"href":"https:\/\/www.paranapraia.com.br\/index.php\/wp-json\/wp\/v2\/comments?post=10857"}],"version-history":[{"count":1,"href":"https:\/\/www.paranapraia.com.br\/index.php\/wp-json\/wp\/v2\/posts\/10857\/revisions"}],"predecessor-version":[{"id":10860,"href":"https:\/\/www.paranapraia.com.br\/index.php\/wp-json\/wp\/v2\/posts\/10857\/revisions\/10860"}],"wp:featuredmedia":[{"embeddable":true,"href":"https:\/\/www.paranapraia.com.br\/index.php\/wp-json\/wp\/v2\/media\/10859"}],"wp:attachment":[{"href":"https:\/\/www.paranapraia.com.br\/index.php\/wp-json\/wp\/v2\/media?parent=10857"}],"wp:term":[{"taxonomy":"category","embeddable":true,"href":"https:\/\/www.paranapraia.com.br\/index.php\/wp-json\/wp\/v2\/categories?post=10857"},{"taxonomy":"post_tag","embeddable":true,"href":"https:\/\/www.paranapraia.com.br\/index.php\/wp-json\/wp\/v2\/tags?post=10857"}],"curies":[{"name":"wp","href":"https:\/\/api.w.org\/{rel}","templated":true}]}}