{"id":10717,"date":"2019-05-17T14:01:06","date_gmt":"2019-05-17T17:01:06","guid":{"rendered":"https:\/\/www.paranapraia.com.br\/?p=10717"},"modified":"2019-05-17T14:01:08","modified_gmt":"2019-05-17T17:01:08","slug":"filha-esfaqueia-a-mae-pelas-costas-apos-briga-em-curitiba","status":"publish","type":"post","link":"https:\/\/www.paranapraia.com.br\/index.php\/2019\/05\/17\/filha-esfaqueia-a-mae-pelas-costas-apos-briga-em-curitiba\/","title":{"rendered":"Filha esfaqueia a m\u00e3e pelas costas ap\u00f3s briga em Curitiba"},"content":{"rendered":"\n<h4 class=\"wp-block-heading\">Ap\u00f3s brigarem, mulher acertou a pr\u00f3pria m\u00e3e com cinco facas pelas costas. Mulher foi socorrida e n\u00e3o corre risco de morte<\/h4>\n\n\n\n<p>Uma\u00a0<strong>mulher<\/strong>\u00a0de 29 anos\u00a0<strong>esfaqueou a pr\u00f3pria m\u00e3e<\/strong>\u00a0na noite dessa quinta-feira (16) na\u00a0<strong>Cidade Industrial de Curitiba<\/strong>. Segundo informa\u00e7\u00f5es do Corpo de Bombeiros, a senhora, de 59 anos, foi socorrida por volta das 3h30 da madrugada, mais de quatro horas ap\u00f3s ser agredida com cinco golpes. Ela foi encaminhada ao Hospital do Trabalhador e n\u00e3o corre risco de morte.<\/p>\n\n\n\n<p>Segundo informa\u00e7\u00f5es da Pol\u00edcia Militar, a confus\u00e3o aconteceu por volta das 23 horas, quando m\u00e3e e filha se desentenderam. A filha ent\u00e3o pegou uma faca de cozinha e desferiu cinco facadas na m\u00e3e, tr\u00eas pelas costas e duas na cabe\u00e7a. Apesar dos ferimentos, a mo\u00e7a s\u00f3 chamou o socorro para a m\u00e3e por volta de 3h30.<\/p>\n\n\n\n<p>A equipe do Siate foi at\u00e9 o local e socorreu a senhora, que foi encaminhada ao hospital. J\u00e1 a filha foi detida e encaminhada \u00e0 Central de Flagrantes, para prestar esclarecimentos.<\/p>\n\n\n\n<p>TribunaPr<\/p>\n\n\n\n<p><br><\/p>\n","protected":false},"excerpt":{"rendered":"<p>Ap\u00f3s brigarem, mulher acertou a pr\u00f3pria m\u00e3e com cinco facas pelas costas. Mulher foi socorrida e n\u00e3o corre risco de morte Uma\u00a0mulher\u00a0de 29 anos\u00a0esfaqueou a pr\u00f3pria m\u00e3e\u00a0na noite dessa quinta-feira (16) na\u00a0Cidade Industrial de Curitiba. Segundo informa\u00e7\u00f5es do Corpo de Bombeiros, a senhora, de 59 anos, foi socorrida por volta das 3h30 da madrugada, mais [&hellip;]<\/p>\n","protected":false},"author":2,"featured_media":10718,"comment_status":"open","ping_status":"open","sticky":false,"template":"","format":"standard","meta":{"advanced_seo_description":"","jetpack_seo_html_title":"","jetpack_seo_noindex":false,"_jetpack_memberships_contains_paid_content":false,"footnotes":""},"categories":[33],"tags":[],"class_list":{"0":"post-10717","1":"post","2":"type-post","3":"status-publish","4":"format-standard","5":"has-post-thumbnail","7":"category-policia"},"jetpack_featured_media_url":"https:\/\/www.paranapraia.com.br\/wp-content\/uploads\/2019\/05\/faca.jpg","jetpack_sharing_enabled":true,"_links":{"self":[{"href":"https:\/\/www.paranapraia.com.br\/index.php\/wp-json\/wp\/v2\/posts\/10717"}],"collection":[{"href":"https:\/\/www.paranapraia.com.br\/index.php\/wp-json\/wp\/v2\/posts"}],"about":[{"href":"https:\/\/www.paranapraia.com.br\/index.php\/wp-json\/wp\/v2\/types\/post"}],"author":[{"embeddable":true,"href":"https:\/\/www.paranapraia.com.br\/index.php\/wp-json\/wp\/v2\/users\/2"}],"replies":[{"embeddable":true,"href":"https:\/\/www.paranapraia.com.br\/index.php\/wp-json\/wp\/v2\/comments?post=10717"}],"version-history":[{"count":1,"href":"https:\/\/www.paranapraia.com.br\/index.php\/wp-json\/wp\/v2\/posts\/10717\/revisions"}],"predecessor-version":[{"id":10719,"href":"https:\/\/www.paranapraia.com.br\/index.php\/wp-json\/wp\/v2\/posts\/10717\/revisions\/10719"}],"wp:featuredmedia":[{"embeddable":true,"href":"https:\/\/www.paranapraia.com.br\/index.php\/wp-json\/wp\/v2\/media\/10718"}],"wp:attachment":[{"href":"https:\/\/www.paranapraia.com.br\/index.php\/wp-json\/wp\/v2\/media?parent=10717"}],"wp:term":[{"taxonomy":"category","embeddable":true,"href":"https:\/\/www.paranapraia.com.br\/index.php\/wp-json\/wp\/v2\/categories?post=10717"},{"taxonomy":"post_tag","embeddable":true,"href":"https:\/\/www.paranapraia.com.br\/index.php\/wp-json\/wp\/v2\/tags?post=10717"}],"curies":[{"name":"wp","href":"https:\/\/api.w.org\/{rel}","templated":true}]}}