{"id":10710,"date":"2019-05-17T13:52:57","date_gmt":"2019-05-17T16:52:57","guid":{"rendered":"https:\/\/www.paranapraia.com.br\/?p=10710"},"modified":"2019-05-17T13:52:58","modified_gmt":"2019-05-17T16:52:58","slug":"servidor-da-casa-civil-e-o-novo-presidente-do-inep-responsavel-pelo-enem","status":"publish","type":"post","link":"https:\/\/www.paranapraia.com.br\/index.php\/2019\/05\/17\/servidor-da-casa-civil-e-o-novo-presidente-do-inep-responsavel-pelo-enem\/","title":{"rendered":"Servidor da Casa Civil \u00e9 o novo presidente do Inep, respons\u00e1vel pelo Enem"},"content":{"rendered":"\n<p>O terceiro presidente do Inep (Instituto Nacional de Pesquisas e Estudos Educacionais) na gest\u00e3o&nbsp;Jair Bolsonaro&nbsp;(PSL) ser\u00e1 Alexandre Pereira Ribeiro Lopes. A informa\u00e7\u00e3o foi confirmada&nbsp;pelo instituto. O MEC (Minist\u00e9rio da Educa\u00e7\u00e3o) ainda n\u00e3o se pronunciou. Ele \u00e9 o terceiro ocupante do cargo no governo Bolsonaro.<\/p>\n\n\n\n<p>Lopes estava na fun\u00e7\u00e3o de diretor legislativo na secretaria executiva da Casa Civil. Segundo informa\u00e7\u00f5es do MEC, ele \u00e9 servidor p\u00fablico da carreira de Analista de Com\u00e9rcio Exterior desde 1999, formado em engenharia qu\u00edmica pela UFRJ e em direito pela UnB.<\/p>\n\n\n\n<p>O novo presidente do Inep j\u00e1 ocupou outros cargos na administra\u00e7\u00e3o p\u00fablica. Ele foi secret\u00e1rio de Gest\u00e3o Administrativa e Desburocratiza\u00e7\u00e3o e subsecret\u00e1rio de Pol\u00edticas P\u00fablicas do governo do Distrito Federal.<\/p>\n\n\n\n<p>Lopes substitui Elmer Vicenzi, demitido nesta quinta-feira (16). Vicenzi estava no \u00f3rg\u00e3o, ligado ao minist\u00e9rio da Educa\u00e7\u00e3o e respons\u00e1vel pelo Enem (Exame Nacional do Ensino M\u00e9dio), desde 29 de abril.<\/p>\n\n\n\n<p>ATRITOS<\/p>\n\n\n\n<p>A assessoria do MEC, oficialmente, diz que Vicenzi pediu demiss\u00e3o, sem detalhar a motiva\u00e7\u00e3o. Delegado da PF (Pol\u00edcia Federal), ele foi dispensado ap\u00f3s 18 dias de trabalho. O motivo da exonera\u00e7\u00e3o teria sido uma disputa com a procuradora-chefe do Inep, Carolina Scherer Bicca, segundo relataram servidores do \u00f3rg\u00e3o. A demiss\u00e3o pegou muitos funcion\u00e1rios do Inep de surpresa.<\/p>\n\n\n\n<p>O conflito aconteceu em torno de uma diverg\u00eancia sobre a transpar\u00eancia de dados do Inep sobre os estudantes do ensino b\u00e1sico e superior. Segundo a&nbsp;reportagem apurou, Vicenzi era favor\u00e1vel ao uso dessas informa\u00e7\u00f5es para a formula\u00e7\u00e3o de pol\u00edticas p\u00fablicas. J\u00e1 a procuradora \u00e9 contra.<\/p>\n\n\n\n<p>Discordando de pareceres, decidiu retirar a fun\u00e7\u00e3o comissionada de um procurador. A decis\u00e3o n\u00e3o teria sido respaldada por Carolina, que levou o assunto at\u00e9 o secret\u00e1rio-executivo do Minist\u00e9rio da Educa\u00e7\u00e3o, Antonio Paulo Vogel. Em meio \u00e0 disputa, os servidores relatam que Carolina teria dito que n\u00e3o aceitaria a mudan\u00e7a e que s\u00f3 ficaria no posto se Vicenzi deixasse o cargo. Vogel ent\u00e3o optou por Carolina e o Minist\u00e9rio da Educa\u00e7\u00e3o chancelou a demiss\u00e3o.<\/p>\n\n\n\n<p>Esta foi a primeira baixa no alto escal\u00e3o da gest\u00e3o de Abraham Weintraub no comando do MEC. Ele assumiu a pasta em abril, no lugar do colombiano Ricardo V\u00e9lez Rodr\u00edguez, demitido ap\u00f3s uma crise entre as alas ligadas aos militares e ao escritor Olavo de Carvalho.<\/p>\n\n\n\n<p>Terceiro ocupante em 5 meses O presidente anterior do Inep, Marcus Vinicius Rodrigues, foi demitido por Ricardo V\u00e9lez Rodr\u00edguez, ex-ministro da Educa\u00e7\u00e3o, ap\u00f3s cancelar a avalia\u00e7\u00e3o federal de alfabetiza\u00e7\u00e3o de crian\u00e7as.<\/p>\n\n\n\n<p>No in\u00edcio do governo Bolsonaro, a presid\u00eancia era ocupada por Maria In\u00eas Fini, que foi exonerada no dia 14 de janeiro.<\/p>\n\n\n\n<p>A primeira mudan\u00e7a no comando do \u00f3rg\u00e3o veio depois de Bolsonaro ter criticado o Enem do ano passado por ter trazido uma pergunta que citava o &#8220;dialeto secreto&#8221; de gays e travestis. Segundo o presidente, a quest\u00e3o n\u00e3o media &#8220;conhecimento nenhum&#8221;.<\/p>\n\n\n\n<p>O Enem 2018 trazia um texto sobre o &#8220;pajub\u00e1, o dialeto secreto dos gays e travestis&#8221; e questionava o candidato quanto aos motivos que faziam a linguagem se caracterizar como &#8220;elemento de patrim\u00f4nio lingu\u00edstico&#8221;. Na \u00e9poca da prova, em novembro, o Inep n\u00e3o quis comentar as cr\u00edticas de Bolsonaro.<\/p>\n\n\n\n<p>BemParan\u00e1<\/p>\n","protected":false},"excerpt":{"rendered":"<p>O terceiro presidente do Inep (Instituto Nacional de Pesquisas e Estudos Educacionais) na gest\u00e3o&nbsp;Jair Bolsonaro&nbsp;(PSL) ser\u00e1 Alexandre Pereira Ribeiro Lopes. A informa\u00e7\u00e3o foi confirmada&nbsp;pelo instituto. O MEC (Minist\u00e9rio da Educa\u00e7\u00e3o) ainda n\u00e3o se pronunciou. Ele \u00e9 o terceiro ocupante do cargo no governo Bolsonaro. Lopes estava na fun\u00e7\u00e3o de diretor legislativo na secretaria executiva da [&hellip;]<\/p>\n","protected":false},"author":2,"featured_media":10711,"comment_status":"open","ping_status":"open","sticky":false,"template":"","format":"standard","meta":{"advanced_seo_description":"","jetpack_seo_html_title":"","jetpack_seo_noindex":false,"_jetpack_memberships_contains_paid_content":false,"footnotes":""},"categories":[43],"tags":[],"class_list":{"0":"post-10710","1":"post","2":"type-post","3":"status-publish","4":"format-standard","5":"has-post-thumbnail","7":"category-cotidiano"},"jetpack_featured_media_url":"https:\/\/www.paranapraia.com.br\/wp-content\/uploads\/2019\/05\/enem-1.jpg","jetpack_sharing_enabled":true,"_links":{"self":[{"href":"https:\/\/www.paranapraia.com.br\/index.php\/wp-json\/wp\/v2\/posts\/10710"}],"collection":[{"href":"https:\/\/www.paranapraia.com.br\/index.php\/wp-json\/wp\/v2\/posts"}],"about":[{"href":"https:\/\/www.paranapraia.com.br\/index.php\/wp-json\/wp\/v2\/types\/post"}],"author":[{"embeddable":true,"href":"https:\/\/www.paranapraia.com.br\/index.php\/wp-json\/wp\/v2\/users\/2"}],"replies":[{"embeddable":true,"href":"https:\/\/www.paranapraia.com.br\/index.php\/wp-json\/wp\/v2\/comments?post=10710"}],"version-history":[{"count":1,"href":"https:\/\/www.paranapraia.com.br\/index.php\/wp-json\/wp\/v2\/posts\/10710\/revisions"}],"predecessor-version":[{"id":10712,"href":"https:\/\/www.paranapraia.com.br\/index.php\/wp-json\/wp\/v2\/posts\/10710\/revisions\/10712"}],"wp:featuredmedia":[{"embeddable":true,"href":"https:\/\/www.paranapraia.com.br\/index.php\/wp-json\/wp\/v2\/media\/10711"}],"wp:attachment":[{"href":"https:\/\/www.paranapraia.com.br\/index.php\/wp-json\/wp\/v2\/media?parent=10710"}],"wp:term":[{"taxonomy":"category","embeddable":true,"href":"https:\/\/www.paranapraia.com.br\/index.php\/wp-json\/wp\/v2\/categories?post=10710"},{"taxonomy":"post_tag","embeddable":true,"href":"https:\/\/www.paranapraia.com.br\/index.php\/wp-json\/wp\/v2\/tags?post=10710"}],"curies":[{"name":"wp","href":"https:\/\/api.w.org\/{rel}","templated":true}]}}