{"id":10704,"date":"2019-05-17T13:47:49","date_gmt":"2019-05-17T16:47:49","guid":{"rendered":"https:\/\/www.paranapraia.com.br\/?p=10704"},"modified":"2019-05-17T13:47:50","modified_gmt":"2019-05-17T16:47:50","slug":"carro-se-envolve-em-acidente-com-bicicleta-na-br-376-e-ciclista-fica-gravemente-ferido","status":"publish","type":"post","link":"https:\/\/www.paranapraia.com.br\/index.php\/2019\/05\/17\/carro-se-envolve-em-acidente-com-bicicleta-na-br-376-e-ciclista-fica-gravemente-ferido\/","title":{"rendered":"Carro se envolve em acidente com bicicleta na BR-376, e ciclista fica gravemente ferido"},"content":{"rendered":"\n<h4 class=\"wp-block-heading\">Ve\u00edculo saiu da pista e acabou acertando no ciclista, de acordo com a PRF. Acidente aconteceu na manh\u00e3 desta sexta-feira (17), em S\u00e3o Jos\u00e9 dos Pinhais.<\/h4>\n\n\n\n<p>Um carro se envolveu em um acidente com uma bicicleta na BR-376 em S\u00e3o Jos\u00e9 dos Pinhais, na Regi\u00e3o Metropolitana de Curitiba, na manh\u00e3 desta sexta-feira (17), de acordo com a Pol\u00edcia Rodovi\u00e1ria Federal (PRF).<\/p>\n\n\n\n<p>Segundo a PRF, o ciclista foi levado a um hospital do munic\u00edpio em estado grave. Ele estava sem documento e, at\u00e9 a publica\u00e7\u00e3o desta reportagem, n\u00e3o tinha sido identificado.<\/p>\n\n\n\n<p>O ve\u00edculo saiu da pista e acabou acertando no ciclista que, conforme a PRF, pedalava na faixa da direita. No local, h\u00e1 tr\u00eas faixas, sem acostamento.<\/p>\n\n\n\n<p>Chovia no momento do acidente, ainda de acordo com a PRF.<\/p>\n\n\n\n<p>G1<br><\/p>\n","protected":false},"excerpt":{"rendered":"<p>Ve\u00edculo saiu da pista e acabou acertando no ciclista, de acordo com a PRF. Acidente aconteceu na manh\u00e3 desta sexta-feira (17), em S\u00e3o Jos\u00e9 dos Pinhais. Um carro se envolveu em um acidente com uma bicicleta na BR-376 em S\u00e3o Jos\u00e9 dos Pinhais, na Regi\u00e3o Metropolitana de Curitiba, na manh\u00e3 desta sexta-feira (17), de acordo [&hellip;]<\/p>\n","protected":false},"author":2,"featured_media":10705,"comment_status":"open","ping_status":"open","sticky":false,"template":"","format":"standard","meta":{"advanced_seo_description":"","jetpack_seo_html_title":"","jetpack_seo_noindex":false,"_jetpack_memberships_contains_paid_content":false,"footnotes":""},"categories":[52],"tags":[],"class_list":{"0":"post-10704","1":"post","2":"type-post","3":"status-publish","4":"format-standard","5":"has-post-thumbnail","7":"category-acidentes"},"jetpack_featured_media_url":"https:\/\/www.paranapraia.com.br\/wp-content\/uploads\/2019\/05\/acidente-aconteceu-na-manha-desta-sexta-feira-17-em-sao-jose-dos-pinhais.jpg","jetpack_sharing_enabled":true,"_links":{"self":[{"href":"https:\/\/www.paranapraia.com.br\/index.php\/wp-json\/wp\/v2\/posts\/10704"}],"collection":[{"href":"https:\/\/www.paranapraia.com.br\/index.php\/wp-json\/wp\/v2\/posts"}],"about":[{"href":"https:\/\/www.paranapraia.com.br\/index.php\/wp-json\/wp\/v2\/types\/post"}],"author":[{"embeddable":true,"href":"https:\/\/www.paranapraia.com.br\/index.php\/wp-json\/wp\/v2\/users\/2"}],"replies":[{"embeddable":true,"href":"https:\/\/www.paranapraia.com.br\/index.php\/wp-json\/wp\/v2\/comments?post=10704"}],"version-history":[{"count":1,"href":"https:\/\/www.paranapraia.com.br\/index.php\/wp-json\/wp\/v2\/posts\/10704\/revisions"}],"predecessor-version":[{"id":10706,"href":"https:\/\/www.paranapraia.com.br\/index.php\/wp-json\/wp\/v2\/posts\/10704\/revisions\/10706"}],"wp:featuredmedia":[{"embeddable":true,"href":"https:\/\/www.paranapraia.com.br\/index.php\/wp-json\/wp\/v2\/media\/10705"}],"wp:attachment":[{"href":"https:\/\/www.paranapraia.com.br\/index.php\/wp-json\/wp\/v2\/media?parent=10704"}],"wp:term":[{"taxonomy":"category","embeddable":true,"href":"https:\/\/www.paranapraia.com.br\/index.php\/wp-json\/wp\/v2\/categories?post=10704"},{"taxonomy":"post_tag","embeddable":true,"href":"https:\/\/www.paranapraia.com.br\/index.php\/wp-json\/wp\/v2\/tags?post=10704"}],"curies":[{"name":"wp","href":"https:\/\/api.w.org\/{rel}","templated":true}]}}