{"id":10701,"date":"2019-05-17T13:46:59","date_gmt":"2019-05-17T16:46:59","guid":{"rendered":"https:\/\/www.paranapraia.com.br\/?p=10701"},"modified":"2019-05-17T13:47:02","modified_gmt":"2019-05-17T16:47:02","slug":"suspeito-de-manter-adolescente-em-carcere-privado-e-preso-em-flagrante","status":"publish","type":"post","link":"https:\/\/www.paranapraia.com.br\/index.php\/2019\/05\/17\/suspeito-de-manter-adolescente-em-carcere-privado-e-preso-em-flagrante\/","title":{"rendered":"Suspeito de manter adolescente em c\u00e1rcere privado \u00e9 preso em flagrante"},"content":{"rendered":"\n<p>Um homem foi preso em flagrante na noite desta quinta-feira (16), suspeito de manter uma adolescente, de 17 anos, em c\u00e1rcere privado em uma casa na Cidade Industrial de Curitiba (CIC). Al\u00e9m de amea\u00e7ar a v\u00edtima \u2013 com quem manteve um relacionamento \u2013 o homem trancava a resid\u00eancia com correntes e cadeados, e teria for\u00e7ado rela\u00e7\u00f5es sexuais com a v\u00edtima.<\/p>\n\n\n\n<p>O delegado do N\u00facleo de Prote\u00e7\u00e3o \u00e0 Crian\u00e7a e ao Adolescente V\u00edtimas de Crimes (Nucria), Jos\u00e9 Barreto de Macedo Jr, explicou que m\u00e3e da jovem procurou a especializada no in\u00edcio de maio, quando relatou que o suspeito, de 30 anos, teria mantido a adolescente em c\u00e1rcere privado por 15 dias. Ambos mantinham um relacionamento h\u00e1 aproximadamente tr\u00eas meses. \u201cA v\u00edtima conseguiu sair e a m\u00e3e levou a filha at\u00e9 o Nucria para fazer o Boletim de Ocorr\u00eancia. Foi instaurado inqu\u00e9rito e est\u00e1vamos investigando, at\u00e9 que a m\u00e3e acionou a pol\u00edcia e alegou que a filha estava novamente sob c\u00e1rcere privado, h\u00e1 aproximadamente uma semana\u201d, explicou.<\/p>\n\n\n\n<p>O T\u00e1tico Integrado de Grupos de Repress\u00f5es Especiais (TIGRE) foi acionado na quinta-feira (16) e, ao encontrar o endere\u00e7o do suspeito, descobriu que o port\u00e3o da casa \u2013 local em que estavam dois cachorros de guarda \u2013 estava fechado com correntes e cadeados. \u201cA v\u00edtima estava trancada dentro do local e o homem foi preso em flagrante. Foi feita a escuta especializada e a v\u00edtima confirmou os fatos e falou que, naquele dia, ambos tinham discutido e que ele havia chamado ela de vagabunda\u201d, detalhou o delegado. A adolescente tamb\u00e9m relatou \u00e0 equipe que o suspeito estava amea\u00e7ando ela e sua m\u00e3e de morte, al\u00e9m de ter for\u00e7ado rela\u00e7\u00f5es sexuais. \u201cFoi verificado que ele tem passagens policiais por tr\u00e1fico e furto, e a v\u00edtima disse, ainda, que ele j\u00e1 teria a usado para o cometimento do crime de tr\u00e1fico\u201d.<\/p>\n\n\n\n<p>De acordo com delegado Cristiano Quintas, do TIGRE, al\u00e9m de imposi\u00e7\u00f5es e barreiras f\u00edsicas, o homem tamb\u00e9m realizava imposi\u00e7\u00f5es psicol\u00f3gicas \u00e0 v\u00edtima. \u201cAssim que entramos na casa, ela estava sentada no sof\u00e1 e aparentou estar bastante intimidada, enquanto ele tomava banho. Em conversa com a adolescente, ela inicialmente n\u00e3o quis falar, mas depois confirmou o que tinha contado para a m\u00e3e pelas poucas mensagens que conseguiu mandar. Al\u00e9m das imposi\u00e7\u00f5es f\u00edsicas que ele colocava, fica mais claro ainda a psicol\u00f3gica, pois mesmo que tivesse uma porta aberta ela n\u00e3o conseguiria sair, pois tinha medo de que a m\u00e3e fosse morta\u201d, detalhou.<\/p>\n\n\n\n<p>O homem ser\u00e1 autuado por c\u00e1rcere privado e inj\u00faria, al\u00e9m de ser investigado em Inqu\u00e9rito Policial por estupro qualificado.<\/p>\n\n\n\n<p>MassaNews<\/p>\n","protected":false},"excerpt":{"rendered":"<p>Um homem foi preso em flagrante na noite desta quinta-feira (16), suspeito de manter uma adolescente, de 17 anos, em c\u00e1rcere privado em uma casa na Cidade Industrial de Curitiba (CIC). Al\u00e9m de amea\u00e7ar a v\u00edtima \u2013 com quem manteve um relacionamento \u2013 o homem trancava a resid\u00eancia com correntes e cadeados, e teria for\u00e7ado [&hellip;]<\/p>\n","protected":false},"author":2,"featured_media":10702,"comment_status":"open","ping_status":"open","sticky":false,"template":"","format":"standard","meta":{"advanced_seo_description":"","jetpack_seo_html_title":"","jetpack_seo_noindex":false,"_jetpack_memberships_contains_paid_content":false,"footnotes":""},"categories":[33],"tags":[],"class_list":{"0":"post-10701","1":"post","2":"type-post","3":"status-publish","4":"format-standard","5":"has-post-thumbnail","7":"category-policia"},"jetpack_featured_media_url":"https:\/\/www.paranapraia.com.br\/wp-content\/uploads\/2019\/05\/p-1.jpg","jetpack_sharing_enabled":true,"_links":{"self":[{"href":"https:\/\/www.paranapraia.com.br\/index.php\/wp-json\/wp\/v2\/posts\/10701"}],"collection":[{"href":"https:\/\/www.paranapraia.com.br\/index.php\/wp-json\/wp\/v2\/posts"}],"about":[{"href":"https:\/\/www.paranapraia.com.br\/index.php\/wp-json\/wp\/v2\/types\/post"}],"author":[{"embeddable":true,"href":"https:\/\/www.paranapraia.com.br\/index.php\/wp-json\/wp\/v2\/users\/2"}],"replies":[{"embeddable":true,"href":"https:\/\/www.paranapraia.com.br\/index.php\/wp-json\/wp\/v2\/comments?post=10701"}],"version-history":[{"count":1,"href":"https:\/\/www.paranapraia.com.br\/index.php\/wp-json\/wp\/v2\/posts\/10701\/revisions"}],"predecessor-version":[{"id":10703,"href":"https:\/\/www.paranapraia.com.br\/index.php\/wp-json\/wp\/v2\/posts\/10701\/revisions\/10703"}],"wp:featuredmedia":[{"embeddable":true,"href":"https:\/\/www.paranapraia.com.br\/index.php\/wp-json\/wp\/v2\/media\/10702"}],"wp:attachment":[{"href":"https:\/\/www.paranapraia.com.br\/index.php\/wp-json\/wp\/v2\/media?parent=10701"}],"wp:term":[{"taxonomy":"category","embeddable":true,"href":"https:\/\/www.paranapraia.com.br\/index.php\/wp-json\/wp\/v2\/categories?post=10701"},{"taxonomy":"post_tag","embeddable":true,"href":"https:\/\/www.paranapraia.com.br\/index.php\/wp-json\/wp\/v2\/tags?post=10701"}],"curies":[{"name":"wp","href":"https:\/\/api.w.org\/{rel}","templated":true}]}}