{"id":10696,"date":"2019-05-17T13:45:51","date_gmt":"2019-05-17T16:45:51","guid":{"rendered":"https:\/\/www.paranapraia.com.br\/?p=10696"},"modified":"2019-05-17T13:45:53","modified_gmt":"2019-05-17T16:45:53","slug":"imagens-mostram-pms-atirando-em-carro-de-rapaz-durante-abordagem-em-curitiba-tiros-comecaram-antes-de-perseguicao-chegar-a-praca-da-espanha","status":"publish","type":"post","link":"https:\/\/www.paranapraia.com.br\/index.php\/2019\/05\/17\/imagens-mostram-pms-atirando-em-carro-de-rapaz-durante-abordagem-em-curitiba-tiros-comecaram-antes-de-perseguicao-chegar-a-praca-da-espanha\/","title":{"rendered":"Imagens mostram PMs atirando em carro de rapaz durante abordagem, em Curitiba; tiros come\u00e7aram antes de persegui\u00e7\u00e3o chegar \u00e0 Pra\u00e7a da Espanha"},"content":{"rendered":"\n<h4 class=\"wp-block-heading\">Situa\u00e7\u00e3o aconteceu na madrugada de domingo (12). PM havia dito que policiais atiraram contra o pneu do ve\u00edculo na rua que fica ao lado da Pra\u00e7a da Espanha.<\/h4>\n\n\n\n<p>Imagens mostram policiais atirando no carro do rapaz que foi\u00a0morto durante uma abordagem, na madrugada de domingo (12), antes de chegar \u00e0 Pra\u00e7a da Espanha, em Curitiba.<\/p>\n\n\n\n<p>Disparos j\u00e1 foram feitos na Avenida Vicente Machado, o que contraria a informa\u00e7\u00e3o que a Pol\u00edcia Militar (PM) deu no dia do ocorrido. O ve\u00edculo estava parado, quando os policiais o cercaram.&nbsp;<strong>Veja o v\u00eddeo.<\/strong><\/p>\n\n\n\n<p>Na nota enviada no domingo, a PM disse que autom\u00f3vel foi abordado na Vicente Machado, que o motorista n\u00e3o acatou a ordem e arrancou o carro de maneira brusca. Ent\u00e3o, de acordo com essa nota, a equipe policial come\u00e7ou um acompanhamento t\u00e1tico.<\/p>\n\n\n\n<p><strong>Leia um trecho da nota da PM:<\/strong><\/p>\n\n\n\n<p><em>&#8220;J\u00e1 na rua Fernando Simas o ve\u00edculo parou, a equipe tentou nova abordagem, mas ele n\u00e3o acatou e engatou marcha \u00e0 r\u00e9 e quase atropelou os policiais. Ele tamb\u00e9m bateu em um ve\u00edculo gol que estava estacionado. A equipe policial atirou no pneu do carro na tentativa de par\u00e1-lo, mas ele continuou avan\u00e7ando contra os policiais, que atiraram novamente&#8221;.<\/em><\/p>\n\n\n\n<p>Sobre o fato de tiros j\u00e1 terem sido disparados na Vicente Machado, a PM informou que o inqu\u00e9rito foi aberto &#8220;imediatamente ap\u00f3s o fato para apurar todas as circunst\u00e2ncias que envolvem a ocorr\u00eancia&#8221;.<\/p>\n\n\n\n<p><em>*Veja, no fim da reportagem, a nota enviada pela PM no domingo.<\/em><\/p>\n\n\n\n<h2 class=\"wp-block-heading\">Reunido com a fam\u00edlia<\/h2>\n\n\n\n<p>Andrei Francisquini tinha 35 anos e se reuniu com a fam\u00edlia horas antes de ser morto.<\/p>\n\n\n\n<p>Depois de jantar com a fam\u00edlia, ele disse \u00e0 m\u00e3e \u2013 Daisy Orsinique \u2013 que levaria um amigo a Campo Largo, na Regi\u00e3o Metropolitana da capital paranaense, e que n\u00e3o iria demorar.<\/p>\n\n\n\n<p>Ficou combinado que ele tomaria caf\u00e9 da manh\u00e3 com a m\u00e3e no domingo, que foi Dia das M\u00e3es.<\/p>\n\n\n\n<blockquote class=\"wp-block-quote is-layout-flow wp-block-quote-is-layout-flow\"><p>&#8220;Uma m\u00e3e correndo atr\u00e1s do seu filho morto, na expectativa que fosse tomar caf\u00e9. Essa dor \u00e9 irrepar\u00e1vel&#8221;, desabafou Daisy Orsini.<\/p><\/blockquote>\n\n\n\n<h2 class=\"wp-block-heading\">Carro com pend\u00eancias<\/h2>\n\n\n\n<p>Daisy Orsini contou que Francisquini estava com a presta\u00e7\u00e3o do ve\u00edculo atrasada e com o Imposto sobre Propriedades de Ve\u00edculos Automotores (IPVA) vencido. Por isso, ela acredita que o filho possa ter fugido da abordagem policial devido \u00e0s\u00a0pend\u00eancias do autom\u00f3vel.<\/p>\n\n\n\n<p>Daisy Orsini tamb\u00e9m disse que Francisquini n\u00e3o tinha arma no carro, ao contr\u00e1rio do que afirma a Pol\u00edcia Militar (PM). De acordo com a PM, uma arma foi apreendida com ele. Al\u00e9m disso, a PM disse que o rapaz reagiu como se fosse atirar nos policiais.<\/p>\n\n\n\n<figure class=\"wp-block-image\"><img decoding=\"async\" src=\"https:\/\/s2.glbimg.com\/9kBi0qpK127Cq0l4uILQ09kky48=\/0x0:1272x709\/984x0\/smart\/filters:strip_icc()\/i.s3.glbimg.com\/v1\/AUTH_59edd422c0c84a879bd37670ae4f538a\/internal_photos\/bs\/2019\/6\/L\/BZHMoWTbAxEI5eoBJ1AA\/capturar.jpg\" alt=\"M\u00e3e de Andrei Francisquini disse que o filho tinha pend\u00eancias referentes ao carro e, por isso, pode ter fugido da abordagem policial \u2014 Foto: Reprodu\u00e7\u00e3o\/RPC\"\/><\/figure>\n\n\n\n<p>M\u00e3e de Andrei Francisquini disse que o filho tinha pend\u00eancias referentes ao carro e, por isso, pode ter fugido da abordagem policial \u2014 Foto: Reprodu\u00e7\u00e3o\/RPC<\/p>\n\n\n\n<p>Francisquini morreu antes de o Servi\u00e7o Integrado de Atendimento ao Trauma em Emerg\u00eancia (Siate) chegar para presta socorro.<\/p>\n\n\n\n<h2 class=\"wp-block-heading\">Tiros na Vicente Machado<\/h2>\n\n\n\n<p>A PM havia informado que o motorista foi abordado na Vicente Machado, n\u00e3o obedeceu a ordem de parada e fugiu. Ent\u00e3o, segundo a PM, come\u00e7ou a persegui\u00e7\u00e3o policial, e o ve\u00edculo foi cercado na Pra\u00e7a da Espanha.<\/p>\n\n\n\n<p>Na Pra\u00e7a da Espanha, houve mais disparos. Dezenas de pessoas estavam na pra\u00e7a, assim como na Vicente Machado. Por\u00e9m, ningu\u00e9m mais foi baleado.<\/p>\n\n\n\n<p>Uma testemunha, que preferiu n\u00e3o se identificar, j\u00e1 tinha afirmado que ouviu tiros na Vicente Machado.<\/p>\n\n\n\n<p>&#8220;Estava com alguns amigos ali, estava bebendo, conversando, descontra\u00eddo. Por volta da uma hora, a gente chegou a notar uma abordagem da Pol\u00edcia Militar a um ve\u00edculo Corsa, na frente ali do estabelecimento, e alguns segundos depois ouvimos cinco disparos de arma de fogo&#8221;, disse a testemunha.<\/p>\n\n\n\n<h2 class=\"wp-block-heading\">O que diz a Pol\u00edcia Civil<\/h2>\n\n\n\n<p>A Pol\u00edcia Civil j\u00e1 havia afirmado estar analisando o ocorrido e, se for verificado que a compet\u00eancia n\u00e3o \u00e9 exclusiva da Justi\u00e7a militar, a corpora\u00e7\u00e3o instaurar inqu\u00e9rito policial sobre o caso.<\/p>\n\n\n\n<h2 class=\"wp-block-heading\">Leia a \u00edntegra da nota enviada pela PM no dia 12 de maio<\/h2>\n\n\n\n<p><em>&#8220;Conforme registro em Boletim de Ocorr\u00eancia, em patrulhamento pela Avenida Vicente Machado uma equipe policial viu um homem manuseando arma de fogo dentro de um ve\u00edculo corsa branco e tentou abord\u00e1-lo, mas o motorista n\u00e3o acatou a ordem de abordagem, e arrancou com o ve\u00edculo de maneira brusca. A equipe policial iniciou, ent\u00e3o, um acompanhamento t\u00e1tico. Na fuga o carro colidiu com um ve\u00edculo voyage e continuou fugindo.<\/em><\/p>\n\n\n\n<p><em>J\u00e1 na rua Fernando Simas o ve\u00edculo parou, a equipe tentou nova abordagem, mas ele n\u00e3o acatou e engatou marcha \u00e0 r\u00e9 e quase atropelou os policiais. Ele tamb\u00e9m bateu em um ve\u00edculo gol que estava estacionado. A equipe policial atirou no pneu do carro na tentativa de par\u00e1-lo, mas ele continuou avan\u00e7ando contra os policiais, que atiraram novamente. A equipe, ent\u00e3o, se aproximou e verificou que o homem estava ferido. O Siate foi acionado para socorr\u00ea-lo, mas quando chegou constatou o \u00f3bito.<\/em><\/p>\n\n\n\n<p><em>Ainda, conforme consta em Boletim de Ocorr\u00eancia o homem estava com uma pistola calibre 9mm no colo. A equipe policial acionou a per\u00edcia, que recolheu a arma. O ve\u00edculo corsa foi apreendido pela equipe policial para os procedimentos.<\/em><\/p>\n\n\n\n<p><em>Consultado no sistema, verificou-se que o ve\u00edculo j\u00e1 havia fugido de uma abordagem policial em 30\/03\/19, ap\u00f3s o condutor ter sido visto efetuando disparos de arma de fogo em via p\u00fablica. Tamb\u00e9m consta no sistema um encaminhamento deste mesmo homem, em 2015, na cidade de Jacarezinho (PR) por conduzir ve\u00edculo com CNH cassada, quando tambem fugiu da pol\u00edcia.<\/em><\/p>\n\n\n\n<p><em>Para toda ocorr\u00eancia deste tipo, envolvendo policial militar e equipamentos da corpora\u00e7\u00e3o, \u00e9 aberto um procedimento para apurar as circunst\u00e2ncias&#8221;.<\/em><\/p>\n\n\n\n<p><\/p>\n\n\n\n<p>G1<\/p>\n","protected":false},"excerpt":{"rendered":"<p>Situa\u00e7\u00e3o aconteceu na madrugada de domingo (12). PM havia dito que policiais atiraram contra o pneu do ve\u00edculo na rua que fica ao lado da Pra\u00e7a da Espanha. Imagens mostram policiais atirando no carro do rapaz que foi\u00a0morto durante uma abordagem, na madrugada de domingo (12), antes de chegar \u00e0 Pra\u00e7a da Espanha, em Curitiba. [&hellip;]<\/p>\n","protected":false},"author":2,"featured_media":10699,"comment_status":"open","ping_status":"open","sticky":false,"template":"","format":"standard","meta":{"advanced_seo_description":"","jetpack_seo_html_title":"","jetpack_seo_noindex":false,"_jetpack_memberships_contains_paid_content":false,"footnotes":""},"categories":[33],"tags":[],"class_list":{"0":"post-10696","1":"post","2":"type-post","3":"status-publish","4":"format-standard","5":"has-post-thumbnail","7":"category-policia"},"jetpack_featured_media_url":"https:\/\/www.paranapraia.com.br\/wp-content\/uploads\/2019\/05\/abordagem.jpg","jetpack_sharing_enabled":true,"_links":{"self":[{"href":"https:\/\/www.paranapraia.com.br\/index.php\/wp-json\/wp\/v2\/posts\/10696"}],"collection":[{"href":"https:\/\/www.paranapraia.com.br\/index.php\/wp-json\/wp\/v2\/posts"}],"about":[{"href":"https:\/\/www.paranapraia.com.br\/index.php\/wp-json\/wp\/v2\/types\/post"}],"author":[{"embeddable":true,"href":"https:\/\/www.paranapraia.com.br\/index.php\/wp-json\/wp\/v2\/users\/2"}],"replies":[{"embeddable":true,"href":"https:\/\/www.paranapraia.com.br\/index.php\/wp-json\/wp\/v2\/comments?post=10696"}],"version-history":[{"count":1,"href":"https:\/\/www.paranapraia.com.br\/index.php\/wp-json\/wp\/v2\/posts\/10696\/revisions"}],"predecessor-version":[{"id":10700,"href":"https:\/\/www.paranapraia.com.br\/index.php\/wp-json\/wp\/v2\/posts\/10696\/revisions\/10700"}],"wp:featuredmedia":[{"embeddable":true,"href":"https:\/\/www.paranapraia.com.br\/index.php\/wp-json\/wp\/v2\/media\/10699"}],"wp:attachment":[{"href":"https:\/\/www.paranapraia.com.br\/index.php\/wp-json\/wp\/v2\/media?parent=10696"}],"wp:term":[{"taxonomy":"category","embeddable":true,"href":"https:\/\/www.paranapraia.com.br\/index.php\/wp-json\/wp\/v2\/categories?post=10696"},{"taxonomy":"post_tag","embeddable":true,"href":"https:\/\/www.paranapraia.com.br\/index.php\/wp-json\/wp\/v2\/tags?post=10696"}],"curies":[{"name":"wp","href":"https:\/\/api.w.org\/{rel}","templated":true}]}}