{"id":10660,"date":"2019-05-17T11:32:04","date_gmt":"2019-05-17T14:32:04","guid":{"rendered":"https:\/\/www.paranapraia.com.br\/?p=10660"},"modified":"2019-05-17T11:32:06","modified_gmt":"2019-05-17T14:32:06","slug":"jose-dirceu-tem-ate-as-16h-desta-sexta-feira-17-para-se-entregar-a-pf-em-curitiba","status":"publish","type":"post","link":"https:\/\/www.paranapraia.com.br\/index.php\/2019\/05\/17\/jose-dirceu-tem-ate-as-16h-desta-sexta-feira-17-para-se-entregar-a-pf-em-curitiba\/","title":{"rendered":"Jos\u00e9 Dirceu tem at\u00e9 as 16h desta sexta-feira (17) para se entregar \u00e0 PF, em Curitiba"},"content":{"rendered":"\n<h4 class=\"wp-block-heading\">Justi\u00e7a do Paran\u00e1 mandou prender novamente o ex-ministro para cumprimento da pena de 8 anos e 10 meses pela segunda condena\u00e7\u00e3o dele na Lava Jato.<\/h4>\n\n\n\n<p>O prazo estipulado pelo juiz federal Luiz Antonio Bonat\u00a0para que o ex-ministro Jos\u00e9 Dirceu se entregue \u00e0 Pol\u00edcia Federal (PF), em Curitiba, termina \u00e0s 16h desta sexta-feira (17).<\/p>\n\n\n\n<p>A Justi\u00e7a do Paran\u00e1 mandou prend\u00ea-lo novamente para cumprimento da pena da segunda condena\u00e7\u00e3o dele na Lava Jato.<\/p>\n\n\n\n<p>A determina\u00e7\u00e3o foi feita depois que o\u00a0Tribunal Regional Federal da 4\u00aa Regi\u00e3o (TRF-4) negou, por unanimidade, um recurso da defesa, que pedia prescri\u00e7\u00e3o da pena pelos crimes de corrup\u00e7\u00e3o passiva e lavagem de dinheiro.<\/p>\n\n\n\n<p>Mesmo que a pris\u00e3o seja executada, a defesa do ex-ministro ainda pode recorrer ao Supremo Tribunal Federal (STF) e ao Superior Tribunal de Justi\u00e7a (STJ). Os advogados tamb\u00e9m podem tentar um \u00faltimo recurso, chamado de embargos dos embargos, no pr\u00f3prio TRF-4.<\/p>\n\n\n\n<p>Neste caso, Dirceu foi\u00a0condenado em primeira inst\u00e2ncia por corrup\u00e7\u00e3o e lavagem de dinheiro, em 2017, em um processo que investigou recebimento de propina em um contrato com a empresa Apolo Tubulars para o fornecimento de tubos para a Petrobras, entre 2009 e 2012.<\/p>\n\n\n\n<h2 class=\"wp-block-heading\">Primeira condena\u00e7\u00e3o<\/h2>\n\n\n\n<p>Antes, ele chegou a ser preso pela\u00a0primeira condena\u00e7\u00e3o que recebeu na Lava Jato. Dirceu ficou preso em Curitiba entre agosto de 2015 e maio de 2017.<\/p>\n\n\n\n<p>Um habeas corpus obtido no STF concedeu a ele o direito de aguardar o julgamento dos recursos com monitoramento por tornozeleira eletr\u00f4nica.<\/p>\n\n\n\n<p>Depois dos recursos julgados, em 2018, o ex-ministro voltou \u00e0 pris\u00e3o. Ele foi solto novamente em junho de 2018, ap\u00f3s uma\u00a0determina\u00e7\u00e3o da Segunda Turma do STF, que considerou que ele deveria aguardar em liberdade at\u00e9 que os recursos desta primeira condena\u00e7\u00e3o fossem julgados pelo STJ.<\/p>\n\n\n\n<p>No primeiro processo, o ex-ministro foi condenado por corrup\u00e7\u00e3o ativa, lavagem de dinheiro e organiza\u00e7\u00e3o criminosa.<\/p>\n\n\n\n<h2 class=\"wp-block-heading\">Andamento do processo da segunda condena\u00e7\u00e3o<\/h2>\n\n\n\n<ul class=\"wp-block-list\"><li>A pena estipulada na primeira inst\u00e2ncia, no Paran\u00e1, havia sido de\u00a011 anos e 3 meses;<\/li><li>Na apela\u00e7\u00e3o, a 8\u00aa Turma do TRF-4 decidiu, por maioria,\u00a0reduzir o tempo para 8 anos e 10 meses;<\/li><li>Um dos desembargadores, Victor dos Santos Laus, proferiu um tempo menor de pris\u00e3o e a defesa entrou com recurso de embargos infringentes, na 4\u00aa Se\u00e7\u00e3o do tribunal;<\/li><li>Primeiro julgamento na 4\u00aa Se\u00e7\u00e3o\u00a0negou o pedido para reduzir a pena;<\/li><li>O ex-ministro tamb\u00e9m tentou anula\u00e7\u00e3o ou a reforma da senten\u00e7a, com recurso na 8\u00aa Turma, o\u00a0que foi negado.<\/li><\/ul>\n\n\n\n<p>G1PR<\/p>\n","protected":false},"excerpt":{"rendered":"<p>Justi\u00e7a do Paran\u00e1 mandou prender novamente o ex-ministro para cumprimento da pena de 8 anos e 10 meses pela segunda condena\u00e7\u00e3o dele na Lava Jato. O prazo estipulado pelo juiz federal Luiz Antonio Bonat\u00a0para que o ex-ministro Jos\u00e9 Dirceu se entregue \u00e0 Pol\u00edcia Federal (PF), em Curitiba, termina \u00e0s 16h desta sexta-feira (17). A Justi\u00e7a [&hellip;]<\/p>\n","protected":false},"author":2,"featured_media":10661,"comment_status":"open","ping_status":"open","sticky":false,"template":"","format":"standard","meta":{"advanced_seo_description":"","jetpack_seo_html_title":"","jetpack_seo_noindex":false,"_jetpack_memberships_contains_paid_content":false,"footnotes":""},"categories":[32],"tags":[],"class_list":{"0":"post-10660","1":"post","2":"type-post","3":"status-publish","4":"format-standard","5":"has-post-thumbnail","7":"category-politica"},"jetpack_featured_media_url":"https:\/\/www.paranapraia.com.br\/wp-content\/uploads\/2019\/05\/ze.jpg","jetpack_sharing_enabled":true,"_links":{"self":[{"href":"https:\/\/www.paranapraia.com.br\/index.php\/wp-json\/wp\/v2\/posts\/10660"}],"collection":[{"href":"https:\/\/www.paranapraia.com.br\/index.php\/wp-json\/wp\/v2\/posts"}],"about":[{"href":"https:\/\/www.paranapraia.com.br\/index.php\/wp-json\/wp\/v2\/types\/post"}],"author":[{"embeddable":true,"href":"https:\/\/www.paranapraia.com.br\/index.php\/wp-json\/wp\/v2\/users\/2"}],"replies":[{"embeddable":true,"href":"https:\/\/www.paranapraia.com.br\/index.php\/wp-json\/wp\/v2\/comments?post=10660"}],"version-history":[{"count":1,"href":"https:\/\/www.paranapraia.com.br\/index.php\/wp-json\/wp\/v2\/posts\/10660\/revisions"}],"predecessor-version":[{"id":10662,"href":"https:\/\/www.paranapraia.com.br\/index.php\/wp-json\/wp\/v2\/posts\/10660\/revisions\/10662"}],"wp:featuredmedia":[{"embeddable":true,"href":"https:\/\/www.paranapraia.com.br\/index.php\/wp-json\/wp\/v2\/media\/10661"}],"wp:attachment":[{"href":"https:\/\/www.paranapraia.com.br\/index.php\/wp-json\/wp\/v2\/media?parent=10660"}],"wp:term":[{"taxonomy":"category","embeddable":true,"href":"https:\/\/www.paranapraia.com.br\/index.php\/wp-json\/wp\/v2\/categories?post=10660"},{"taxonomy":"post_tag","embeddable":true,"href":"https:\/\/www.paranapraia.com.br\/index.php\/wp-json\/wp\/v2\/tags?post=10660"}],"curies":[{"name":"wp","href":"https:\/\/api.w.org\/{rel}","templated":true}]}}