{"id":10638,"date":"2019-05-16T17:10:16","date_gmt":"2019-05-16T20:10:16","guid":{"rendered":"https:\/\/www.paranapraia.com.br\/?p=10638"},"modified":"2019-05-16T17:10:17","modified_gmt":"2019-05-16T20:10:17","slug":"os-3-momentos-que-esfriaram-euforia-do-mercado-com-governo-bolsonaro","status":"publish","type":"post","link":"https:\/\/www.paranapraia.com.br\/index.php\/2019\/05\/16\/os-3-momentos-que-esfriaram-euforia-do-mercado-com-governo-bolsonaro\/","title":{"rendered":"Os 3 momentos que &#8216;esfriaram&#8217; euforia do mercado com governo Bolsonaro"},"content":{"rendered":"\n<p>Bolsa de valores em alta e d\u00f3lar em queda. Era com esse \u00e2nimo que o mercado respondia, em 2018, aos sinais de que Jair Bolsonaro seria eleito presidente.<\/p>\n\n\n\n<p>O resultado das pesquisas se confirmou, mas poucos meses depois da posse da nova equipe a euforia esfriou.<\/p>\n\n\n\n<p>Quando 2019 e o governo Bolsonaro come\u00e7aram, a expectativa do mercado financeiro era de que o Produto Interno Bruto (PIB) cresceria mais de 2,5% no ano. Em maio, contudo, a previs\u00e3o caiu para 1,45%, como mostra o boletim Focus, do Banco Central.<\/p>\n\n\n\n<p>Os consumidores tamb\u00e9m est\u00e3o menos animados, segundo dados do \u00edndice de confian\u00e7a divulgado pela Funda\u00e7\u00e3o Getulio Vargas, que recuou em abril pelo terceiro m\u00eas consecutivo e atingiu o menor n\u00edvel desde outubro de 2018.<\/p>\n\n\n\n<p>A confian\u00e7a dos empres\u00e1rios da \u00e1rea industrial tamb\u00e9m caiu em abril pela terceira vez seguida, de acordo com a Confedera\u00e7\u00e3o Nacional da Ind\u00fastria (CNI), e ficou no pior n\u00edvel registrado em 2019.<\/p>\n\n\n\n<p>&#8220;Quando Bolsonaro foi eleito, o mercado teve expectativa alta sobre uma agenda mais liberal, no sentido de destravar a economia, ent\u00e3o voc\u00ea teve essa incorpora\u00e7\u00e3o, mas baques no meio do caminho levaram \u00e0 revers\u00e3o dessas expectativas&#8221;, resume a economista Vivian Almeida, professora do Ibmec.<\/p>\n\n\n\n<p>O resultado oficial do crescimento da economia no primeiro trimestre do ano ser\u00e1 divulgado em 30 de maio, mas a pr\u00e9via do PIB (IBC-Br) indica uma retra\u00e7\u00e3o de 0,68%.<\/p>\n\n\n\n<p>O cen\u00e1rio tem influ\u00eancia de quest\u00f5es externas &#8211; como a guerra comercial entre Estados Unidos e China &#8211; e de fatores internos. Nesta reportagem, a BBC News Brasil explica, em tr\u00eas pontos, o que frustrou as expectativas do mercado em rela\u00e7\u00e3o aos primeiros meses do governo Jair Bolsonaro:<\/p>\n\n\n\n<h2 class=\"wp-block-heading\">1. Reforma da Previd\u00eancia em marcha lenta<\/h2>\n\n\n\n<p>Considerada pelo governo e por especialistas como medida fundamental para ajustar as contas p\u00fablicas, os pontos centrais da reforma da Previd\u00eancia de Bolsonaro eram um mist\u00e9rio at\u00e9 o in\u00edcio do governo. Durante a campanha presidencial e at\u00e9 o governo de transi\u00e7\u00e3o, a equipe n\u00e3o divulgou o que faria nessa \u00e1rea, embora defendesse a necessidade da reforma.<\/p>\n\n\n\n<p>O texto que muda as regras de aposentadoria para servidores p\u00fablicos civis e trabalhadores da iniciativa privada foi enviado ao Congresso em fevereiro e s\u00f3 passou pela primeira &#8211; e mais simples &#8211; etapa de vota\u00e7\u00e3o em abril. Agora, est\u00e1 em avalia\u00e7\u00e3o pela comiss\u00e3o especial da C\u00e2mara.<\/p>\n\n\n\n<p>Depois disso, o caminho \u00e9 longo: precisa ser aprovado, em dois turnos de vota\u00e7\u00e3o, tanto na C\u00e2mara quanto no Senado. Como altera a Constitui\u00e7\u00e3o, precisa de 308 votos dos 513 deputados e do apoio de 49 dos 81 senadores.<\/p>\n\n\n\n<figure class=\"wp-block-image\"><img decoding=\"async\" src=\"https:\/\/ichef.bbci.co.uk\/news\/624\/cpsprodpb\/1526B\/production\/_106553668_ag-br-plenario-marcelocamargo.jpg\" alt=\"Plen\u00e1rio da C\u00e2mara\"\/><figcaption>Image captionSe for aprovada em comiss\u00e3o especial, reforma da Previd\u00eancia precisar\u00e1 de 308 votos no plen\u00e1rio da C\u00e2mara antes de ir para o Senado<\/figcaption><\/figure>\n\n\n\n<p>Bolsonaro chegou a protagonizar em mar\u00e7o uma troca de recados p\u00fablica com o presidente da C\u00e2mara, Rodrigo Maia (DEM-RJ), na qual insistia na tecla de que a responsabilidade pelo tema estava nas m\u00e3os do Congresso. O assunto chegou a&nbsp;<a href=\"https:\/\/www.bbc.com\/portuguese\/brasil-47682627\">ofuscar a agenda de Bolsonaro no Chile<\/a>&nbsp;&#8211; primeiro pa\u00eds que ele visitou na Am\u00e9rica do Sul.<\/p>\n\n\n\n<p>A postura do presidente em rela\u00e7\u00e3o ao tema parecia transmitir a mensagem de que ele n\u00e3o havia abra\u00e7ado a reforma. Semanas depois, no entanto, Bolsonaro passou a fazer um esfor\u00e7o maior de defender o texto durante entrevistas a canais de televis\u00e3o no Brasil.<\/p>\n\n\n\n<p>A economista-chefe da Fecom\u00e9rcio do Rio Grande do Sul, Patr\u00edcia Palermo, afirma que a aprova\u00e7\u00e3o da reforma da Previd\u00eancia \u00e9 a principal condi\u00e7\u00e3o para incentivar investimentos de m\u00e9dio e longo prazo no pa\u00eds.<\/p>\n\n\n\n<p>&#8220;O que eu estou ouvindo de muitos empres\u00e1rios do com\u00e9rcio \u00e9 que, de certa forma, houve uma frustra\u00e7\u00e3o em rela\u00e7\u00e3o ao que muitos pensavam que iria acontecer. Definitivamente, o ritmo da agenda econ\u00f4mica est\u00e1 sendo mais devagar do que se esperava&#8221;, completou.<\/p>\n\n\n\n<p>O ministro da Economia, Paulo Guedes, chegou a usar a express\u00e3o &#8220;fundo do po\u00e7o&#8221; pra descrever a atual situa\u00e7\u00e3o da economia brasileira e defender a necessidade de aprova\u00e7\u00e3o da nova Previd\u00eancia.<\/p>\n\n\n\n<p>&#8220;Independente do mercado querer que as coisas aconte\u00e7am rapidamente, a nossa realidade \u00e9 que n\u00f3s estamos no fundo do po\u00e7o. Ent\u00e3o, n\u00e3o adianta achar que n\u00f3s vamos crescer por fora, que vamos crescer 3%. N\u00e3o \u00e9 a nossa realidade. A nossa realidade \u00e9 o seguinte: estamos l\u00e1 no fundo. Agora est\u00e1 nas m\u00e3os da Casa (C\u00e2mara) nos tirar do fundo do po\u00e7o, com esse equacionamento fiscal&#8221;, disse Guedes.<\/p>\n\n\n\n<p>Vivian Almeida diz que a eventual dificuldade na rela\u00e7\u00e3o do novo governo com o Congresso pode n\u00e3o ter sido levada em considera\u00e7\u00e3o antes do in\u00edcio do mandato, quando o mercado estava mais animado com a economia em 2019.<\/p>\n\n\n\n<p>&#8220;Talvez o que tenha sido subestimado \u00e9 tamb\u00e9m a quest\u00e3o pol\u00edtica. A reforma da Previd\u00eancia menos c\u00e9lere do que se gostaria e a sinaliza\u00e7\u00e3o de reforma mais desidratada impacta as expectativas.&#8221;<\/p>\n\n\n\n<p>O secret\u00e1rio de pol\u00edtica econ\u00f4mica do Minist\u00e9rio da Economia, Adolfo Sachsida, disse \u00e0 BBC News Brasil que o mercado &#8220;apostava muito em um remendo e n\u00e3o em uma ampla mudan\u00e7a na Previd\u00eancia&#8221;.<\/p>\n\n\n\n<p>&#8220;O que talvez alguns analistas de mercado apostassem \u00e9 que o governo ia empurrar com a barriga, aprovar uma Previd\u00eancia com impactos fiscais bem menores, e a\u00ed seria muito mais r\u00e1pido, claro. Talvez isso explique a mudan\u00e7a de expectativas&#8221;, afirmou Sachsida.<\/p>\n\n\n\n<figure class=\"wp-block-image\"><img decoding=\"async\" src=\"https:\/\/ichef.bbci.co.uk\/news\/624\/cpsprodpb\/4071\/production\/_92979461__92924389_olavo_joaofellet1.jpg\" alt=\"Olavo de Carvalho\"\/><figcaption>Image captionMesmo longe do Brasil, Olavo de Carvalho tem causado crises ao criticar integrantes do grupo militar do governo Bolsonaro<\/figcaption><\/figure>\n\n\n\n<h2 class=\"wp-block-heading\">2. Comunica\u00e7\u00e3o: brigas no Twitter e contradi\u00e7\u00f5es<\/h2>\n\n\n\n<p>O excesso de\u00a0pol\u00eamicas envolvendo Olavo de Carvalho, &#8220;guru ideol\u00f3gico do atual governo&#8221;, e os militares tamb\u00e9m tem atrapalhado a imagem do governo e passado a sensa\u00e7\u00e3o de que falta &#8220;foco&#8221;.<\/p>\n\n\n\n<p>&#8220;O governo se envolve muito em quest\u00f5es que s\u00e3o secund\u00e1rias, como as discuss\u00f5es no Twitter e brigas palacianas. O foco de toda a\u00e7\u00e3o deveria estar em quest\u00f5es primordiais, como a\u00e7\u00f5es efetivas para a economia andar, em especial, a Reforma da Previd\u00eancia&#8221;, disse Patr\u00edcia Palermo.<\/p>\n\n\n\n<p>Depois de diversas trocas p\u00fablicas de mensagens ofensivas de Olavo e militares, at\u00e9 o presidente da Rep\u00fablica se manifestou sobre as brigas.<\/p>\n\n\n\n<p>No Twitter, depois da crise dominar o notici\u00e1rio e as redes sociais, Bolsonaro divulgou uma mensagem na qual disse esperar que esses desentendimentos sejam &#8220;p\u00e1gina virada por ambas as partes&#8221;.<\/p>\n\n\n\n<p>Questionado sobre os impactos dessas brigas p\u00fablicas para a confian\u00e7a do mercado no governo, Sachsida,\u00a0que foi aluno de Olavo,\u00a0disse que n\u00e3o v\u00ea problemas e que \u00e9 &#8220;natural&#8221; haver esse tipo de discuss\u00e3o em qualquer partido.<\/p>\n\n\n\n<p>&#8220;\u00c9 natural que leve tempo para que as coisas se acomodem. Existem discuss\u00f5es no Twitter, no Facebook, mas se for olhar por a\u00ed, no PSDB tem discuss\u00f5es t\u00e3o grandes quanto. No PT tem discuss\u00f5es t\u00e3o grandes quanto. \u00c9 natural que tamb\u00e9m em uma coaliz\u00e3o de centro-direita tenha pessoas que reclamem aqui, reclamem ali.&#8221;<\/p>\n\n\n\n<p>Outro problema na comunica\u00e7\u00e3o do atual governo est\u00e1 nas contradi\u00e7\u00f5es de membros da equipe, o que transmite uma mensagem de pouco alinhamento.<\/p>\n\n\n\n<p>Em abril, por exemplo, o secret\u00e1rio da Receita Federal, Marcos Cintra, disse ao jornal Folha de S.Paulo que o governo incluiria igrejas na cobran\u00e7a de um novo tributo que acabaria com a contribui\u00e7\u00e3o previdenci\u00e1ria sobre a folha de pagamento.<\/p>\n\n\n\n<p>Logo depois, Bolsonaro divulgou um v\u00eddeo no Twitter no qual disse que foi &#8220;surpreendido&#8221; pela declara\u00e7\u00e3o de Cintra e afirmou que nenhum imposto ser\u00e1 criado em seu governo, &#8220;em especial contra as igrejas&#8221;.<\/p>\n\n\n\n<h2 class=\"wp-block-heading\">3. Interven\u00e7\u00e3o do governo<\/h2>\n\n\n\n<p>Bolsonaro foi eleito com a defesa de uma agenda liberal para a economia, com promessa de reduzir os gastos do governo federal e diminuir a interfer\u00eancia do Estado no mercado.<\/p>\n\n\n\n<p>Durante a campanha, quando era perguntado sobre assuntos relacionados a economia, Bolsonaro sempre respondia que quem trataria do tema seria Paulo Guedes, que chamou de &#8220;meu Posto Ipiranga&#8221;. E o mercado financeiro dava fortes sinais de que aprovava o nome de Guedes para conduzir a pol\u00edtica econ\u00f4mica.<\/p>\n\n\n\n<figure class=\"wp-block-image\"><img decoding=\"async\" src=\"https:\/\/ichef.bbci.co.uk\/news\/624\/cpsprodpb\/AF3F\/production\/_104036844_programadegoverno.jpg\" alt=\"Plano de governo de Jair Bolsonaro\"\/><figcaption>Image captionPlano de governo Bolsonaro em 2018 exaltava o liberalismo econ\u00f4mico<\/figcaption><\/figure>\n\n\n\n<p>Os primeiros meses do governo, contudo, colocaram em d\u00favida os limites dessa &#8220;postura liberal&#8221; no Pal\u00e1cio do Planalto. A situa\u00e7\u00e3o mais marcante foi a interven\u00e7\u00e3o de Bolsonaro no pre\u00e7o do diesel, definido pela Petrobras. Em abril, ele determinou a suspens\u00e3o de um reajuste previsto pela estatal.<\/p>\n\n\n\n<p>No dia seguinte \u00e0 interven\u00e7\u00e3o de Bolsonaro, as a\u00e7\u00f5es da empresa ca\u00edram 8%. A perda, em valor de mercado, representou R$ 32,4 bilh\u00f5es.<\/p>\n\n\n\n<p>&#8220;O epis\u00f3dio da interven\u00e7\u00e3o na defini\u00e7\u00e3o do pre\u00e7o do diesel foi muito mal recebido pelo mercado&#8221;, disse Patr\u00edcia Palermo. &#8220;E isso p\u00f4de ser verificado na queda do pre\u00e7o das a\u00e7\u00f5es da Petrobras. A interfer\u00eancia foi interpretada como uma a\u00e7\u00e3o pol\u00edtica, impedindo que as for\u00e7as de mercado agissem na defini\u00e7\u00e3o do pre\u00e7o do diesel. Esse tipo de interfer\u00eancia, caracter\u00edstica do governo Dilma, gerou perdas bilion\u00e1rias \u00e0 Petrobras&#8221;, disse .<\/p>\n\n\n\n<p>Para Sachsida, do Minist\u00e9rio da Economia, a atitude do presidente &#8220;foi mal interpretada&#8221;.<\/p>\n\n\n\n<p>&#8220;A Petrobras, parcela significante dela, pertence \u00e0 Uni\u00e3o. O que o presidente perguntou foi por que estava aumentando o pre\u00e7o. T\u00e3o logo foi explicado, seguiu o jogo, normal. N\u00e3o teve interven\u00e7\u00e3o. Eu acho que a comunica\u00e7\u00e3o nossa falhou. A Petrobras tem toda liberdade de reajustar o pre\u00e7o.&#8221;<\/p>\n\n\n\n<figure class=\"wp-block-image\"><img decoding=\"async\" src=\"https:\/\/ichef.bbci.co.uk\/news\/624\/cpsprodpb\/266D\/production\/_106973890_edit_jfcrz_abr_03041913837.jpg\" alt=\"Paulo Guedes\"\/><figcaption>Image captionO governo tem &#8220;enorme depend\u00eancia&#8221; da figura de Guedes como fiador da pol\u00edtica econ\u00f4mica, diz a economista Patr\u00edcia Parlemo<\/figcaption><\/figure>\n\n\n\n<p>Mesmo com a dificuldade do governo em negociar uma aprova\u00e7\u00e3o r\u00e1pida da Previd\u00eancia, Patr\u00edcia Palermo diz que o mercado segue com confian\u00e7a na equipe de Paulo Guedes. Segundo ela, o governo tem &#8220;enorme depend\u00eancia&#8221; da figura do ministro como fiador da pol\u00edtica econ\u00f4mica.<\/p>\n\n\n\n<p>&#8220;Se o ministro Paulo Guedes desembarcar do governo, a perda de confian\u00e7a, especialmente entre o empresariado, dever\u00e1 ser muito significativa.&#8221;<\/p>\n\n\n\n<p>A bolsa chegou a bater recorde depois de fala de Guedes sobre a Previd\u00eancia em Davos, na Su\u00ed\u00e7a, no come\u00e7o do ano. O governo tamb\u00e9m comemorou, em mar\u00e7o, o resultado do leil\u00e3o de 12 aeroportos regionais, que arrecadou R$ 2,377 bilh\u00f5es em outorga, que ser\u00e3o pagos \u00e0 Uni\u00e3o na assinatura dos contratos. Foram leiloados tr\u00eas blocos, nas regi\u00f5es Nordeste, Sudeste e Centro-Oeste.<\/p>\n\n\n\n<p>Na ocasi\u00e3o, Bolsonaro escreveu no Twitter: &#8220;A conquista demonstra a confiabilidade que o Brasil come\u00e7a a resgatar no mundo todo depois um longo per\u00edodo de destrui\u00e7\u00e3o e rebaixamento de nossa economia.&#8221;<\/p>\n\n\n\n<p>BBC<\/p>\n","protected":false},"excerpt":{"rendered":"<p>Bolsa de valores em alta e d\u00f3lar em queda. Era com esse \u00e2nimo que o mercado respondia, em 2018, aos sinais de que Jair Bolsonaro seria eleito presidente. O resultado das pesquisas se confirmou, mas poucos meses depois da posse da nova equipe a euforia esfriou. Quando 2019 e o governo Bolsonaro come\u00e7aram, a expectativa [&hellip;]<\/p>\n","protected":false},"author":2,"featured_media":10639,"comment_status":"open","ping_status":"open","sticky":false,"template":"","format":"standard","meta":{"advanced_seo_description":"","jetpack_seo_html_title":"","jetpack_seo_noindex":false,"_jetpack_memberships_contains_paid_content":false,"footnotes":""},"categories":[32],"tags":[],"class_list":{"0":"post-10638","1":"post","2":"type-post","3":"status-publish","4":"format-standard","5":"has-post-thumbnail","7":"category-politica"},"jetpack_featured_media_url":"https:\/\/www.paranapraia.com.br\/wp-content\/uploads\/2019\/05\/gover.jpg","jetpack_sharing_enabled":true,"_links":{"self":[{"href":"https:\/\/www.paranapraia.com.br\/index.php\/wp-json\/wp\/v2\/posts\/10638"}],"collection":[{"href":"https:\/\/www.paranapraia.com.br\/index.php\/wp-json\/wp\/v2\/posts"}],"about":[{"href":"https:\/\/www.paranapraia.com.br\/index.php\/wp-json\/wp\/v2\/types\/post"}],"author":[{"embeddable":true,"href":"https:\/\/www.paranapraia.com.br\/index.php\/wp-json\/wp\/v2\/users\/2"}],"replies":[{"embeddable":true,"href":"https:\/\/www.paranapraia.com.br\/index.php\/wp-json\/wp\/v2\/comments?post=10638"}],"version-history":[{"count":1,"href":"https:\/\/www.paranapraia.com.br\/index.php\/wp-json\/wp\/v2\/posts\/10638\/revisions"}],"predecessor-version":[{"id":10640,"href":"https:\/\/www.paranapraia.com.br\/index.php\/wp-json\/wp\/v2\/posts\/10638\/revisions\/10640"}],"wp:featuredmedia":[{"embeddable":true,"href":"https:\/\/www.paranapraia.com.br\/index.php\/wp-json\/wp\/v2\/media\/10639"}],"wp:attachment":[{"href":"https:\/\/www.paranapraia.com.br\/index.php\/wp-json\/wp\/v2\/media?parent=10638"}],"wp:term":[{"taxonomy":"category","embeddable":true,"href":"https:\/\/www.paranapraia.com.br\/index.php\/wp-json\/wp\/v2\/categories?post=10638"},{"taxonomy":"post_tag","embeddable":true,"href":"https:\/\/www.paranapraia.com.br\/index.php\/wp-json\/wp\/v2\/tags?post=10638"}],"curies":[{"name":"wp","href":"https:\/\/api.w.org\/{rel}","templated":true}]}}