{"id":10635,"date":"2019-05-16T17:09:15","date_gmt":"2019-05-16T20:09:15","guid":{"rendered":"https:\/\/www.paranapraia.com.br\/?p=10635"},"modified":"2019-05-16T17:09:18","modified_gmt":"2019-05-16T20:09:18","slug":"mayaro-parente-do-virus-chikungunya-ja-circula-no-sudeste-aponta-estudo","status":"publish","type":"post","link":"https:\/\/www.paranapraia.com.br\/index.php\/2019\/05\/16\/mayaro-parente-do-virus-chikungunya-ja-circula-no-sudeste-aponta-estudo\/","title":{"rendered":"Mayaro, parente do v\u00edrus chikungunya, j\u00e1 circula no Sudeste, aponta estudo"},"content":{"rendered":"\n<h4 class=\"wp-block-heading\">Sintomas s\u00e3o febre alta, dores musculares, de cabe\u00e7a e nas articula\u00e7\u00f5es<\/h4>\n\n\n\n<p>Pesquisadores da Universidade do Rio de Janeiro (UFRJ) descobriram que o v\u00edrus mayaro, parente do chikungunya, est\u00e1 circulando no Estado. O novo v\u00edrus causa doen\u00e7a com sintomas semelhantes \u00e0s de infec\u00e7\u00f5es por outros arbov\u00edrus como o chikungunya. Os sintomas s\u00e3o febre alta, dores musculares, de cabe\u00e7a e nas articula\u00e7\u00f5es.<\/p>\n\n\n\n<p>\u201cO mayaro j\u00e1 est\u00e1 aqui e ele \u00e9 transmitido pelo mosquito Haemagogus, o mesmo mosquito que transmite o v\u00edrus da febre amarela. O v\u00edrus mayaro que est\u00e1 aqui no Rio de Janeiro, assim como o de febre amarela, ainda \u00e9 silvestre, ou seja ele est\u00e1 nas altas matas, ainda n\u00e3o se transformou eminentemente urbano\u201d, explicou Rodrigo Brindeiro, um dos autores do estudo sobre o v\u00edrus mayaro e coordenador da Rede Zika da UFRJ.<\/p>\n\n\n\n<p>Segundo estudo rec\u00e9m divulgado, nos \u00faltimos anos o n\u00famero de infec\u00e7\u00f5es por v\u00edrus mayaro aumentou nas regi\u00f5es central e norte do Brasil. Desde a \u00faltima epidemia do chikungunya em 2016, pesquisadores j\u00e1 alertavam para o risco da dissemina\u00e7\u00e3o do v\u00edrus mayaro nas grandes cidades da regi\u00e3o sudeste e com potencial de estabelecer um cen\u00e1rio epid\u00eamico no Brasil.<\/p>\n\n\n\n<p>O v\u00edrus mayaro \u00e9 um arbov\u00edrus da fam\u00edlia Togaviridae, g\u00eanero Alphavirus, cujo vetor principal \u00e9 o mosquito Haemagogus, que vive em \u00e1reas mais silvestres, como as florestas ou matas fechadas.<\/p>\n\n\n\n<p>De acordo Am\u00edlcar Tanuri, coordenador do Laborat\u00f3rio de Virologia Molecular da UFRJ, onde o estudo foi realizado, em 2016, 279 amostras tinham indica\u00e7\u00e3o cl\u00ednica de chikungunya. No entanto, 57 deram resultado inconclusivo.<\/p>\n\n\n\n<p>\u201cN\u00f3s ficamos desconfiados e resolvemos fazer um teste molecular para testar amostras inconclusivas. Para a nossa surpresa, dessas 57 amostras, achamos tr\u00eas que continham RNA compat\u00edvel com o mayaro e por coincid\u00eancia as amostras eram de pessoas residentes da cidade de Niter\u00f3i e aut\u00f3ctones \u201c, explicou.<\/p>\n\n\n\n<p>A hist\u00f3ria epidemiol\u00f3gica da infec\u00e7\u00e3o por mayaro come\u00e7ou em 1954 em Trinidad e Tobago, quando o v\u00edrus foi isolado de amostras de sangue de cinco trabalhadores rurais que apresentavam uma doen\u00e7a febril. O v\u00edrus recebeu o nome em refer\u00eancia ao munic\u00edpio de Mayaro, regi\u00e3o sudeste de Trinidad, onde os casos foram registrados.<\/p>\n\n\n\n<p>O v\u00edrus tem sido relatado em alguns pa\u00edses da Am\u00e9rica Central e do Sul, geralmente em lugares com florestas tropicais, como Guiana Francesa, Bol\u00edvia, Peru, Suriname, Costa Rica, Guatemala, Venezuela, M\u00e9xico, Equador, Guiana, Panam\u00e1 e o Brasil.<\/p>\n\n\n\n<p>De acordo com o Minist\u00e9rio da Sa\u00fade, o primeiro surto no Brasil foi descrito em 1955, \u00e0s margens do rio Guam\u00e1, pr\u00f3ximo de Bel\u00e9m (PA). Desde ent\u00e3o, casos espor\u00e1dicos e surtos localizados t\u00eam sido registrados nas Am\u00e9ricas, incluindo a regi\u00e3o Amaz\u00f4nica, principalmente nos estados das regi\u00f5es Norte e Centro-Oeste.<\/p>\n\n\n\n<h2 class=\"wp-block-heading\">Como \u00e9 feita a transmiss\u00e3o do v\u00edrus?<\/h2>\n\n\n\n<p>O v\u00edrus do mayaro \u00e9 transmitido por meio de picada de mosquitos silvestres, principalmente os Haemagogus janthinomys, que vivem em matas e vegeta\u00e7\u00f5es \u00e0 beira dos rios.<\/p>\n\n\n\n<p>Ap\u00f3s a picada do mosquito infectado, os sintomas iniciam geralmente de 1 a 3 dias ap\u00f3s a infec\u00e7\u00e3o. Esse tempo pode variar de pessoa a pessoa, dependendo da imunidade individual, quantidade de part\u00edculas virais inoculadas e cepa viral, entre outros fatores.<\/p>\n\n\n\n<p>Essa esp\u00e9cie de mosquito costuma ficar na copa das \u00e1rvores e picar macacos e p\u00e1ssaros, que s\u00e3o os hospedeiros prim\u00e1rios da doen\u00e7a nesse ecossistema. No entanto, quando alguma pessoa entra na mata, principalmente entre 9h e 16h, hor\u00e1rio em que o mosquito est\u00e1 mais ativo, ela tamb\u00e9m pode ser picada e contrair a doen\u00e7a.<\/p>\n\n\n\n<p>A febre do mayaro n\u00e3o \u00e9 contagiosa, portanto, n\u00e3o h\u00e1 transmiss\u00e3o de pessoa a pessoa ou de animais a pessoas. Ela \u00e9 transmitida somente pela picada de mosquitos infectados com o v\u00edrus mayaro.<\/p>\n\n\n\n<h3 class=\"wp-block-heading\">Quais s\u00e3o os sintomas da febre de mayaro?<\/h3>\n\n\n\n<p>Os sintomas da doen\u00e7a s\u00e3o semelhantes aos de infec\u00e7\u00f5es por outros arbov\u00edrus.<\/p>\n\n\n\n<p>\u2013 Febre aguda, semelhante \u00e0 dengue.<\/p>\n\n\n\n<p>\u2013 Dor de cabe\u00e7a<\/p>\n\n\n\n<p>\u2013 Dor muscular<\/p>\n\n\n\n<p>\u2013 Dor nas articula\u00e7\u00f5es<\/p>\n\n\n\n<p>\u2013 Incha\u00e7o nas articula\u00e7\u00f5es<\/p>\n\n\n\n<p>\u2013 Manchas no corpo<\/p>\n\n\n\n<p>Tratamento<\/p>\n\n\n\n<p>Os sintomas s\u00e3o tratados de forma n\u00e3o espec\u00edfica semelhante aos de infec\u00e7\u00e3o pelo v\u00edrus chikungunya. N\u00e3o existe vacina.<\/p>\n\n\n\n<p>BandB<\/p>\n","protected":false},"excerpt":{"rendered":"<p>Sintomas s\u00e3o febre alta, dores musculares, de cabe\u00e7a e nas articula\u00e7\u00f5es Pesquisadores da Universidade do Rio de Janeiro (UFRJ) descobriram que o v\u00edrus mayaro, parente do chikungunya, est\u00e1 circulando no Estado. O novo v\u00edrus causa doen\u00e7a com sintomas semelhantes \u00e0s de infec\u00e7\u00f5es por outros arbov\u00edrus como o chikungunya. Os sintomas s\u00e3o febre alta, dores musculares, [&hellip;]<\/p>\n","protected":false},"author":2,"featured_media":10636,"comment_status":"open","ping_status":"open","sticky":false,"template":"","format":"standard","meta":{"advanced_seo_description":"","jetpack_seo_html_title":"","jetpack_seo_noindex":false,"_jetpack_memberships_contains_paid_content":false,"footnotes":""},"categories":[50],"tags":[],"class_list":{"0":"post-10635","1":"post","2":"type-post","3":"status-publish","4":"format-standard","5":"has-post-thumbnail","7":"category-saude"},"jetpack_featured_media_url":"https:\/\/www.paranapraia.com.br\/wp-content\/uploads\/2019\/05\/sd.png","jetpack_sharing_enabled":true,"_links":{"self":[{"href":"https:\/\/www.paranapraia.com.br\/index.php\/wp-json\/wp\/v2\/posts\/10635"}],"collection":[{"href":"https:\/\/www.paranapraia.com.br\/index.php\/wp-json\/wp\/v2\/posts"}],"about":[{"href":"https:\/\/www.paranapraia.com.br\/index.php\/wp-json\/wp\/v2\/types\/post"}],"author":[{"embeddable":true,"href":"https:\/\/www.paranapraia.com.br\/index.php\/wp-json\/wp\/v2\/users\/2"}],"replies":[{"embeddable":true,"href":"https:\/\/www.paranapraia.com.br\/index.php\/wp-json\/wp\/v2\/comments?post=10635"}],"version-history":[{"count":1,"href":"https:\/\/www.paranapraia.com.br\/index.php\/wp-json\/wp\/v2\/posts\/10635\/revisions"}],"predecessor-version":[{"id":10637,"href":"https:\/\/www.paranapraia.com.br\/index.php\/wp-json\/wp\/v2\/posts\/10635\/revisions\/10637"}],"wp:featuredmedia":[{"embeddable":true,"href":"https:\/\/www.paranapraia.com.br\/index.php\/wp-json\/wp\/v2\/media\/10636"}],"wp:attachment":[{"href":"https:\/\/www.paranapraia.com.br\/index.php\/wp-json\/wp\/v2\/media?parent=10635"}],"wp:term":[{"taxonomy":"category","embeddable":true,"href":"https:\/\/www.paranapraia.com.br\/index.php\/wp-json\/wp\/v2\/categories?post=10635"},{"taxonomy":"post_tag","embeddable":true,"href":"https:\/\/www.paranapraia.com.br\/index.php\/wp-json\/wp\/v2\/tags?post=10635"}],"curies":[{"name":"wp","href":"https:\/\/api.w.org\/{rel}","templated":true}]}}