{"id":10629,"date":"2019-05-16T17:07:42","date_gmt":"2019-05-16T20:07:42","guid":{"rendered":"https:\/\/www.paranapraia.com.br\/?p=10629"},"modified":"2019-05-16T17:07:43","modified_gmt":"2019-05-16T20:07:43","slug":"capivara-perdida-vira-minicelebridade-e-ganha-seguranca-particular-em-curitiba","status":"publish","type":"post","link":"https:\/\/www.paranapraia.com.br\/index.php\/2019\/05\/16\/capivara-perdida-vira-minicelebridade-e-ganha-seguranca-particular-em-curitiba\/","title":{"rendered":"Capivara perdida vira \u2018minicelebridade\u2019 e ganha \u2018seguran\u00e7a particular\u2019 em Curitiba"},"content":{"rendered":"\n<p>Uma capivara perdida em plena Avenida Rep\u00fablica Argentina, no bairro \u00c1gua Verde, em Curitiba, mobilizou moradores e a prefeitura na manh\u00e3 desta quinta-feira (16). O animal apareceu nas imedia\u00e7\u00f5es da esquina com a Rua Palmeiras e virou uma esp\u00e9cie de minicelebridade no local, com direito a fotos e \u201cseguran\u00e7a particular\u201d.<\/p>\n\n\n\n<p>A passagem do animal come\u00e7ou por um posto de combust\u00edveis no cruzamento entre a Rua Palmeiras e a r\u00e1pida Port\u00e3o-Centro, por volta das 6h. O motorista de um caminh\u00e3o fez a primeira tentativa de conter a capivara, que estava do outro lado da cal\u00e7ada, para que ela n\u00e3o avan\u00e7asse em dire\u00e7\u00e3o \u00e0 via r\u00e1pida, j\u00e1 bem movimentada naquele hor\u00e1rio.<\/p>\n\n\n\n<p>Logo depois, moradores come\u00e7aram a chegar e ajudar no resgate. \u201cEu estava voltando da minha corrida quando vi a capivara perto do posto na rua da minha casa\u201d, conta Mart\u00edn Forconi, 49, que mora em um pr\u00e9dio nas imedia\u00e7\u00f5es. \u201cA\u00ed eu cheguei e ajudei na conten\u00e7\u00e3o dela. A capivara ficou meio acuada e voltou caminhando em dire\u00e7\u00e3o \u00e0 Rep\u00fablica Argentina\u201d, aponta.<\/p>\n\n\n\n<p>Outros quatro moradores se juntaram para impedir que a capivara cruzasse a Avenida Rep\u00fablica Argentina, via por onde passam a todo minuto linhas dos expressos biarticulados. O animal ficou por cerca de 40 minutos em frente a um pr\u00e9dio residencial e virou o alvo das fotos dos celulares. \u201cEla virou uma minicelebridade sim. Mas, claro, ela estava bem acuada\u201d, afirma Mart\u00edn.<\/p>\n\n\n\n<p>O porteiro Edilson dos Santos, 48, chegava para trabalhar quando viu o grupo fazendo a seguran\u00e7a do animal. Apesar de estranhar a cena num primeiro momento, o trabalhador confessa que, depois, a situa\u00e7\u00e3o pareceu bastante divertida. \u201cBem na hora que eu estava chegando vi todos na tentativa de proteger a capivara para que os carros n\u00e3o atropelassem. E ela atravessou a canaleta dos biarticulados, mas o pessoal ficou l\u00e1 sinalizando para os carros\u201d, relembra o porteiro. \u201cFoi at\u00e9 divertido\u201d.<\/p>\n\n\n\n<h3 class=\"wp-block-heading\">Ajuda para a capivara<\/h3>\n\n\n\n<p>Apesar da cena descontra\u00edda, os moradores ficaram angustiados por n\u00e3o conseguir manter o animal em seguran\u00e7a por mais tempo. Depois de cruzar a a via da caneleta \u2013 com a ajuda do grupo \u2013 a capivara seguiu rumo ao bairro Vila Izabel. \u201cAt\u00e9 saiu o porteiro de um outro pr\u00e9dio para ajudar, mas, de novo, n\u00e3o conseguimos falar com ningu\u00e9m para fazer o resgate e a capivara acabou indo embora\u201d, relata Mart\u00edn.<\/p>\n\n\n\n<p>\u201cDe qualquer forma eu liguei para o 156 da prefeitura e fiz o registro. Depois, eles me ligaram para pegar mais informa\u00e7\u00f5es e disseram que j\u00e1 tinham mandado uma unidade fazer o resgate. Eu espero que agora ela tenha um final feliz\u201d, acrescentou o morador.<\/p>\n\n\n\n<p>Para al\u00edvio dos envolvidos, a capivara foi encontrada por equipes da Secretaria Municipal de Meio Ambiente (SMMA) e passa bem. O animal foi localizado na Rua Guaianazes, por volta das 9h40 e encaminhado para o Parque Barigui.<\/p>\n\n\n\n<p>TribunaPr<\/p>\n","protected":false},"excerpt":{"rendered":"<p>Uma capivara perdida em plena Avenida Rep\u00fablica Argentina, no bairro \u00c1gua Verde, em Curitiba, mobilizou moradores e a prefeitura na manh\u00e3 desta quinta-feira (16). O animal apareceu nas imedia\u00e7\u00f5es da esquina com a Rua Palmeiras e virou uma esp\u00e9cie de minicelebridade no local, com direito a fotos e \u201cseguran\u00e7a particular\u201d. A passagem do animal come\u00e7ou [&hellip;]<\/p>\n","protected":false},"author":2,"featured_media":10630,"comment_status":"open","ping_status":"open","sticky":false,"template":"","format":"standard","meta":{"advanced_seo_description":"","jetpack_seo_html_title":"","jetpack_seo_noindex":false,"_jetpack_memberships_contains_paid_content":false,"footnotes":""},"categories":[42],"tags":[],"class_list":{"0":"post-10629","1":"post","2":"type-post","3":"status-publish","4":"format-standard","5":"has-post-thumbnail","7":"category-cidades"},"jetpack_featured_media_url":"https:\/\/www.paranapraia.com.br\/wp-content\/uploads\/2019\/05\/capivara-perdida-agua-verde-825x509.jpg","jetpack_sharing_enabled":true,"_links":{"self":[{"href":"https:\/\/www.paranapraia.com.br\/index.php\/wp-json\/wp\/v2\/posts\/10629"}],"collection":[{"href":"https:\/\/www.paranapraia.com.br\/index.php\/wp-json\/wp\/v2\/posts"}],"about":[{"href":"https:\/\/www.paranapraia.com.br\/index.php\/wp-json\/wp\/v2\/types\/post"}],"author":[{"embeddable":true,"href":"https:\/\/www.paranapraia.com.br\/index.php\/wp-json\/wp\/v2\/users\/2"}],"replies":[{"embeddable":true,"href":"https:\/\/www.paranapraia.com.br\/index.php\/wp-json\/wp\/v2\/comments?post=10629"}],"version-history":[{"count":1,"href":"https:\/\/www.paranapraia.com.br\/index.php\/wp-json\/wp\/v2\/posts\/10629\/revisions"}],"predecessor-version":[{"id":10631,"href":"https:\/\/www.paranapraia.com.br\/index.php\/wp-json\/wp\/v2\/posts\/10629\/revisions\/10631"}],"wp:featuredmedia":[{"embeddable":true,"href":"https:\/\/www.paranapraia.com.br\/index.php\/wp-json\/wp\/v2\/media\/10630"}],"wp:attachment":[{"href":"https:\/\/www.paranapraia.com.br\/index.php\/wp-json\/wp\/v2\/media?parent=10629"}],"wp:term":[{"taxonomy":"category","embeddable":true,"href":"https:\/\/www.paranapraia.com.br\/index.php\/wp-json\/wp\/v2\/categories?post=10629"},{"taxonomy":"post_tag","embeddable":true,"href":"https:\/\/www.paranapraia.com.br\/index.php\/wp-json\/wp\/v2\/tags?post=10629"}],"curies":[{"name":"wp","href":"https:\/\/api.w.org\/{rel}","templated":true}]}}