{"id":10625,"date":"2019-05-16T16:52:46","date_gmt":"2019-05-16T19:52:46","guid":{"rendered":"https:\/\/www.paranapraia.com.br\/?p=10625"},"modified":"2019-05-16T16:52:47","modified_gmt":"2019-05-16T19:52:47","slug":"deveriam-estar-peladas-as-reacoes-machistas-ao-album-de-figurinhas-da-copa-do-mundo-feminina","status":"publish","type":"post","link":"https:\/\/www.paranapraia.com.br\/index.php\/2019\/05\/16\/deveriam-estar-peladas-as-reacoes-machistas-ao-album-de-figurinhas-da-copa-do-mundo-feminina\/","title":{"rendered":"\u201cDeveriam estar peladas\u201d: as rea\u00e7\u00f5es machistas ao \u00e1lbum de figurinhas da Copa do Mundo feminina"},"content":{"rendered":"\n<h4 class=\"wp-block-heading\">Livro com colecion\u00e1veis das jogadoras gera coment\u00e1rios sexistas na rede, que v\u00e3o da ironia \u00e0 qualidade do torneio ao lamento de que as profissionais n\u00e3o mostrem o corpo nas imagens<\/h4>\n\n\n\n<p>Faltam pouco mais de dois meses para a estreia da\u00a0Copa do Mundo feminina, mas os coment\u00e1rios sexistas sobre as profissionais que participar\u00e3o do torneio j\u00e1 proliferam pelas redes. No final de abril, a\u00a0Panini\u00a0colocou \u00e0 venda um\u00a0\u00e1lbum de figurinhas\u00a0feito em parceria com a FIFA, que contempla 17 jogadoras de cada uma das 24 sele\u00e7\u00f5es participantes, a exemplo do que ocorre com o campeonato masculino, que a cada quatro anos se torna uma febre entre os colecionadores. O das mulheres tamb\u00e9m viralizou. Mas pelos motivos errados: uma s\u00e9rie de coment\u00e1rios machistas tomou as redes sociais.<\/p>\n\n\n\n<p>Muitos tentaram desmerecer o campeonato e, assim, a qualidade das profissionais que fazem parte dele ou que praticam a modalidade. Esqueceram, claro,\u00a0do fen\u00f4meno brasileiro Marta, que fez mais gols pela sele\u00e7\u00e3o brasileira que o\u00a0Pel\u00e9\u00a0e que tem mais t\u00edtulos individuais que craques como\u00a0Cristiano Ronaldo\u00a0e\u00a0Messi\u00a0(ou que qualquer outro brasileiro da hist\u00f3ria).<\/p>\n\n\n\n<figure class=\"wp-block-image\"><img decoding=\"async\" src=\"https:\/\/ep01.epimg.net\/brasil\/imagenes\/2019\/05\/09\/deportes\/1557429763_600813_1557513704_sumario_normal.jpg\" alt=\"\u201cDeveriam estar peladas\u201d: as rea\u00e7\u00f5es machistas ao \u00e1lbum de figurinhas da Copa do Mundo feminina\"\/><figcaption>REPRODU\u00c7\u00c3O \/ FACEBOOK<\/figcaption><\/figure>\n\n\n\n<figure class=\"wp-block-image\"><img decoding=\"async\" src=\"https:\/\/ep01.epimg.net\/brasil\/imagenes\/2019\/05\/09\/deportes\/1557429763_600813_1557513763_sumario_normal.jpg\" alt=\"\u201cDeveriam estar peladas\u201d: as rea\u00e7\u00f5es machistas ao \u00e1lbum de figurinhas da Copa do Mundo feminina\"\/><figcaption>REPRODU\u00c7\u00c3O \/ FACEBOOK<\/figcaption><\/figure>\n\n\n\n<p>Muitos tamb\u00e9m afirmaram que ningu\u00e9m se importa com a Copa do Mundo de Futebol Feminino 2019. E, por isso, o \u00e1lbum n\u00e3o ter\u00e1 sucesso nas vendas.<\/p>\n\n\n\n<figure class=\"wp-block-image\"><img decoding=\"async\" src=\"https:\/\/ep01.epimg.net\/brasil\/imagenes\/2019\/05\/09\/deportes\/1557429763_600813_1557513044_sumario_normal.jpg\" alt=\"\u201cDeveriam estar peladas\u201d: as rea\u00e7\u00f5es machistas ao \u00e1lbum de figurinhas da Copa do Mundo feminina\"\/><figcaption>REPRODU\u00c7\u00c3O \/ TWITTER<\/figcaption><\/figure>\n\n\n\n<figure class=\"wp-block-image\"><img decoding=\"async\" src=\"https:\/\/ep01.epimg.net\/brasil\/imagenes\/2019\/05\/09\/deportes\/1557429763_600813_1557513324_sumario_normal.jpg\" alt=\"\u201cDeveriam estar peladas\u201d: as rea\u00e7\u00f5es machistas ao \u00e1lbum de figurinhas da Copa do Mundo feminina\"\/><figcaption>REPRODU\u00c7\u00c3O \/ FACEBOOK<\/figcaption><\/figure>\n\n\n\n<figure class=\"wp-block-image\"><img decoding=\"async\" src=\"https:\/\/ep01.epimg.net\/brasil\/imagenes\/2019\/05\/09\/deportes\/1557429763_600813_1557513370_sumario_normal.jpg\" alt=\"\u201cDeveriam estar peladas\u201d: as rea\u00e7\u00f5es machistas ao \u00e1lbum de figurinhas da Copa do Mundo feminina\"\/><figcaption>REPRODU\u00c7\u00c3O \/ FACEBOOK<\/figcaption><\/figure>\n\n\n\n<figure class=\"wp-block-image\"><img decoding=\"async\" src=\"https:\/\/ep01.epimg.net\/brasil\/imagenes\/2019\/05\/09\/deportes\/1557429763_600813_1557513495_sumario_normal.jpg\" alt=\"\u201cDeveriam estar peladas\u201d: as rea\u00e7\u00f5es machistas ao \u00e1lbum de figurinhas da Copa do Mundo feminina\"\/><figcaption>REPRODU\u00c7\u00c3O \/ FACEBOOK<\/figcaption><\/figure>\n\n\n\n<figure class=\"wp-block-image\"><img decoding=\"async\" src=\"https:\/\/ep01.epimg.net\/brasil\/imagenes\/2019\/05\/09\/deportes\/1557429763_600813_1557513573_sumario_normal.jpg\" alt=\"\u201cDeveriam estar peladas\u201d: as rea\u00e7\u00f5es machistas ao \u00e1lbum de figurinhas da Copa do Mundo feminina\"\/><figcaption>REPRODU\u00c7\u00c3O \/ FACEBOOK<\/figcaption><\/figure>\n\n\n\n<figure class=\"wp-block-image\"><img decoding=\"async\" src=\"https:\/\/ep01.epimg.net\/brasil\/imagenes\/2019\/05\/09\/deportes\/1557429763_600813_1557513639_sumario_normal.jpg\" alt=\"\u201cDeveriam estar peladas\u201d: as rea\u00e7\u00f5es machistas ao \u00e1lbum de figurinhas da Copa do Mundo feminina\"\/><figcaption>REPRODU\u00c7\u00c3O \/ TWITTER<\/figcaption><\/figure>\n\n\n\n<p>E houve os que sugerissem que para aumentar as vendas seria necess\u00e1rio &#8220;colocar fotos das jogadoras peladas&#8221; ou usando biqu\u00ednis.<\/p>\n\n\n\n<figure class=\"wp-block-image\"><img decoding=\"async\" src=\"https:\/\/ep01.epimg.net\/brasil\/imagenes\/2019\/05\/09\/deportes\/1557429763_600813_1557513974_sumario_normal.jpg\" alt=\"\u201cDeveriam estar peladas\u201d: as rea\u00e7\u00f5es machistas ao \u00e1lbum de figurinhas da Copa do Mundo feminina\"\/><figcaption>REPRODU\u00c7\u00c3O \/ FACEBOOK<\/figcaption><\/figure>\n\n\n\n<figure class=\"wp-block-image\"><img decoding=\"async\" src=\"https:\/\/ep01.epimg.net\/brasil\/imagenes\/2019\/05\/09\/deportes\/1557429763_600813_1557514018_sumario_normal.jpg\" alt=\"\u201cDeveriam estar peladas\u201d: as rea\u00e7\u00f5es machistas ao \u00e1lbum de figurinhas da Copa do Mundo feminina\"\/><figcaption>REPRODU\u00c7\u00c3O \/ FACEBOOK<\/figcaption><\/figure>\n\n\n\n<figure class=\"wp-block-image\"><img decoding=\"async\" src=\"https:\/\/ep01.epimg.net\/brasil\/imagenes\/2019\/05\/09\/deportes\/1557429763_600813_1557514063_sumario_normal.jpg\" alt=\"\u201cDeveriam estar peladas\u201d: as rea\u00e7\u00f5es machistas ao \u00e1lbum de figurinhas da Copa do Mundo feminina\"\/><figcaption>REPRODU\u00c7\u00c3O \/ TWITTER<\/figcaption><\/figure>\n\n\n\n<p>As mensagens, todas postadas por homens, ainda perguntavam em tom de deboche (e de homofobia) em qual p\u00e1gina est\u00e1 o time masculino do&nbsp;<a href=\"https:\/\/brasil.elpais.com\/tag\/sao_paulo_fc\">S\u00e3o Paulo<\/a>.<\/p>\n\n\n\n<figure class=\"wp-block-image\"><img decoding=\"async\" src=\"https:\/\/ep01.epimg.net\/brasil\/imagenes\/2019\/05\/09\/deportes\/1557429763_600813_1557513825_sumario_normal.jpg\" alt=\"\u201cDeveriam estar peladas\u201d: as rea\u00e7\u00f5es machistas ao \u00e1lbum de figurinhas da Copa do Mundo feminina\"\/><figcaption>REPRODU\u00c7\u00c3O \/ FACEBOOK<\/figcaption><\/figure>\n\n\n\n<figure class=\"wp-block-image\"><img decoding=\"async\" src=\"https:\/\/ep01.epimg.net\/brasil\/imagenes\/2019\/05\/09\/deportes\/1557429763_600813_1557513885_sumario_normal.jpg\" alt=\"\u201cDeveriam estar peladas\u201d: as rea\u00e7\u00f5es machistas ao \u00e1lbum de figurinhas da Copa do Mundo feminina\"\/><figcaption>REPRODU\u00c7\u00c3O \/ FACEBOOK<\/figcaption><\/figure>\n\n\n\n<p>Esta \u00e9 a terceira vez que a editora publica o livro ilustrado voltado para o torneio feminino, repetindo o que fez nos Mundiais de 2011 e 2015. O \u00e1lbum custa 8,90 reais e cada pacote, que cont\u00e9m cinco figurinhas, \u00e9 comercializado por 2,50 reais.<\/p>\n\n\n\n<p>Questionada pela reportagem, a Panini, por meio de Jos\u00e9 Eduardo Martins, presidente da empresa no Brasil, afirmou que &#8220;os coment\u00e1rios n\u00e3o diminuem a import\u00e2ncia do torneio, que tem se tornado cada vez mais competitivo e desperta grande interesse entre os f\u00e3s de futebol&#8221;. Desejamos que eles se divirtam completando suas cole\u00e7\u00f5es&#8221;, completou.<\/p>\n\n\n\n<p>ElPa\u00eds<\/p>\n","protected":false},"excerpt":{"rendered":"<p>Livro com colecion\u00e1veis das jogadoras gera coment\u00e1rios sexistas na rede, que v\u00e3o da ironia \u00e0 qualidade do torneio ao lamento de que as profissionais n\u00e3o mostrem o corpo nas imagens Faltam pouco mais de dois meses para a estreia da\u00a0Copa do Mundo feminina, mas os coment\u00e1rios sexistas sobre as profissionais que participar\u00e3o do torneio j\u00e1 [&hellip;]<\/p>\n","protected":false},"author":2,"featured_media":10627,"comment_status":"open","ping_status":"open","sticky":false,"template":"","format":"standard","meta":{"advanced_seo_description":"","jetpack_seo_html_title":"","jetpack_seo_noindex":false,"_jetpack_memberships_contains_paid_content":false,"footnotes":""},"categories":[43],"tags":[],"class_list":{"0":"post-10625","1":"post","2":"type-post","3":"status-publish","4":"format-standard","5":"has-post-thumbnail","7":"category-cotidiano"},"jetpack_featured_media_url":"https:\/\/www.paranapraia.com.br\/wp-content\/uploads\/2019\/05\/asd-1.jpg","jetpack_sharing_enabled":true,"_links":{"self":[{"href":"https:\/\/www.paranapraia.com.br\/index.php\/wp-json\/wp\/v2\/posts\/10625"}],"collection":[{"href":"https:\/\/www.paranapraia.com.br\/index.php\/wp-json\/wp\/v2\/posts"}],"about":[{"href":"https:\/\/www.paranapraia.com.br\/index.php\/wp-json\/wp\/v2\/types\/post"}],"author":[{"embeddable":true,"href":"https:\/\/www.paranapraia.com.br\/index.php\/wp-json\/wp\/v2\/users\/2"}],"replies":[{"embeddable":true,"href":"https:\/\/www.paranapraia.com.br\/index.php\/wp-json\/wp\/v2\/comments?post=10625"}],"version-history":[{"count":1,"href":"https:\/\/www.paranapraia.com.br\/index.php\/wp-json\/wp\/v2\/posts\/10625\/revisions"}],"predecessor-version":[{"id":10628,"href":"https:\/\/www.paranapraia.com.br\/index.php\/wp-json\/wp\/v2\/posts\/10625\/revisions\/10628"}],"wp:featuredmedia":[{"embeddable":true,"href":"https:\/\/www.paranapraia.com.br\/index.php\/wp-json\/wp\/v2\/media\/10627"}],"wp:attachment":[{"href":"https:\/\/www.paranapraia.com.br\/index.php\/wp-json\/wp\/v2\/media?parent=10625"}],"wp:term":[{"taxonomy":"category","embeddable":true,"href":"https:\/\/www.paranapraia.com.br\/index.php\/wp-json\/wp\/v2\/categories?post=10625"},{"taxonomy":"post_tag","embeddable":true,"href":"https:\/\/www.paranapraia.com.br\/index.php\/wp-json\/wp\/v2\/tags?post=10625"}],"curies":[{"name":"wp","href":"https:\/\/api.w.org\/{rel}","templated":true}]}}