{"id":10606,"date":"2019-05-16T16:30:50","date_gmt":"2019-05-16T19:30:50","guid":{"rendered":"https:\/\/www.paranapraia.com.br\/?p=10606"},"modified":"2019-05-16T16:30:51","modified_gmt":"2019-05-16T19:30:51","slug":"ex-assessor-imoveis-renda-quais-sao-as-suspeitas-do-ministerio-publico-sobre-flavio-bolsonaro","status":"publish","type":"post","link":"https:\/\/www.paranapraia.com.br\/index.php\/2019\/05\/16\/ex-assessor-imoveis-renda-quais-sao-as-suspeitas-do-ministerio-publico-sobre-flavio-bolsonaro\/","title":{"rendered":"Ex-assessor, im\u00f3veis, renda: quais s\u00e3o as suspeitas do Minist\u00e9rio P\u00fablico sobre Fl\u00e1vio Bolsonaro"},"content":{"rendered":"\n<p>Investiga\u00e7\u00f5es que come\u00e7aram em 2018 com movimenta\u00e7\u00f5es financeiras suspeitas de pessoas trabalhando em gabinetes de diferentes deputados na Assembleia Legislativa do Rio de Janeiro (Alerj) colocam agora o filho mais velho do presidente Jair Bolsonaro em uma situa\u00e7\u00e3o delicada.<\/p>\n\n\n\n<p>Ao pedir \u00e0 Justi\u00e7a a quebra do sigilo banc\u00e1rio e fiscal de 95 pessoas e empresas ligadas ao senador Fl\u00e1vio Bolsonaro (PSL-RJ), o Minist\u00e9rio P\u00fablico do Rio apontou ind\u00edcios de que o parlamentar comprou e vendeu im\u00f3veis para lavar dinheiro no per\u00edodo em que ele era deputado estadual.<\/p>\n\n\n\n<p>O Minist\u00e9rio P\u00fablico afirma que &#8220;o caso est\u00e1 sob absoluto sigilo e assim permanecer\u00e1&#8221;. No entanto, tudo indica que o MP vai abrir uma apura\u00e7\u00e3o oficial sobre Fl\u00e1vio, que ainda n\u00e3o \u00e9 formalmente alvo da investiga\u00e7\u00e3o de acordo com o que foi divulgado at\u00e9 agora.<\/p>\n\n\n\n<p>O senador afirma que jamais cometeu qualquer irregularidade e, no Twitter, disse ser v\u00edtima de &#8220;seguidos e constantes vazamentos de informa\u00e7\u00f5es contidas em processo que est\u00e1 em segredo de Justi\u00e7a&#8221;.<\/p>\n\n\n\n<p>Em Dallas, onde receber\u00e1 o pr\u00eamio &#8220;Personalidade do Ano&#8221; da C\u00e2mara de Com\u00e9rcio Americano-Brasileira, o presidente Bolsonaro afirmou a jornalistas que a quebra de sigilo do filho e investiga\u00e7\u00e3o do MP fluminense s\u00e3o uma &#8220;jogadinha&#8221; para prejudic\u00e1-lo.<\/p>\n\n\n\n<p>&#8220;Querem me atingir? Venham para cima de mim! Querem quebrar meu sigilo, eu sei que tem que ter um fato, mas eu abro o meu sigilo. N\u00e3o v\u00e3o me pegar&#8221;, disse ele, segundo o site de not\u00edcias G1.<\/p>\n\n\n\n<p>O presidente continuou: &#8220;grandes setores da m\u00eddia n\u00e3o est\u00e3o satisfeitos com o meu governo, que \u00e9 um governo de austeridade, \u00e9 um governo de responsabilidade com o dinheiro p\u00fablico, \u00e9 um governo que n\u00e3o vai mentir e n\u00e3o vai aceitar negocia\u00e7\u00f5es, n\u00e3o vai aceitar conchavos para atender interesse de quem quer que seja. E ponto final.&#8221;<\/p>\n\n\n\n<h2 class=\"wp-block-heading\">Quais s\u00e3o as suspeitas contra Fl\u00e1vio Bolsonaro?<\/h2>\n\n\n\n<p>No pedido de quebra de sigilo fiscal e banc\u00e1rio de Fl\u00e1vio e pessoas ligadas a ele, feito em abril de 2019, procuradores afirmam haver &#8220;suspeitas de que grande parte dos neg\u00f3cios realizados pelo parlamentar possam ter sido registrados com valores fraudados, objetivando simular ganhos de capital fict\u00edcios para encobrir o enriquecimento il\u00edcito decorrente dos desvios de recursos&#8221; da Alerj.<\/p>\n\n\n\n<p>Segundo reportagem da revista Veja, que afirma ter tido acesso ao documento que embasou o pedido de quebra do sigilo, o MP do Rio afirma que o ent\u00e3o deputado estadual lucrou R$ 3,089 milh\u00f5es em transa\u00e7\u00f5es imobili\u00e1rias sobre as quais pairam &#8220;suspeitas de subfaturamento nas compras e superfaturamento nas vendas&#8221;.<\/p>\n\n\n\n<p>Nesse per\u00edodo, ainda segundo a Veja, o atual senador investiu R$ 9,425 milh\u00f5es na compra de 19 im\u00f3veis, entre apartamentos e salas comerciais. Para o Minist\u00e9rio P\u00fablico, as movimenta\u00e7\u00f5es podem ser parte do esquema de simula\u00e7\u00e3o de ganhos para ocultar desvios.<\/p>\n\n\n\n<figure class=\"wp-block-image\"><img decoding=\"async\" src=\"https:\/\/ichef.bbci.co.uk\/news\/624\/cpsprodpb\/17116\/production\/_106968449_33928122798_af86b92fcf_b.jpg\" alt=\"Fl\u00e1vio Bolsonaro\"\/><figcaption>Image captionFl\u00e1vio Bolsonaro afirma que jamais cometeu qualquer irregularidade<\/figcaption><\/figure>\n\n\n\n<p>O juiz Fl\u00e1vio Nicolau, do Tribunal de Justi\u00e7a do Rio de Janeiro (TJ-RJ), autorizou a quebra de sigilo de nove empresas e 86 pessoas, entre elas o pr\u00f3prio senador e ex-funcion\u00e1rios de Fl\u00e1vio, familiares, e pessoas ligadas a ele, segundo o jornal Globo. O TJ-RJ ainda n\u00e3o confirmou a quebra de sigilo, que teria sido autorizada em abril.<\/p>\n\n\n\n<p>A quebra de sigilo abrange o per\u00edodo entre janeiro de 2007 a dezembro de 2018, e indica que as frentes de apura\u00e7\u00e3o sobre as atividades financeiras de Fl\u00e1vio v\u00e3o al\u00e9m da suspeita de devolu\u00e7\u00e3o de parte do sal\u00e1rio de ex-funcion\u00e1rios na Alerj, esquema chamado de &#8220;rachadinha&#8221; ou &#8220;rachid&#8221;.<\/p>\n\n\n\n<p>Entre os alvos, informa o jornal Folha de S.Paulo, est\u00e3o cinco assessores que trabalharam n\u00e3o s\u00f3 para Fl\u00e1vio como tamb\u00e9m para o pai dele na C\u00e2mara, quando Jair Bolsonaro era deputado federal. Um deles tamb\u00e9m trabalhou para Carlos Bolsonaro, o filho &#8220;n\u00famero 2&#8221; do presidente que \u00e9 vereador no Rio.<\/p>\n\n\n\n<h2 class=\"wp-block-heading\">Como come\u00e7aram as investiga\u00e7\u00f5es?<\/h2>\n\n\n\n<p>O caso come\u00e7ou porque, em uma investiga\u00e7\u00e3o relacionada \u00e0 Opera\u00e7\u00e3o Lava Jato, o Conselho de Controle de Atividades Financeiras (Coaf) identificou movimenta\u00e7\u00f5es suspeitas e incompat\u00edveis de dezenas de servidores e ex-servidores de deputados estaduais do Rio.<\/p>\n\n\n\n<p>A fun\u00e7\u00e3o do \u00f3rg\u00e3o \u00e9 justamente identificar movimenta\u00e7\u00f5es consideradas at\u00edpicas. &#8220;O Coaf recebe, examina e identifica ocorr\u00eancias suspeitas de atividade il\u00edcita e comunica \u00e0s autoridades competentes para instaura\u00e7\u00e3o de procedimentos. Al\u00e9m disso, coordena a troca de informa\u00e7\u00f5es para viabilizar a\u00e7\u00f5es r\u00e1pidas e eficientes no combate \u00e0 oculta\u00e7\u00e3o ou dissimula\u00e7\u00e3o de bens, direitos e valores&#8221;, esclarece o pr\u00f3prio \u00f3rg\u00e3o em seu site.<\/p>\n\n\n\n<p>O Coaf, inicialmente, identificou transa\u00e7\u00f5es at\u00edpicas de pessoas que trabalham ou trabalharam em pelo menos 21 gabinetes de deputados estaduais de 14 partidos (Avante, DEM, MDB, PDT, PHS, PRB, PSB, PSC, PSD, PSDB, PSL, PSOL, PT e Solidariedade).<\/p>\n\n\n\n<p>Como n\u00e3o havia ind\u00edcios de que o caso estava ligado \u00e0 opera\u00e7\u00e3o Lava Jato, o relat\u00f3rio foi encaminhado ao Minist\u00e9rio P\u00fablico do Rio de Janeiro em 3 de janeiro de 2018. Com base nos achados do Coaf, os procuradores passaram a investigar.<\/p>\n\n\n\n<p>O Coaf descobriu, entre outras coisas, que outros funcion\u00e1rios de Fl\u00e1vio Bolsonaro repassavam dinheiro a um assessor do gabinete, na maior parte das vezes em datas pr\u00f3ximas ao dia de pagamento na Alerj.<\/p>\n\n\n\n<h2 class=\"wp-block-heading\">E o Queiroz?<\/h2>\n\n\n\n<p>Esse assessor, que est\u00e1 entre os servidores que aparecem nos relat\u00f3rios do Coaf, \u00e9 Fabr\u00edcio Queiroz, policial militar aposentado, que foi tamb\u00e9m motorista e ex-seguran\u00e7a do ent\u00e3o deputado Fl\u00e1vio Bolsonaro.<\/p>\n\n\n\n<p>Queiroz recebia da Alerj um sal\u00e1rio de R$ 8.517 e acumulava rendimentos mensais de R$ 12,6 mil da Pol\u00edcia Militar. Ele foi exonerado do gabinete de Fl\u00e1vio na Alerj em outubro de 2018.<\/p>\n\n\n\n<figure class=\"wp-block-image\"><img decoding=\"async\" src=\"https:\/\/ichef.bbci.co.uk\/news\/624\/cpsprodpb\/E089\/production\/_104918475_insta.jpg\" alt=\"Fl\u00e1vio Bolsonaro com Queiroz em foto publicada no Instagram\"\/><figcaption>Image captionQueiroz (\u00e0 dir.) \u00e9 ex-motorista e ex-seguran\u00e7a do hoje senador Fl\u00e1vio Bolsonaro<\/figcaption><\/figure>\n\n\n\n<p>Queiroz n\u00e3o \u00e9 apenas um ex-assessor pr\u00f3ximo de Fl\u00e1vio, que tamb\u00e9m contratou em seu gabinete duas filhas e a mulher do policial militar aposentado.<\/p>\n\n\n\n<p>Queiroz e o presidente Jair Bolsonaro se tornaram amigos nos anos 80. Em fotos publicadas por Bolsonaro, os dois podem ser vistos juntos em momentos de lazer como, por exemplo, pescando.<\/p>\n\n\n\n<p>Uma investiga\u00e7\u00e3o sobre Queiroz foi aberta formalmente em 30 de julho pelo Minist\u00e9rio P\u00fablico do Rio. A principal suspeita \u00e9 de que o ex-assessor embolsou o dinheiro para si mesmo ou repassava a quantia para Fl\u00e1vio. Se o Minist\u00e9rio P\u00fablico concluir que crimes foram cometidos, o \u00f3rg\u00e3o deve reunir as provas e apresentar den\u00fancias \u00e0 Justi\u00e7a.<\/p>\n\n\n\n<p>Segundo o Coaf, Queiroz movimentou quase R$ 7 milh\u00f5es em tr\u00eas anos, enquanto sua renda mensal girava em torno de R$ 20 mil. Entre janeiro de 2016 e janeiro de 2017, ele recebeu dep\u00f3sitos e fez saques num valor total de R$ 1,2 milh\u00e3o \u2013 movimenta\u00e7\u00e3o que seria incompat\u00edvel com seu patrim\u00f4nio e ocupa\u00e7\u00e3o.<\/p>\n\n\n\n<figure class=\"wp-block-image\"><img decoding=\"async\" src=\"https:\/\/ichef.bbci.co.uk\/news\/624\/cpsprodpb\/0F49\/production\/_104731930_cd285edf-0d0b-45b4-b375-53ae62520f57.jpg\" alt=\"Fl\u00e1vio Bolsonaro\"\/><figcaption>Image captionComo parte de uma investiga\u00e7\u00e3o da Opera\u00e7\u00e3o Lava Jato, foi identificada uma movimenta\u00e7\u00e3o banc\u00e1ria suspeita no valor de R$ 1,2 milh\u00e3o por parte de um ex-assessor de Fl\u00e1vio Bolsonaro<\/figcaption><\/figure>\n\n\n\n<h2 class=\"wp-block-heading\">O que dizem os envolvidos<\/h2>\n\n\n\n<p>Em entrevista ao SBT, no final do ano passado, Queiroz afirmou que era &#8220;um cara de neg\u00f3cios&#8221; e que comprava e revendia carros.<\/p>\n\n\n\n<p>Depois de faltar a quatro convoca\u00e7\u00f5es do Minist\u00e9rio P\u00fablico do Rio alegando emerg\u00eancias m\u00e9dicas, Queiroz deu explica\u00e7\u00f5es formais \u2013 por escrito \u2013 sobre suas movimenta\u00e7\u00f5es financeiras at\u00edpicas.<\/p>\n\n\n\n<p>Em documento enviado \u00e0 promotoria fluminense, Queiroz afirmou que fazia &#8220;gerenciamento financeiro&#8221; dos sal\u00e1rios recebidos pelos outros funcion\u00e1rios do gabinete para ampliar, informalmente e sem o conhecimento de Fl\u00e1vio, a base de funcion\u00e1rios ligados ao filho mais velho do atual presidente. A informa\u00e7\u00e3o foi divulgada pelo jornal O Estado de S. Paulo em mar\u00e7o de 2019.<\/p>\n\n\n\n<p>Fl\u00e1vio Bolsonaro, por sua vez, afirma ter o passado limpo e diz que jamais cometeu qualquer irregularidade. &#8220;Tudo ser\u00e1 provado em momento oportuno dentro do processo legal&#8221;, tuitou no dia 15 de maio, depois de a revista Veja trazer informa\u00e7\u00f5es sobre o pedido de quebra de sigilo.<\/p>\n\n\n\n<p>No Twitter, ele disse ainda que os valores informados sobre a compra e venda dos im\u00f3veis &#8220;s\u00e3o absolutamente falsos e n\u00e3o chegam nem perto dos valores reais&#8221;. &#8220;Sempre declarei todo meu patrim\u00f4nio \u00e0 Receita Federal e tudo \u00e9 compat\u00edvel com a minha renda.&#8221;<\/p>\n\n\n\n<p>Ao comentar o caso em entrevista ao jornal O Estado de S.Paulo, no fim de semana, o senador afirmou que n\u00e3o sabe onde est\u00e1 Queiroz e que o ex-assessor &#8220;tinha muita autonomia dentro do gabinete&#8221;. Ele tamb\u00e9m disse que talvez tenha sido um erro &#8220;confiar demais nele&#8221;.<\/p>\n\n\n\n<figure class=\"wp-block-image\"><img decoding=\"async\" src=\"https:\/\/ichef.bbci.co.uk\/news\/624\/cpsprodpb\/9970\/production\/_104708293_twitter.png\" alt=\"Tu\u00edte de Fl\u00e1vio Bolsonaro\"\/><figcaption>Image captionNo Twitter, Fl\u00e1vio Bolsonaro falou sobre sua confian\u00e7a no ex-assessor<\/figcaption><\/figure>\n\n\n\n<p>Fl\u00e1vio sustenta que a apura\u00e7\u00e3o do MP &#8220;\u00e9 ilegal&#8221; e que &#8220;n\u00e3o tem outro caminho para a investiga\u00e7\u00e3o a n\u00e3o ser ela ser arquivada&#8221;.<\/p>\n\n\n\n<p>&#8220;Por que est\u00e3o querendo agora pedir autoriza\u00e7\u00e3o para quebrar meu sigilo banc\u00e1rio se meu extrato j\u00e1 apareceu na televis\u00e3o? Eles querem requentar uma informa\u00e7\u00e3o que eles conseguiram de forma ilegal&#8221;, disse Fl\u00e1vio na mesma entrevista.<\/p>\n\n\n\n<p>Em nota divulgada no dia 13 de maio de 2019, o MP rebateu declara\u00e7\u00f5es de Bolsonaro.<\/p>\n\n\n\n<p>&#8220;O Minist\u00e9rio P\u00fablico do Estado do Rio de Janeiro repudia com veem\u00eancia as declara\u00e7\u00f5es de Fl\u00e1vio Bolsonaro, proferidas em entrevista divulgada pelos meios de comunica\u00e7\u00e3o social, no dia 12\/05\/2019. O MPRJ reafirma que sua atua\u00e7\u00e3o \u00e9 isenta e apartid\u00e1ria&#8221;, diz a nota, negando ter vazado qualquer informa\u00e7\u00e3o e que toda a investiga\u00e7\u00e3o \u00e9 sigilosa.<\/p>\n\n\n\n<p>A procuradoria atacou ainda Fl\u00e1vio Bolsonaro. &#8220;O referido parlamentar n\u00e3o adota postura similar \u00e0 de outros parlamentares, prestando esclarecimentos formais sobre os fatos que lhe tocam e, se for o caso, fulminando qualquer suspeita contra si. O senador \u00e9 presen\u00e7a constante na imprensa, mas jamais esteve no MPRJ, apesar de convidado.&#8221;<\/p>\n\n\n\n<p>&#8220;O senador Fl\u00e1vio Bolsonaro tem direcionado seus esfor\u00e7os para invocar o foro privilegiado perante o Supremo Tribunal Federal ou mesmo tentar interromper as investiga\u00e7\u00f5es, como o fez junto ao Tribunal de Justi\u00e7a do Estado do Rio de Janeiro, fato amplamente noticiado nos meios de comunica\u00e7\u00e3o.&#8221;<\/p>\n\n\n\n<h2 class=\"wp-block-heading\">Por que o MP Rio investiga o caso Queiroz-Fl\u00e1vio Bolsonaro?<\/h2>\n\n\n\n<p>Fl\u00e1vio Bolsonaro j\u00e1 tentou retirar as investiga\u00e7\u00f5es da Promotoria no Rio recorrendo ao Supremo Tribunal Federal, alegando que, por ter sido eleito senador e, portanto, desfrutar de foro privilegiado, o caso deveria ser analisado pela mais alta Corte do pa\u00eds.<\/p>\n\n\n\n<p>Mas o relator do caso, ministro Marco Aur\u00e9lio, explicou que a nova regra do foro privilegiado estabelece que s\u00f3 devem ficar no STF processos relativos a fatos ocorridos durante o atual mandato parlamentar, e com rela\u00e7\u00e3o direta ao cargo ocupado.<\/p>\n\n\n\n<p>As supostas irregularidades apuradas pelo Minist\u00e9rio P\u00fablico do Rio de Janeiro ocorreram quando Fl\u00e1vio era deputado estadual.<\/p>\n\n\n\n<p>BBC<\/p>\n","protected":false},"excerpt":{"rendered":"<p>Investiga\u00e7\u00f5es que come\u00e7aram em 2018 com movimenta\u00e7\u00f5es financeiras suspeitas de pessoas trabalhando em gabinetes de diferentes deputados na Assembleia Legislativa do Rio de Janeiro (Alerj) colocam agora o filho mais velho do presidente Jair Bolsonaro em uma situa\u00e7\u00e3o delicada. Ao pedir \u00e0 Justi\u00e7a a quebra do sigilo banc\u00e1rio e fiscal de 95 pessoas e empresas [&hellip;]<\/p>\n","protected":false},"author":2,"featured_media":10607,"comment_status":"open","ping_status":"open","sticky":false,"template":"","format":"standard","meta":{"advanced_seo_description":"","jetpack_seo_html_title":"","jetpack_seo_noindex":false,"_jetpack_memberships_contains_paid_content":false,"footnotes":""},"categories":[32],"tags":[],"class_list":{"0":"post-10606","1":"post","2":"type-post","3":"status-publish","4":"format-standard","5":"has-post-thumbnail","7":"category-politica"},"jetpack_featured_media_url":"https:\/\/www.paranapraia.com.br\/wp-content\/uploads\/2019\/05\/sa-1.jpg","jetpack_sharing_enabled":true,"_links":{"self":[{"href":"https:\/\/www.paranapraia.com.br\/index.php\/wp-json\/wp\/v2\/posts\/10606"}],"collection":[{"href":"https:\/\/www.paranapraia.com.br\/index.php\/wp-json\/wp\/v2\/posts"}],"about":[{"href":"https:\/\/www.paranapraia.com.br\/index.php\/wp-json\/wp\/v2\/types\/post"}],"author":[{"embeddable":true,"href":"https:\/\/www.paranapraia.com.br\/index.php\/wp-json\/wp\/v2\/users\/2"}],"replies":[{"embeddable":true,"href":"https:\/\/www.paranapraia.com.br\/index.php\/wp-json\/wp\/v2\/comments?post=10606"}],"version-history":[{"count":1,"href":"https:\/\/www.paranapraia.com.br\/index.php\/wp-json\/wp\/v2\/posts\/10606\/revisions"}],"predecessor-version":[{"id":10608,"href":"https:\/\/www.paranapraia.com.br\/index.php\/wp-json\/wp\/v2\/posts\/10606\/revisions\/10608"}],"wp:featuredmedia":[{"embeddable":true,"href":"https:\/\/www.paranapraia.com.br\/index.php\/wp-json\/wp\/v2\/media\/10607"}],"wp:attachment":[{"href":"https:\/\/www.paranapraia.com.br\/index.php\/wp-json\/wp\/v2\/media?parent=10606"}],"wp:term":[{"taxonomy":"category","embeddable":true,"href":"https:\/\/www.paranapraia.com.br\/index.php\/wp-json\/wp\/v2\/categories?post=10606"},{"taxonomy":"post_tag","embeddable":true,"href":"https:\/\/www.paranapraia.com.br\/index.php\/wp-json\/wp\/v2\/tags?post=10606"}],"curies":[{"name":"wp","href":"https:\/\/api.w.org\/{rel}","templated":true}]}}