{"id":10603,"date":"2019-05-16T16:29:02","date_gmt":"2019-05-16T19:29:02","guid":{"rendered":"https:\/\/www.paranapraia.com.br\/?p=10603"},"modified":"2019-05-16T16:29:03","modified_gmt":"2019-05-16T19:29:03","slug":"antagonista-de-bolsonaro-prefeito-de-ny-anuncia-candidatura-a-presidencia-dos-eua","status":"publish","type":"post","link":"https:\/\/www.paranapraia.com.br\/index.php\/2019\/05\/16\/antagonista-de-bolsonaro-prefeito-de-ny-anuncia-candidatura-a-presidencia-dos-eua\/","title":{"rendered":"Antagonista de Bolsonaro, prefeito de NY anuncia candidatura \u00e0 Presid\u00eancia dos EUA"},"content":{"rendered":"\n<h4 class=\"wp-block-heading\">Blasio \u00e9 o 24\u00ba nome que anuncia a inten\u00e7\u00e3o de disputar a elei\u00e7\u00e3o pelo partido<\/h4>\n\n\n\n<p>O prefeito de Nova York, Bill de Blasio, 58, anunciou nesta quinta-feira (16) sua candidatura \u00e0s pr\u00e9vias do Partido Democrata para disputar a elei\u00e7\u00e3o presidencial dos Estados Unidos em 2020.<\/p>\n\n\n\n<p>Blasio \u00e9 o 24\u00ba nome que anuncia a inten\u00e7\u00e3o de disputar a elei\u00e7\u00e3o pelo partido -Bernie Sanders \u00e9 independente, mas concorre nas prim\u00e1rias democratas.<\/p>\n\n\n\n<p>\u201c\u00c9 preciso parar Donald Trump. Sou Bill de Blasio e me candidato a presidente porque \u00e9 hora de colocar os trabalhadores primeiro\u201d, disse o prefeito, em um v\u00eddeo que foi publicado nas redes sociais para anunciar a candidatura.<\/p>\n\n\n\n<p>Blasio entrou em atrito com o presidente do Brasil, Jair Bolsonaro, nas \u00faltimas semanas. Ele liderou a press\u00e3o de pol\u00edticos e ativistas que levaram Bolsonaro a cancelar uma visita a cidade para receber uma homenagem. O prefeito chamou o l\u00edder brasileiro de \u201chomem perigoso\u201d e agradeceu ao Museu de Hist\u00f3ria Natural por se recusar a sediar um jantar que homenagearia o brasileiro.<\/p>\n\n\n\n<p>O presidente acabou desistindo de ir a Nova York. A entrega da homenagem foi transferida para Dallas.<\/p>\n\n\n\n<p>Ap\u00f3s desistir da viagem, Bolsonaro chamou Blasio de radical. \u201cEu n\u00e3o poderia comparecer a uma cidade onde o chefe do Executivo se comportava como um radical, promovendo e se preparando para fazer manifesta\u00e7\u00f5es, as piores poss\u00edveis, contra a minha presen\u00e7a\u201d, disse o presidente brasileiro.<\/p>\n\n\n\n<p>Blasio retrucou: \u201cSe voc\u00ea quiser invadir nossa cidade e se vangloriar por destruir nosso meio ambiente ou de como voc\u00ea \u00e9 um \u2018homof\u00f3bico com orgulho\u2019, os nova-iorquinos v\u00e3o te confrontar. Se ser \u2018radical\u2019 \u00e9 se levantar contra sua ideologia destrutiva, ent\u00e3o somos radicais com orgulho\u201d, respondeu.<\/p>\n\n\n\n<p>Blasio tamb\u00e9m \u00e9 cr\u00edtico frequente de Trump, e questiona suas pol\u00edticas em temas como imigra\u00e7\u00e3o e meio ambiente.<br>Ele foi o primeiro democrata a governar Nova York depois de 20 anos -foi eleito em 2013 com 73% dos votos. Est\u00e1 agora em seu segundo mandato, que segue at\u00e9 2021.<br>Na campanha, Blasio enfatizar\u00e1 conquistas que obteve na cidade, como a universaliza\u00e7\u00e3o do acesso a creches e o sal\u00e1rio m\u00ednimo local de US$ 15 por hora. Ele defende mais direitos trabalhistas, como amplia\u00e7\u00e3o de f\u00e9rias, e facilita\u00e7\u00e3o do acesso a planos de sa\u00fade.<\/p>\n\n\n\n<p>Casado com uma escritora negra que no passado se declarava gay, o prefeito tem refor\u00e7ado seu discurso em favor das causas LGBT e do meio ambiente.<\/p>\n\n\n\n<p>No entanto, ele ter\u00e1 de lidar com acusa\u00e7\u00f5es de ter agido de modo suspeito ao solicitar dinheiro para campanha. Segundo processo conduzido pelo departamento de investiga\u00e7\u00e3o de Nova York, Blasio pediu contribui\u00e7\u00f5es de empres\u00e1rios que tinham neg\u00f3cios com a cidade, uma viola\u00e7\u00e3o do c\u00f3digo de \u00e9tica municipal.<\/p>\n\n\n\n<p>O assunto foi encaminhado para um conselho que delibera sobre conflitos de interesses, com quatro dos cinco integrantes indicados pelo pr\u00f3prio Blasio. Um deles, inclusive, foi um dos doadores de sua campanha.<\/p>\n\n\n\n<p>A investiga\u00e7\u00e3o foi encerrada em 2018, sem acusa\u00e7\u00e3o contra o prefeito, apesar de promotores conclu\u00edrem que as pr\u00e1ticas do pol\u00edtico iam \u201ccontra o esp\u00edrito da lei\u201d.<\/p>\n\n\n\n<p>Antes da elei\u00e7\u00e3o, Blasio ter\u00e1 de disputar a posi\u00e7\u00e3o de candidato oficial do partido democrata contra nomes em alta na legenda, como o ex-vice-presidente Joe Biden e os senadores Bernie Sanders e Elizabeth Warren.<\/p>\n\n\n\n<p>BandaB<\/p>\n\n\n\n<p><br><\/p>\n","protected":false},"excerpt":{"rendered":"<p>Blasio \u00e9 o 24\u00ba nome que anuncia a inten\u00e7\u00e3o de disputar a elei\u00e7\u00e3o pelo partido O prefeito de Nova York, Bill de Blasio, 58, anunciou nesta quinta-feira (16) sua candidatura \u00e0s pr\u00e9vias do Partido Democrata para disputar a elei\u00e7\u00e3o presidencial dos Estados Unidos em 2020. Blasio \u00e9 o 24\u00ba nome que anuncia a inten\u00e7\u00e3o de [&hellip;]<\/p>\n","protected":false},"author":2,"featured_media":10604,"comment_status":"open","ping_status":"open","sticky":false,"template":"","format":"standard","meta":{"advanced_seo_description":"","jetpack_seo_html_title":"","jetpack_seo_noindex":false,"_jetpack_memberships_contains_paid_content":false,"footnotes":""},"categories":[32],"tags":[],"class_list":{"0":"post-10603","1":"post","2":"type-post","3":"status-publish","4":"format-standard","5":"has-post-thumbnail","7":"category-politica"},"jetpack_featured_media_url":"https:\/\/www.paranapraia.com.br\/wp-content\/uploads\/2019\/05\/anta.jpg","jetpack_sharing_enabled":true,"_links":{"self":[{"href":"https:\/\/www.paranapraia.com.br\/index.php\/wp-json\/wp\/v2\/posts\/10603"}],"collection":[{"href":"https:\/\/www.paranapraia.com.br\/index.php\/wp-json\/wp\/v2\/posts"}],"about":[{"href":"https:\/\/www.paranapraia.com.br\/index.php\/wp-json\/wp\/v2\/types\/post"}],"author":[{"embeddable":true,"href":"https:\/\/www.paranapraia.com.br\/index.php\/wp-json\/wp\/v2\/users\/2"}],"replies":[{"embeddable":true,"href":"https:\/\/www.paranapraia.com.br\/index.php\/wp-json\/wp\/v2\/comments?post=10603"}],"version-history":[{"count":1,"href":"https:\/\/www.paranapraia.com.br\/index.php\/wp-json\/wp\/v2\/posts\/10603\/revisions"}],"predecessor-version":[{"id":10605,"href":"https:\/\/www.paranapraia.com.br\/index.php\/wp-json\/wp\/v2\/posts\/10603\/revisions\/10605"}],"wp:featuredmedia":[{"embeddable":true,"href":"https:\/\/www.paranapraia.com.br\/index.php\/wp-json\/wp\/v2\/media\/10604"}],"wp:attachment":[{"href":"https:\/\/www.paranapraia.com.br\/index.php\/wp-json\/wp\/v2\/media?parent=10603"}],"wp:term":[{"taxonomy":"category","embeddable":true,"href":"https:\/\/www.paranapraia.com.br\/index.php\/wp-json\/wp\/v2\/categories?post=10603"},{"taxonomy":"post_tag","embeddable":true,"href":"https:\/\/www.paranapraia.com.br\/index.php\/wp-json\/wp\/v2\/tags?post=10603"}],"curies":[{"name":"wp","href":"https:\/\/api.w.org\/{rel}","templated":true}]}}