{"id":10591,"date":"2019-05-16T16:10:16","date_gmt":"2019-05-16T19:10:16","guid":{"rendered":"https:\/\/www.paranapraia.com.br\/?p=10591"},"modified":"2019-05-16T16:10:18","modified_gmt":"2019-05-16T19:10:18","slug":"jovem-morre-apos-queda-de-laje-em-centro-universitario-de-maringa","status":"publish","type":"post","link":"https:\/\/www.paranapraia.com.br\/index.php\/2019\/05\/16\/jovem-morre-apos-queda-de-laje-em-centro-universitario-de-maringa\/","title":{"rendered":"Jovem morre ap\u00f3s queda de laje em Centro Universit\u00e1rio de Maring\u00e1"},"content":{"rendered":"\n<h4 class=\"wp-block-heading\">Nat\u00e1lia teve parada cardiorrespirat\u00f3ria e foi reanimada algumas vezes, segundo o hospital<\/h4>\n\n\n\n<p> Uma jovem morreu ap\u00f3s parte de uma laje de um pr\u00e9dio em obras cair dentro da Unicesumar, em Maring\u00e1,<br>na manh\u00e3 desta quinta-feira (16). Nat\u00e1lia Meira Celeste, de 20 anos, foi soterrada por materiais de<br>constru\u00e7\u00e3o, chegou a ser levada para o Hospital Santa Casa, mas n\u00e3o resistiu e morreu \u00e0s 12h05 .<\/p>\n\n\n\n<p>Segundo o hospital, Nat\u00e1lia teve parada cardiorrespirat\u00f3ria e foi reanimada algumas vezes. Ela ainda teve<br>trauma de cranio com lacera\u00e7\u00e3o.<\/p>\n\n\n\n<p>Al\u00e9m dela, outras duas pessoas ficaram feridas no acidente de trabalho. De acordo com a assessoria de<br>imprensa da Santa Casa, outra v\u00edtima, Joelson Trevisan Pires, est\u00e1 na emerg\u00eancia e ainda vai para cirurgia. O<br>estado de sa\u00fade dele \u00e9 considerado grave.<\/p>\n\n\n\n<p>BandaB<\/p>\n","protected":false},"excerpt":{"rendered":"<p>Nat\u00e1lia teve parada cardiorrespirat\u00f3ria e foi reanimada algumas vezes, segundo o hospital Uma jovem morreu ap\u00f3s parte de uma laje de um pr\u00e9dio em obras cair dentro da Unicesumar, em Maring\u00e1,na manh\u00e3 desta quinta-feira (16). Nat\u00e1lia Meira Celeste, de 20 anos, foi soterrada por materiais deconstru\u00e7\u00e3o, chegou a ser levada para o Hospital Santa Casa, [&hellip;]<\/p>\n","protected":false},"author":2,"featured_media":10592,"comment_status":"open","ping_status":"open","sticky":false,"template":"","format":"standard","meta":{"advanced_seo_description":"","jetpack_seo_html_title":"","jetpack_seo_noindex":false,"_jetpack_memberships_contains_paid_content":false,"footnotes":""},"categories":[42],"tags":[],"class_list":{"0":"post-10591","1":"post","2":"type-post","3":"status-publish","4":"format-standard","5":"has-post-thumbnail","7":"category-cidades"},"jetpack_featured_media_url":"https:\/\/www.paranapraia.com.br\/wp-content\/uploads\/2019\/05\/testa.jpg","jetpack_sharing_enabled":true,"_links":{"self":[{"href":"https:\/\/www.paranapraia.com.br\/index.php\/wp-json\/wp\/v2\/posts\/10591"}],"collection":[{"href":"https:\/\/www.paranapraia.com.br\/index.php\/wp-json\/wp\/v2\/posts"}],"about":[{"href":"https:\/\/www.paranapraia.com.br\/index.php\/wp-json\/wp\/v2\/types\/post"}],"author":[{"embeddable":true,"href":"https:\/\/www.paranapraia.com.br\/index.php\/wp-json\/wp\/v2\/users\/2"}],"replies":[{"embeddable":true,"href":"https:\/\/www.paranapraia.com.br\/index.php\/wp-json\/wp\/v2\/comments?post=10591"}],"version-history":[{"count":1,"href":"https:\/\/www.paranapraia.com.br\/index.php\/wp-json\/wp\/v2\/posts\/10591\/revisions"}],"predecessor-version":[{"id":10593,"href":"https:\/\/www.paranapraia.com.br\/index.php\/wp-json\/wp\/v2\/posts\/10591\/revisions\/10593"}],"wp:featuredmedia":[{"embeddable":true,"href":"https:\/\/www.paranapraia.com.br\/index.php\/wp-json\/wp\/v2\/media\/10592"}],"wp:attachment":[{"href":"https:\/\/www.paranapraia.com.br\/index.php\/wp-json\/wp\/v2\/media?parent=10591"}],"wp:term":[{"taxonomy":"category","embeddable":true,"href":"https:\/\/www.paranapraia.com.br\/index.php\/wp-json\/wp\/v2\/categories?post=10591"},{"taxonomy":"post_tag","embeddable":true,"href":"https:\/\/www.paranapraia.com.br\/index.php\/wp-json\/wp\/v2\/tags?post=10591"}],"curies":[{"name":"wp","href":"https:\/\/api.w.org\/{rel}","templated":true}]}}