{"id":10588,"date":"2019-05-16T16:09:16","date_gmt":"2019-05-16T19:09:16","guid":{"rendered":"https:\/\/www.paranapraia.com.br\/?p=10588"},"modified":"2019-05-16T16:09:17","modified_gmt":"2019-05-16T19:09:17","slug":"parana-fecha-o-primeiro-trimestre-de-2019-com-536-mil-desempregados","status":"publish","type":"post","link":"https:\/\/www.paranapraia.com.br\/index.php\/2019\/05\/16\/parana-fecha-o-primeiro-trimestre-de-2019-com-536-mil-desempregados\/","title":{"rendered":"Paran\u00e1 fecha o primeiro trimestre de 2019 com 536 mil desempregados"},"content":{"rendered":"\n<p>&nbsp;O desemprego subiu em 14 das 27 unidades da federa\u00e7\u00e3o brasileiras no primeiro trimestre sob o governo Jair Bolsonaro, informou nesta quinta (16) o IBGE.&nbsp;De acordo com o IBGE, as maiores taxas de desemprego foram registradas no Amap\u00e1 (20,2%), Bahia (18,3%) e Acre (18%). As menores, em Santa Catarina (7,2%) e Paran\u00e1 e Rond\u00f4nia, ambos com 8,9%.&nbsp; O Paran\u00e1 fechou o primeiro trimestre de 2019 com 536 mil trabalhadores desempregados. Segundo a pesquisa, o \u00edndice de desocupa\u00e7\u00e3o no estado aumentou 1 ponto porcentual em rela\u00e7\u00e3o ao \u00faltimo trimestre de 2018.<\/p>\n\n\n\n<p>No primeiro trimestre, a taxa de desemprego foi de 12,7% no primeiro trimestre, 1,1 ponto percentual acima do registrado no trimestre anterior. Nos primeiros tr\u00eas meses de 2019, 13,4 milh\u00f5es de pessoas procuravam emprego no pa\u00eds.<\/p>\n\n\n\n<p>Em S\u00e3o Paulo, a taxa de desemprego ficou em 13,5%, acima da m\u00e9dia nacional e 1,1 ponto percentual acima da registrada no quarto trimestre de 2018.<\/p>\n\n\n\n<p>De acordo com o IBGE, um a cada quatro desempregados brasileiros estavam h\u00e1 mais de dois anos procurando trabalho no primeiro trimestre de 2019. Ao todo, 3,3 milh\u00f5es de brasileiros se encontravam nessa posi\u00e7\u00e3o.<\/p>\n\n\n\n<p>Nos primeiros tr\u00eas meses de 2019, a taxa de subutiliza\u00e7\u00e3o da for\u00e7a de trabalho brasileira bateu recorde, chegando a 25%. No total, 28,3 milh\u00f5es de brasileiros estavam sem trabalho ou trabalhavam menos do que gostariam.<\/p>\n\n\n\n<p>BemParana<\/p>\n","protected":false},"excerpt":{"rendered":"<p>&nbsp;O desemprego subiu em 14 das 27 unidades da federa\u00e7\u00e3o brasileiras no primeiro trimestre sob o governo Jair Bolsonaro, informou nesta quinta (16) o IBGE.&nbsp;De acordo com o IBGE, as maiores taxas de desemprego foram registradas no Amap\u00e1 (20,2%), Bahia (18,3%) e Acre (18%). As menores, em Santa Catarina (7,2%) e Paran\u00e1 e Rond\u00f4nia, ambos [&hellip;]<\/p>\n","protected":false},"author":2,"featured_media":10589,"comment_status":"open","ping_status":"open","sticky":false,"template":"","format":"standard","meta":{"advanced_seo_description":"","jetpack_seo_html_title":"","jetpack_seo_noindex":false,"_jetpack_memberships_contains_paid_content":false,"footnotes":""},"categories":[35],"tags":[],"class_list":{"0":"post-10588","1":"post","2":"type-post","3":"status-publish","4":"format-standard","5":"has-post-thumbnail","7":"category-economia"},"jetpack_featured_media_url":"https:\/\/www.paranapraia.com.br\/wp-content\/uploads\/2019\/05\/as.jpg","jetpack_sharing_enabled":true,"_links":{"self":[{"href":"https:\/\/www.paranapraia.com.br\/index.php\/wp-json\/wp\/v2\/posts\/10588"}],"collection":[{"href":"https:\/\/www.paranapraia.com.br\/index.php\/wp-json\/wp\/v2\/posts"}],"about":[{"href":"https:\/\/www.paranapraia.com.br\/index.php\/wp-json\/wp\/v2\/types\/post"}],"author":[{"embeddable":true,"href":"https:\/\/www.paranapraia.com.br\/index.php\/wp-json\/wp\/v2\/users\/2"}],"replies":[{"embeddable":true,"href":"https:\/\/www.paranapraia.com.br\/index.php\/wp-json\/wp\/v2\/comments?post=10588"}],"version-history":[{"count":1,"href":"https:\/\/www.paranapraia.com.br\/index.php\/wp-json\/wp\/v2\/posts\/10588\/revisions"}],"predecessor-version":[{"id":10590,"href":"https:\/\/www.paranapraia.com.br\/index.php\/wp-json\/wp\/v2\/posts\/10588\/revisions\/10590"}],"wp:featuredmedia":[{"embeddable":true,"href":"https:\/\/www.paranapraia.com.br\/index.php\/wp-json\/wp\/v2\/media\/10589"}],"wp:attachment":[{"href":"https:\/\/www.paranapraia.com.br\/index.php\/wp-json\/wp\/v2\/media?parent=10588"}],"wp:term":[{"taxonomy":"category","embeddable":true,"href":"https:\/\/www.paranapraia.com.br\/index.php\/wp-json\/wp\/v2\/categories?post=10588"},{"taxonomy":"post_tag","embeddable":true,"href":"https:\/\/www.paranapraia.com.br\/index.php\/wp-json\/wp\/v2\/tags?post=10588"}],"curies":[{"name":"wp","href":"https:\/\/api.w.org\/{rel}","templated":true}]}}