{"id":10585,"date":"2019-05-16T16:07:55","date_gmt":"2019-05-16T19:07:55","guid":{"rendered":"https:\/\/www.paranapraia.com.br\/?p=10585"},"modified":"2019-05-16T16:08:01","modified_gmt":"2019-05-16T19:08:01","slug":"numero-de-homicidios-dolosos-no-parana-cai-32-no-primeiro-trimestre-deste-ano","status":"publish","type":"post","link":"https:\/\/www.paranapraia.com.br\/index.php\/2019\/05\/16\/numero-de-homicidios-dolosos-no-parana-cai-32-no-primeiro-trimestre-deste-ano\/","title":{"rendered":"N\u00famero de homic\u00eddios dolosos no Paran\u00e1 cai 32% no primeiro trimestre deste ano"},"content":{"rendered":"\n<h4 class=\"wp-block-heading\">Em Curitiba, a redu\u00e7\u00e3o foi de 38%, na RMC chegou a 40%<\/h4>\n\n\n\n<p>O n\u00famero de homic\u00eddios dolosos (com inten\u00e7\u00e3o de matar) caiu 32% no Paran\u00e1 no primeiro trimestre deste ano em compara\u00e7\u00e3o com o mesmo per\u00edodo do ano anterior. Em janeiro, fevereiro e mar\u00e7o de 2019 foram registrados 381 casos, contra 558 no mesmo per\u00edodo de 2018. Os n\u00fameros s\u00e3o do relat\u00f3rio estat\u00edstico da Secretaria da Seguran\u00e7a P\u00fablica e Administra\u00e7\u00e3o Penitenci\u00e1ria.<\/p>\n\n\n\n<p>O registro de ocorr\u00eancias de homic\u00eddios dolosos \u00e9 o principal indicador da seguran\u00e7a p\u00fablica e a redu\u00e7\u00e3o da taxa mostra a efici\u00eancia das a\u00e7\u00f5es de combate \u00e0 criminalidade. Um destaque no per\u00edodo apontado no balan\u00e7o \u00e9 que 271 (68%) dos 399 munic\u00edpios do Estado n\u00e3o registraram homic\u00eddios durante o primeiro trimestre deste ano. Dos 128 munic\u00edpios restantes, 67 tiveram apenas um caso.<\/p>\n\n\n\n<p>A redu\u00e7\u00e3o foi constatada em 16 das 23 \u00c1reas Integradas de Seguran\u00e7a P\u00fablica do Estado (AISP). Houve redu\u00e7\u00e3o significativa em Curitiba e Regi\u00e3o Metropolitana e na \u00e1rea que engloba os sete munic\u00edpios do Litoral.<\/p>\n\n\n\n<p>O governador Carlos Massa Ratinho Junior afirma que os dados positivos mostram o avan\u00e7o da seguran\u00e7a p\u00fablica no Estado. \u201cO Paran\u00e1 est\u00e1 entre os estados com melhores resultados nesta \u00e1rea. Devemos isso \u00e0s a\u00e7\u00f5es estrategicamente organizadas para combate efetivo \u00e0 criminalidade\u201d, disse. \u201cA seguran\u00e7a p\u00fablica est\u00e1 sendo estruturada com planejamento e intelig\u00eancia, e as a\u00e7\u00f5es se dar\u00e3o de forma integrada\u201d.<\/p>\n\n\n\n<p>\u201cO trabalho integrado das for\u00e7as de seguran\u00e7a p\u00fablica garantiram este excelente resultado, com redu\u00e7\u00e3o de homic\u00eddios e mais da metade dos munic\u00edpios paranaenses sem registro de casos nos tr\u00eas primeiros meses deste ano. Nossos esfor\u00e7os s\u00e3o no sentido de maior integra\u00e7\u00e3o e intelig\u00eancia para combater a criminalidade em todo o Estado\u201d, disse o secret\u00e1rio da Seguran\u00e7a P\u00fablica e Administra\u00e7\u00e3o Penitenci\u00e1ria, Luiz Felipe Carbonell.<\/p>\n\n\n\n<p>REGI\u00d5ES \u2013 Em Curitiba, a queda foi de 38% (foram 30 homic\u00eddios dolosos a menos se comparado o primeiro trimestre de 2019 com o de 2018). \u201cNa capital foi feita uma readequa\u00e7\u00e3o do policiamento ostensivo pela Pol\u00edcia Militar com a utiliza\u00e7\u00e3o de m\u00f3dulos m\u00f3veis em locais, dias e hor\u00e1rios espec\u00edficos, nos eixos de maior aglomera\u00e7\u00e3o de pessoas. Isso contribuiu largamente para o bom resultado, pois a presen\u00e7a policial inibe o crime, aliado ao trabalho dedicado de investiga\u00e7\u00e3o feita pela Pol\u00edcia Civil\u201d, completou o secret\u00e1rio.<\/p>\n\n\n\n<p>Nos 22 munic\u00edpios da Regi\u00e3o Metropolitana de Curitiba, pertencentes a 2\u00aa AISP, de S\u00e3o Jos\u00e9 dos Pinhais, a redu\u00e7\u00e3o foi de 40%. Na 3\u00aa \u00c1rea Integrada de Seguran\u00e7a P\u00fablica, que engloba os sete munic\u00edpios do Litoral, a redu\u00e7\u00e3o foi ainda maior, de 52,5%.<\/p>\n\n\n\n<p>Para o comandante-geral da Pol\u00edcia Militar, coronel P\u00e9ricles de Matos, a tend\u00eancia de queda nos homic\u00eddios dolosos \u00e9 resultado de diversos fatores. Ele destaca a modifica\u00e7\u00e3o do padr\u00e3o de opera\u00e7\u00f5es, que passaram a ser focadas em \u00e1reas indicadas de alto \u00edndice de homic\u00eddio; o policiamento preventivo atrav\u00e9s de m\u00f3dulos m\u00f3veis, o desenvolvimento de opera\u00e7\u00f5es de tr\u00e2nsito e opera\u00e7\u00f5es policiais, al\u00e9m do cumprimento de mandados de pris\u00e3o. \u201cA comunidade pode sempre contar com o apoio da pol\u00edcia militar acionando o telefone 190\u201d, afirmou.<\/p>\n\n\n\n<p>A maior redu\u00e7\u00e3o do Estado foi percebida na 5\u00aa \u00c1rea Integrada de Seguran\u00e7a P\u00fablica de S\u00e3o Mateus do Sul, que registrou queda de 90% nos casos de homic\u00eddios dolosos; seguida pela 6\u00aa AISP de Uni\u00e3o da Vit\u00f3ria e pela 21\u00aa, de Corn\u00e9lio Proc\u00f3pio, ambas com redu\u00e7\u00e3o de 66,6%.<\/p>\n\n\n\n<p>\u00c1REAS INTEGRADAS \u2013 A tend\u00eancia de queda tamb\u00e9m foi percebida nas \u00c1reas Integradas de Seguran\u00e7a P\u00fablica Ponta Grossa (27,7%), Guarapuava (43%), Francisco Beltr\u00e3o (14%), Cascavel (54%), Foz do Igua\u00e7u (46,6%), Campo Mour\u00e3o (52%), Umuarama (65,5%), Rol\u00e2ndia (27%), Londrina (10%); e Jacarezinho (58%).<br><\/p>\n\n\n\n<p>O delegado-geral adjunto da Pol\u00edcia Civil, Riad Braga Farhat atribui a redu\u00e7\u00e3o do n\u00famero de homic\u00eddios ao aumento do \u00edndice da resolu\u00e7\u00e3o dos casos por parte das investiga\u00e7\u00f5es da Pol\u00edcia Judici\u00e1ria. Segundo ele, tanto a Divis\u00e3o de Homic\u00eddios de Curitiba e Regi\u00e3o Metropolitana, quanto no interior do Estado, t\u00eam aumentado as resolu\u00e7\u00f5es dos casos e isso faz com que o marginal pense duas vezes antes de cometer o homic\u00eddio.<\/p>\n\n\n\n<p>\u201cA pol\u00edcia intensificou os trabalhos e fizemos de tudo para implementar uma estrutura maior nas investiga\u00e7\u00f5es de homic\u00eddios em todas as delegacias espalhadas pelo Estado. Isso fez com que as investiga\u00e7\u00f5es chegassem a conclus\u00f5es mais rapidamente da autoria e das pris\u00f5es dos homicidas. Consequentemente, o \u00edndice de homic\u00eddios vem baixando e acredito que esta tend\u00eancia vai continuar\u201d, comentou.<\/p>\n\n\n\n<p>BandaB<\/p>\n\n\n\n<p><br><\/p>\n","protected":false},"excerpt":{"rendered":"<p>Em Curitiba, a redu\u00e7\u00e3o foi de 38%, na RMC chegou a 40% O n\u00famero de homic\u00eddios dolosos (com inten\u00e7\u00e3o de matar) caiu 32% no Paran\u00e1 no primeiro trimestre deste ano em compara\u00e7\u00e3o com o mesmo per\u00edodo do ano anterior. Em janeiro, fevereiro e mar\u00e7o de 2019 foram registrados 381 casos, contra 558 no mesmo per\u00edodo [&hellip;]<\/p>\n","protected":false},"author":2,"featured_media":10586,"comment_status":"open","ping_status":"open","sticky":false,"template":"","format":"standard","meta":{"advanced_seo_description":"","jetpack_seo_html_title":"","jetpack_seo_noindex":false,"_jetpack_memberships_contains_paid_content":false,"footnotes":""},"categories":[43],"tags":[],"class_list":{"0":"post-10585","1":"post","2":"type-post","3":"status-publish","4":"format-standard","5":"has-post-thumbnail","7":"category-cotidiano"},"jetpack_featured_media_url":"https:\/\/www.paranapraia.com.br\/wp-content\/uploads\/2019\/05\/pmpa.jpg","jetpack_sharing_enabled":true,"_links":{"self":[{"href":"https:\/\/www.paranapraia.com.br\/index.php\/wp-json\/wp\/v2\/posts\/10585"}],"collection":[{"href":"https:\/\/www.paranapraia.com.br\/index.php\/wp-json\/wp\/v2\/posts"}],"about":[{"href":"https:\/\/www.paranapraia.com.br\/index.php\/wp-json\/wp\/v2\/types\/post"}],"author":[{"embeddable":true,"href":"https:\/\/www.paranapraia.com.br\/index.php\/wp-json\/wp\/v2\/users\/2"}],"replies":[{"embeddable":true,"href":"https:\/\/www.paranapraia.com.br\/index.php\/wp-json\/wp\/v2\/comments?post=10585"}],"version-history":[{"count":1,"href":"https:\/\/www.paranapraia.com.br\/index.php\/wp-json\/wp\/v2\/posts\/10585\/revisions"}],"predecessor-version":[{"id":10587,"href":"https:\/\/www.paranapraia.com.br\/index.php\/wp-json\/wp\/v2\/posts\/10585\/revisions\/10587"}],"wp:featuredmedia":[{"embeddable":true,"href":"https:\/\/www.paranapraia.com.br\/index.php\/wp-json\/wp\/v2\/media\/10586"}],"wp:attachment":[{"href":"https:\/\/www.paranapraia.com.br\/index.php\/wp-json\/wp\/v2\/media?parent=10585"}],"wp:term":[{"taxonomy":"category","embeddable":true,"href":"https:\/\/www.paranapraia.com.br\/index.php\/wp-json\/wp\/v2\/categories?post=10585"},{"taxonomy":"post_tag","embeddable":true,"href":"https:\/\/www.paranapraia.com.br\/index.php\/wp-json\/wp\/v2\/tags?post=10585"}],"curies":[{"name":"wp","href":"https:\/\/api.w.org\/{rel}","templated":true}]}}