{"id":10582,"date":"2019-05-16T16:05:14","date_gmt":"2019-05-16T19:05:14","guid":{"rendered":"https:\/\/www.paranapraia.com.br\/?p=10582"},"modified":"2019-05-16T16:05:15","modified_gmt":"2019-05-16T19:05:15","slug":"vem-ai-o-i-seminario-pela-infancia-segura-de-pontal-do-parana","status":"publish","type":"post","link":"https:\/\/www.paranapraia.com.br\/index.php\/2019\/05\/16\/vem-ai-o-i-seminario-pela-infancia-segura-de-pontal-do-parana\/","title":{"rendered":"Vem a\u00ed o I Semin\u00e1rio pela Inf\u00e2ncia Segura de Pontal do Paran\u00e1"},"content":{"rendered":"\n<p>O Creas e o Conselho Tutelar promovem nos dias 20 e 21 de maio, no Audit\u00f3rio Primavera, o I Semin\u00e1rio Municipal de Inf\u00e2ncia Segura de Pontal do Paran\u00e1.<\/p>\n\n\n\n<p>O Semin\u00e1rio cpnta com as seguintes parcerias: Secretaria Municipal de Assist\u00eancia Social, PROVOPAR, Secretaria de Estado da Educa\u00e7\u00e3o- SEED, Secretaria de estado da Justi\u00e7a, Fam\u00edlia e Trabalho \u2013 SEJUF, Departamento de Cultura, CRAS Canoas e Centro Integrado Empresa\/Escola &#8211; CIEE.<\/p>\n\n\n\n<p><strong>INSCRI\u00c7\u00d5ES:<\/strong><\/p>\n\n\n\n<p>Enviar no E-mail&nbsp;<a href=\"mailto:seminarioinfanciasegura@gmail.com\">seminarioinfanciasegura@gmail.com<\/a>&nbsp;os seguintes dados:&nbsp;<em>Nome, institui\u00e7\u00e3o, data de nascimento, RG, Se \u00e9 pessoa com defici\u00eancia e se sim qual, e-mail, telefone porque deseja participar do evento e se a pessoa vai participar dos dois dias do evento<\/em><\/p>\n\n\n\n<p><strong>VAGAS LIMITADAS:&nbsp;<\/strong>150<\/p>\n\n\n\n<p><strong>CERTIFICA\u00c7\u00c3O:<\/strong>&nbsp;12 horas<\/p>\n\n\n\n<p>PR<strong>OGRAMA\u00c7\u00c3O<\/strong><\/p>\n\n\n\n<p><strong>DIA 20 \u2013 Local:&nbsp;<\/strong>Audit\u00f3rio do Primavera&nbsp;&nbsp;&nbsp;&nbsp;&nbsp;&nbsp;&nbsp;&nbsp;&nbsp;&nbsp;&nbsp;&nbsp;&nbsp;&nbsp;&nbsp;&nbsp;&nbsp;&nbsp;&nbsp;&nbsp;&nbsp;&nbsp;&nbsp;<\/p>\n\n\n\n<p>Manh\u00e3<\/p>\n\n\n\n<p>09h00min &#8211; Credenciamento<\/p>\n\n\n\n<p>09h30min &#8211; Abertura do Evento: Mesa Solene<\/p>\n\n\n\n<p>10h30min &#8211; Apresenta\u00e7\u00e3o de Flauta Doce e Coral dos Alunos da Cultura<\/p>\n\n\n\n<p>10h45min &#8211; Apresenta\u00e7\u00e3o da For\u00e7a-Tarefa Inf\u00e2ncia Segura<\/p>\n\n\n\n<p>\u00b7&nbsp;&nbsp;&nbsp;&nbsp;&nbsp;&nbsp;&nbsp;&nbsp;&nbsp;Dr. Felipe Hayashi &#8211; Diretor do Departamento da Justi\u00e7a da Secretaria da Justi\u00e7a, Fam\u00edlia e Trabalho &#8211; SEJUF. Coordenador da For\u00e7a-Tarefa Inf\u00e2ncia Segura.<\/p>\n\n\n\n<p>12h00 &#8211; Encerramento<\/p>\n\n\n\n<p>Tarde<\/p>\n\n\n\n<p>13h30min &#8211; Palestra: Explora\u00e7\u00e3o de Pessoas em v\u00e1rias dimens\u00f5es: do roubo dos sonhos \u00e0 fatalidade.<\/p>\n\n\n\n<ul class=\"wp-block-list\"><li>Silvia Xavier &#8211; Servidora P\u00fablica Estadual. Advogada e Coordenadora de Enfrentamento ao Tr\u00e1fico de Pessoas, Trabalho an\u00e1logo ao escravo e pedofilia do Departamento de Justi\u00e7a da Secretaria da Justi\u00e7a, Fam\u00edlia e Trabalho &#8211; SEJUF<\/li><\/ul>\n\n\n\n<p>14h45min &#8211; Palestra: Riscos e Prote\u00e7\u00e3o na Era Digital.<\/p>\n\n\n\n<ul class=\"wp-block-list\"><li>Cineiva Campoli Tono &#8211; Coordenadora de Projetos Especiais do Departamento de Justi\u00e7a da Secretaria da Justi\u00e7a, Fam\u00edlia e Trabalho &#8211; SEJUF Mestre em Educa\u00e7\u00e3o e Doutora em Tecnologia e Sociedade.<\/li><\/ul>\n\n\n\n<p>16h00 &#8211; Apresenta\u00e7\u00e3o: Boas Pr\u00e1ticas de Prote\u00e7\u00e3o da Crian\u00e7a em Pontal do Paran\u00e1.<\/p>\n\n\n\n<p>16h30 &#8211; Coffee Break.<\/p>\n\n\n\n<p><strong>DIA 21 \u2013 Local: CRAS Canoas<\/strong><\/p>\n\n\n\n<p>Tarde<\/p>\n\n\n\n<p>13h30min &#8211; Palestra: Pr\u00e1ticas Restaurativas.<\/p>\n\n\n\n<ul class=\"wp-block-list\"><li>Rosineide Fr\u00e9z &#8211; T\u00e9cnica Pedag\u00f3gica do Setor de Educa\u00e7\u00e3o em Direitos Humanos e&nbsp;Diversidade da Secretaria de Estado da Educa\u00e7\u00e3o<\/li><\/ul>\n\n\n\n<p>Simone Baroni &#8211;&nbsp;T\u00e9cnica Pedag\u00f3gica do Setor de Educa\u00e7\u00e3o em Direitos Humanos e&nbsp;Diversidade da Secretaria de Estado de Educa\u00e7\u00e3o<\/p>\n\n\n\n<p>15h00min &#8211; Palestra: Fichas de Notifica\u00e7\u00e3o e Fluxos<\/p>\n\n\n\n<ul class=\"wp-block-list\"><li>Cleonice dos Santos Ferreira &nbsp;&#8211; Enfermeira de epidemiologia, especialista em enfermagem do trabalho.<\/li><li>Kathia S. de Souza Cordeiro &#8211; Assistente Social e &nbsp;&nbsp;&nbsp;Coordenadora do Centro de Refer\u00eancia Especializado de Assist\u00eancia Social \u2013 CREAS de Pontal do Paran\u00e1. \u2013 Especialista em Pol\u00edtica de Assistencia Social<\/li><\/ul>\n\n\n\n<p>16h00 &#8211; Coffee break<\/p>\n\n\n\n<p>Pontal do Paran\u00e1<\/p>\n","protected":false},"excerpt":{"rendered":"<p>O Creas e o Conselho Tutelar promovem nos dias 20 e 21 de maio, no Audit\u00f3rio Primavera, o I Semin\u00e1rio Municipal de Inf\u00e2ncia Segura de Pontal do Paran\u00e1. O Semin\u00e1rio cpnta com as seguintes parcerias: Secretaria Municipal de Assist\u00eancia Social, PROVOPAR, Secretaria de Estado da Educa\u00e7\u00e3o- SEED, Secretaria de estado da Justi\u00e7a, Fam\u00edlia e Trabalho [&hellip;]<\/p>\n","protected":false},"author":2,"featured_media":10583,"comment_status":"open","ping_status":"open","sticky":false,"template":"","format":"standard","meta":{"advanced_seo_description":"","jetpack_seo_html_title":"","jetpack_seo_noindex":false,"_jetpack_memberships_contains_paid_content":false,"footnotes":""},"categories":[42],"tags":[],"class_list":{"0":"post-10582","1":"post","2":"type-post","3":"status-publish","4":"format-standard","5":"has-post-thumbnail","7":"category-cidades"},"jetpack_featured_media_url":"https:\/\/www.paranapraia.com.br\/wp-content\/uploads\/2019\/05\/pontal.png","jetpack_sharing_enabled":true,"_links":{"self":[{"href":"https:\/\/www.paranapraia.com.br\/index.php\/wp-json\/wp\/v2\/posts\/10582"}],"collection":[{"href":"https:\/\/www.paranapraia.com.br\/index.php\/wp-json\/wp\/v2\/posts"}],"about":[{"href":"https:\/\/www.paranapraia.com.br\/index.php\/wp-json\/wp\/v2\/types\/post"}],"author":[{"embeddable":true,"href":"https:\/\/www.paranapraia.com.br\/index.php\/wp-json\/wp\/v2\/users\/2"}],"replies":[{"embeddable":true,"href":"https:\/\/www.paranapraia.com.br\/index.php\/wp-json\/wp\/v2\/comments?post=10582"}],"version-history":[{"count":1,"href":"https:\/\/www.paranapraia.com.br\/index.php\/wp-json\/wp\/v2\/posts\/10582\/revisions"}],"predecessor-version":[{"id":10584,"href":"https:\/\/www.paranapraia.com.br\/index.php\/wp-json\/wp\/v2\/posts\/10582\/revisions\/10584"}],"wp:featuredmedia":[{"embeddable":true,"href":"https:\/\/www.paranapraia.com.br\/index.php\/wp-json\/wp\/v2\/media\/10583"}],"wp:attachment":[{"href":"https:\/\/www.paranapraia.com.br\/index.php\/wp-json\/wp\/v2\/media?parent=10582"}],"wp:term":[{"taxonomy":"category","embeddable":true,"href":"https:\/\/www.paranapraia.com.br\/index.php\/wp-json\/wp\/v2\/categories?post=10582"},{"taxonomy":"post_tag","embeddable":true,"href":"https:\/\/www.paranapraia.com.br\/index.php\/wp-json\/wp\/v2\/tags?post=10582"}],"curies":[{"name":"wp","href":"https:\/\/api.w.org\/{rel}","templated":true}]}}