{"id":10578,"date":"2019-05-16T14:20:05","date_gmt":"2019-05-16T17:20:05","guid":{"rendered":"https:\/\/www.paranapraia.com.br\/?p=10578"},"modified":"2019-05-16T14:20:08","modified_gmt":"2019-05-16T17:20:08","slug":"vitima-de-trote-brutal-em-batalhao-paraquedista-perdeu-testiculo-diz-sentenca","status":"publish","type":"post","link":"https:\/\/www.paranapraia.com.br\/index.php\/2019\/05\/16\/vitima-de-trote-brutal-em-batalhao-paraquedista-perdeu-testiculo-diz-sentenca\/","title":{"rendered":"V\u00edtima de trote brutal em batalh\u00e3o paraquedista perdeu test\u00edculo, diz senten\u00e7a"},"content":{"rendered":"\n<p>O juiz militar da Uni\u00e3o Claudio Amin Miguel condenou seis ex-militares do Ex\u00e9rcito no Rio por um trote violento que chegou a fazer uma das v\u00edtimas perder um test\u00edculo. A pena m\u00e1xima imposta pelo magistrado foi de um ano e seis meses, em regime aberto para todos. A a\u00e7\u00e3o ainda resultou em duas absolvi\u00e7\u00f5es.<\/p>\n\n\n\n<p>As penas de um ano e meio foram impostas aos ex-cabos Pedro de Souza Pereira, Ruan Nascimento da Silva e Luiz Henrique Ramos Duque. J\u00e1 Lucas Monteiro de Lima, Marcos Vin\u00edcius Vicente Correa e Rafael Andrade Mesquita pegaram um ano.<\/p>\n\n\n\n<p>Segundo a acusa\u00e7\u00e3o da Promotoria Militar, &#8220;no dia 31 de maio de 2016, por volta das 15h30, no alojamento do 27\u00ba Batalh\u00e3o de Infantaria Paraquedista, os denunciados, em comunh\u00e3o de a\u00e7\u00f5es e des\u00edgnios, agrediram os tr\u00eas soldados com golpes de chutes, bem como de cordas, toalhas, cintos, peda\u00e7os de fios, ripa de madeira e borracha de acabamento de mesa&#8221;<\/p>\n\n\n\n<p>A acusa\u00e7\u00e3o detalha que os militares passaram a coagir as v\u00edtimas &#8220;a submeterem-se a um ritual de inicia\u00e7\u00e3o denominado &#8216;baco&#8217;, que nada mais era do que um violento trote, consistente na aplica\u00e7\u00e3o de todo tipo de agress\u00e3o f\u00edsica&#8221;.<\/p>\n\n\n\n<p>&#8220;De fato, no dia, hora e local acima transcritos, as v\u00edtimas cederam \u00e0 press\u00e3o de seus algozes, eis que foram informadas pelos primeiro, quarto, sexto e s\u00e9timo acusados de que, se passasse daquele dia, iriam apanhar mais&#8221;, diz a den\u00fancia.<\/p>\n\n\n\n<p>A Promotoria Militar narra ainda que &#8220;cada um dos denunciados aquiesceu e incitou com seu comportamento extremamente violento as condutas dos demais, uma vez que todos estavam presentes no alojamento quando os dois espancamentos foram realizados&#8221;.<\/p>\n\n\n\n<p>&#8220;Ademais, como militares graduados cada um deles tinha a obriga\u00e7\u00e3o legal de impedir que seus colegas de farda espancassem as v\u00edtimas e, apesar de terem todas as condi\u00e7\u00f5es de impedirem, foram coautores de todos os delitos ali praticados.&#8221;<\/p>\n\n\n\n<p>Na senten\u00e7a, o juiz Claudio Amin Miguel afirmou que &#8220;n\u00e3o se trata, nesse caso, de um fato isolado nas For\u00e7as Armadas, por\u00e9m s\u00e3o inaceit\u00e1veis tais condutas no meio militar, onde devem imperar a hierarquia e a disciplina&#8221;.<\/p>\n\n\n\n<p>&#8220;Costumam os eventuais acusados afirmar que se trata de uma brincadeira e que, eles mesmos, j\u00e1 teriam passado por essa situa\u00e7\u00e3o como v\u00edtimas. Os trotes podem ocorrer em raz\u00e3o de um engajamento, reengajamento, promo\u00e7\u00e3o\u0085&#8221;<\/p>\n\n\n\n<p>&#8220;Entretanto, esses fatos n\u00e3o justificam as condutas praticadas por eles. \u00c9 inadmiss\u00edvel a pr\u00e1tica de agress\u00f5es a pretexto de se tratar de uma brincadeira. Ali\u00e1s, como podem alegar ser uma brincadeira quando uma das v\u00edtimas, que n\u00e3o foi volunt\u00e1ria, perde um dos test\u00edculos?&#8221;, assinalou o magistrado.<\/p>\n\n\n\n<p>Ele afirmou que as &#8220;les\u00f5es foram praticadas dolosamente, n\u00e3o h\u00e1 como negar diante das circunst\u00e2ncias, tendo os acusados desferido chutes na v\u00edtima&#8221;.<\/p>\n\n\n\n<p>&#8220;Entretanto, certamente, houve um excesso n\u00e3o desejado pelos acusados que ocasionou a perda irrepar\u00e1vel para a v\u00edtima. N\u00e3o \u00e9 poss\u00edvel mensurar o que a perda de um test\u00edculo representa para um jovem de 19 anos, por\u00e9m n\u00e3o se justifica uma puni\u00e7\u00e3o al\u00e9m do que, efetivamente, foi apurado nos autos.&#8221;<\/p>\n\n\n\n<p>Massa News <br> <\/p>\n","protected":false},"excerpt":{"rendered":"<p>O juiz militar da Uni\u00e3o Claudio Amin Miguel condenou seis ex-militares do Ex\u00e9rcito no Rio por um trote violento que chegou a fazer uma das v\u00edtimas perder um test\u00edculo. A pena m\u00e1xima imposta pelo magistrado foi de um ano e seis meses, em regime aberto para todos. A a\u00e7\u00e3o ainda resultou em duas absolvi\u00e7\u00f5es. As [&hellip;]<\/p>\n","protected":false},"author":2,"featured_media":10579,"comment_status":"open","ping_status":"open","sticky":false,"template":"","format":"standard","meta":{"advanced_seo_description":"","jetpack_seo_html_title":"","jetpack_seo_noindex":false,"_jetpack_memberships_contains_paid_content":false,"footnotes":""},"categories":[33],"tags":[],"class_list":{"0":"post-10578","1":"post","2":"type-post","3":"status-publish","4":"format-standard","5":"has-post-thumbnail","7":"category-policia"},"jetpack_featured_media_url":"https:\/\/www.paranapraia.com.br\/wp-content\/uploads\/2019\/05\/trote.jpg","jetpack_sharing_enabled":true,"_links":{"self":[{"href":"https:\/\/www.paranapraia.com.br\/index.php\/wp-json\/wp\/v2\/posts\/10578"}],"collection":[{"href":"https:\/\/www.paranapraia.com.br\/index.php\/wp-json\/wp\/v2\/posts"}],"about":[{"href":"https:\/\/www.paranapraia.com.br\/index.php\/wp-json\/wp\/v2\/types\/post"}],"author":[{"embeddable":true,"href":"https:\/\/www.paranapraia.com.br\/index.php\/wp-json\/wp\/v2\/users\/2"}],"replies":[{"embeddable":true,"href":"https:\/\/www.paranapraia.com.br\/index.php\/wp-json\/wp\/v2\/comments?post=10578"}],"version-history":[{"count":1,"href":"https:\/\/www.paranapraia.com.br\/index.php\/wp-json\/wp\/v2\/posts\/10578\/revisions"}],"predecessor-version":[{"id":10580,"href":"https:\/\/www.paranapraia.com.br\/index.php\/wp-json\/wp\/v2\/posts\/10578\/revisions\/10580"}],"wp:featuredmedia":[{"embeddable":true,"href":"https:\/\/www.paranapraia.com.br\/index.php\/wp-json\/wp\/v2\/media\/10579"}],"wp:attachment":[{"href":"https:\/\/www.paranapraia.com.br\/index.php\/wp-json\/wp\/v2\/media?parent=10578"}],"wp:term":[{"taxonomy":"category","embeddable":true,"href":"https:\/\/www.paranapraia.com.br\/index.php\/wp-json\/wp\/v2\/categories?post=10578"},{"taxonomy":"post_tag","embeddable":true,"href":"https:\/\/www.paranapraia.com.br\/index.php\/wp-json\/wp\/v2\/tags?post=10578"}],"curies":[{"name":"wp","href":"https:\/\/api.w.org\/{rel}","templated":true}]}}