{"id":10509,"date":"2019-05-16T10:34:23","date_gmt":"2019-05-16T13:34:23","guid":{"rendered":"https:\/\/www.paranapraia.com.br\/?p=10509"},"modified":"2019-05-16T13:03:46","modified_gmt":"2019-05-16T16:03:46","slug":"balanco-aponta-reducao-de-32-nos-casos-de-homicidios-dolosos-no-primeiro-trimestre","status":"publish","type":"post","link":"https:\/\/www.paranapraia.com.br\/index.php\/2019\/05\/16\/balanco-aponta-reducao-de-32-nos-casos-de-homicidios-dolosos-no-primeiro-trimestre\/","title":{"rendered":"Balan\u00e7o aponta redu\u00e7\u00e3o de 32% nos casos de homic\u00eddios dolosos no primeiro trimestre"},"content":{"rendered":"\n<p>O n\u00famero de homic\u00eddios dolosos \u2013 com a inten\u00e7\u00e3o de matar \u2013 caiu 32% no primeiro trimestre deste ano, em compara\u00e7\u00e3o com o mesmo per\u00edodo de 2018, no Paran\u00e1. A redu\u00e7\u00e3o foi constatada em 16 das 23 \u00c1reas Integradas de Seguran\u00e7a P\u00fablica do Estado (AISP), com n\u00fameros significativos em Curitiba, Regi\u00e3o Metropolitana e na \u00e1rea que engloba os sete munic\u00edpios do Litoral.<\/p>\n\n\n\n<p>Os n\u00fameros do relat\u00f3rio estat\u00edstico da Secretaria da Seguran\u00e7a P\u00fablica e Administra\u00e7\u00e3o Penitenci\u00e1ria apontam 381 casos registrados em janeiro, fevereiro e mar\u00e7o de 2019, contra 558 no mesmo per\u00edodo do ano passado. O registro de ocorr\u00eancias de homic\u00eddios dolosos \u00e9 o principal indicador da seguran\u00e7a p\u00fablica e a redu\u00e7\u00e3o da taxa mostra a efici\u00eancia das a\u00e7\u00f5es de combate \u00e0 criminalidade.<\/p>\n\n\n\n<figure class=\"wp-block-image\"><img loading=\"lazy\" decoding=\"async\" width=\"400\" height=\"400\" src=\"https:\/\/www.paranapraia.com.br\/wp-content\/uploads\/2019\/05\/Gif-Karranka.gif\" alt=\"\" class=\"wp-image-10483\"\/><\/figure>\n\n\n\n<p>Um destaque no per\u00edodo apontado no balan\u00e7o \u00e9 que 271 (68%) dos 399 munic\u00edpios do Estado n\u00e3o registraram homic\u00eddios durante o primeiro trimestre deste ano. Dos 128 munic\u00edpios restantes, 67 tiveram apenas um caso.<\/p>\n\n\n\n<p>De acordo com o governador Ratinho Junior, os dados positivos mostram o avan\u00e7o da seguran\u00e7a p\u00fablica no Estado. \u201cO Paran\u00e1 est\u00e1 entre os estados com melhores resultados nesta \u00e1rea. Devemos isso \u00e0s a\u00e7\u00f5es estrategicamente organizadas para combate efetivo \u00e0 criminalidade\u201d, disse. \u201cA seguran\u00e7a p\u00fablica est\u00e1 sendo estruturada com planejamento e intelig\u00eancia, e as a\u00e7\u00f5es se dar\u00e3o de forma integrada\u201d.<\/p>\n\n\n\n<h2 class=\"wp-block-heading\">Regi\u00f5es<\/h2>\n\n\n\n<p>Em Curitiba foram registrados 30 homic\u00eddios dolosos a menos na compara\u00e7\u00e3o com 2018 \u2013 uma queda de 38%. \u201cNa capital foi feita uma readequa\u00e7\u00e3o do policiamento ostensivo pela Pol\u00edcia Militar com a utiliza\u00e7\u00e3o de m\u00f3dulos m\u00f3veis em locais, dias e hor\u00e1rios espec\u00edficos, nos eixos de maior aglomera\u00e7\u00e3o de pessoas. Isso contribuiu largamente para o bom resultado, pois a presen\u00e7a policial inibe o crime, aliado ao trabalho dedicado de investiga\u00e7\u00e3o feita pela Pol\u00edcia Civil\u201d, disse o secret\u00e1rio da Seguran\u00e7a P\u00fablica e Administra\u00e7\u00e3o Penitenci\u00e1ria, Luiz Felipe Carbonell.<\/p>\n\n\n\n<p>Nos 22 munic\u00edpios da Regi\u00e3o Metropolitana de Curitiba, pertencentes a 2\u00aa AISP de S\u00e3o Jos\u00e9 dos Pinhais, a redu\u00e7\u00e3o foi de 40%. Na 3\u00aa \u00c1rea Integrada de Seguran\u00e7a P\u00fablica, que engloba os sete munic\u00edpios do Litoral, a redu\u00e7\u00e3o foi ainda maior: 52,5%.<\/p>\n\n\n\n<p>A maior redu\u00e7\u00e3o do Estado foi percebida na 5\u00aa \u00c1rea Integrada de Seguran\u00e7a P\u00fablica de S\u00e3o Mateus do Sul, que registrou queda de 90% nos casos de homic\u00eddios dolosos; seguida pela 6\u00aa AISP de Uni\u00e3o da Vit\u00f3ria e pela 21\u00aa, de Corn\u00e9lio Proc\u00f3pio, ambas com redu\u00e7\u00e3o de 66,6%.<\/p>\n\n\n\n<h2 class=\"wp-block-heading\">\u00c1reas integradas<\/h2>\n\n\n\n<p>A tend\u00eancia de queda tamb\u00e9m foi percebida nas \u00c1reas Integradas de Seguran\u00e7a P\u00fablica Ponta Grossa (27,7%), Guarapuava (43%), Francisco Beltr\u00e3o (14%), Cascavel (54%), Foz do Igua\u00e7u (46,6%), Campo Mour\u00e3o (52%), Umuarama (65,5%), Rol\u00e2ndia (27%), Londrina (10%) e Jacarezinho (58%).<\/p>\n\n\n\n<p>Informa\u00e7\u00f5es Ag\u00eancia Estadual de Not\u00edcias<a href=\"https:\/\/api.whatsapp.com\/send?text=Balan%C3%A7o%20aponta%20redu%C3%A7%C3%A3o%20de%2032%%20nos%20casos%20de%20homic%C3%ADdios%20dolosos%20no%20PR%20https%3a%2f%2fmassanews.com%2fnoticias%2fplantao%2fbalanco-aponta-reducao-de-32-nos-casos-de-homicidios-dolosos-no-primeiro-trimestre-X08ly.html%3futm_source%3dwhatsapp%26utm_medium%3dshare%26utm_content%3dnoticias__plantao%26utm_campaign%3dbalanco-aponta-reducao-de-32-nos-casos-de-homicidios-dolosos-no-primeiro-trimestre-X08ly\" target=\"_blank\" rel=\"noreferrer noopener\"><br>\n\n<\/a><\/p>\n","protected":false},"excerpt":{"rendered":"<p>O n\u00famero de homic\u00eddios dolosos \u2013 com a inten\u00e7\u00e3o de matar \u2013 caiu 32% no primeiro trimestre deste ano, em compara\u00e7\u00e3o com o mesmo per\u00edodo de 2018, no Paran\u00e1. A redu\u00e7\u00e3o foi constatada em 16 das 23 \u00c1reas Integradas de Seguran\u00e7a P\u00fablica do Estado (AISP), com n\u00fameros significativos em Curitiba, Regi\u00e3o Metropolitana e na \u00e1rea [&hellip;]<\/p>\n","protected":false},"author":2,"featured_media":10510,"comment_status":"open","ping_status":"open","sticky":false,"template":"","format":"standard","meta":{"advanced_seo_description":"","jetpack_seo_html_title":"","jetpack_seo_noindex":false,"_jetpack_memberships_contains_paid_content":false,"footnotes":""},"categories":[33],"tags":[],"class_list":{"0":"post-10509","1":"post","2":"type-post","3":"status-publish","4":"format-standard","5":"has-post-thumbnail","7":"category-policia"},"jetpack_featured_media_url":"https:\/\/www.paranapraia.com.br\/wp-content\/uploads\/2019\/05\/bala.jpg","jetpack_sharing_enabled":true,"_links":{"self":[{"href":"https:\/\/www.paranapraia.com.br\/index.php\/wp-json\/wp\/v2\/posts\/10509"}],"collection":[{"href":"https:\/\/www.paranapraia.com.br\/index.php\/wp-json\/wp\/v2\/posts"}],"about":[{"href":"https:\/\/www.paranapraia.com.br\/index.php\/wp-json\/wp\/v2\/types\/post"}],"author":[{"embeddable":true,"href":"https:\/\/www.paranapraia.com.br\/index.php\/wp-json\/wp\/v2\/users\/2"}],"replies":[{"embeddable":true,"href":"https:\/\/www.paranapraia.com.br\/index.php\/wp-json\/wp\/v2\/comments?post=10509"}],"version-history":[{"count":2,"href":"https:\/\/www.paranapraia.com.br\/index.php\/wp-json\/wp\/v2\/posts\/10509\/revisions"}],"predecessor-version":[{"id":10553,"href":"https:\/\/www.paranapraia.com.br\/index.php\/wp-json\/wp\/v2\/posts\/10509\/revisions\/10553"}],"wp:featuredmedia":[{"embeddable":true,"href":"https:\/\/www.paranapraia.com.br\/index.php\/wp-json\/wp\/v2\/media\/10510"}],"wp:attachment":[{"href":"https:\/\/www.paranapraia.com.br\/index.php\/wp-json\/wp\/v2\/media?parent=10509"}],"wp:term":[{"taxonomy":"category","embeddable":true,"href":"https:\/\/www.paranapraia.com.br\/index.php\/wp-json\/wp\/v2\/categories?post=10509"},{"taxonomy":"post_tag","embeddable":true,"href":"https:\/\/www.paranapraia.com.br\/index.php\/wp-json\/wp\/v2\/tags?post=10509"}],"curies":[{"name":"wp","href":"https:\/\/api.w.org\/{rel}","templated":true}]}}