{"id":10505,"date":"2019-05-16T10:32:30","date_gmt":"2019-05-16T13:32:30","guid":{"rendered":"https:\/\/www.paranapraia.com.br\/?p=10505"},"modified":"2019-05-16T10:32:31","modified_gmt":"2019-05-16T13:32:31","slug":"gm-ouve-pedido-de-socorro-e-encontra-homem-gravemente-ferido-dentro-do-rio","status":"publish","type":"post","link":"https:\/\/www.paranapraia.com.br\/index.php\/2019\/05\/16\/gm-ouve-pedido-de-socorro-e-encontra-homem-gravemente-ferido-dentro-do-rio\/","title":{"rendered":"GM ouve pedido de socorro e encontra homem gravemente ferido, dentro do rio"},"content":{"rendered":"\n<p>Um homem de aproximadamente 35 anos foi socorrido no fim da madrugada desta quinta-feira (16), bastante ferido e ca\u00eddo dentro do Rio Bel\u00e9m, na Rua S\u00e9rgio Venci, atr\u00e1s do Viaduto da Vila Capanema. &nbsp;&nbsp;<\/p>\n\n\n\n<p>De acordo com as informa\u00e7\u00f5es do supervisor da Guarda Municipal de Curitiba, Waldemiro Paitra, por volta de 5h30, os GMs do M\u00f3dulo 23, que fica bem pr\u00f3ximo ao local, ouviram pedidos de socorro e acionaram a equipe para verificar a situa\u00e7\u00e3o. \u201cQuando n\u00f3s chegamos j\u00e1 avistamos o homem dentro do rio, com a barriga para cima e com ferimento na cabe\u00e7a\u201d, relatou. \u201cTinha muito sangue na cabe\u00e7a dele\u201d, acrescenta.<\/p>\n\n\n\n<p>Os Bombeiros e o Siate foram acionados. O homem foi retirado do rio e socorrido, Ele foi encaminhado em estado grave ao Hospital Evang\u00e9lico.<\/p>\n\n\n\n<p>Paitra relatou que a princ\u00edpio, a informa\u00e7\u00e3o \u00e9 que a v\u00edtima foi agredida e jogada no rio. \u201cEle \u00e9 um morador em situa\u00e7\u00e3o de rua, foi identificado pelo apelido de \u2018Capoeira\u2019\u201d, relata.<\/p>\n\n\n\n<p>Colabora\u00e7\u00e3o Juliana Rodrigues\/Rede Massa<a href=\"https:\/\/api.whatsapp.com\/send?text=GM%20ouve%20pedido%20de%20socorro%20e%20encontra%20homem%20ferido%20em%20rio%20https%3a%2f%2fmassanews.com%2fnoticias%2fplantao%2fgm-ouve-pedido-de-socorro-e-encontra-homem-gravemente-ferido-dentro-do-rio-3gm9M.html%3futm_source%3dwhatsapp%26utm_medium%3dshare%26utm_content%3dnoticias__plantao%26utm_campaign%3dgm-ouve-pedido-de-socorro-e-encontra-homem-gravemente-ferido-dentro-do-rio-3gm9M\" target=\"_blank\" rel=\"noreferrer noopener\"><br>\n\n<\/a><\/p>\n","protected":false},"excerpt":{"rendered":"<p>Um homem de aproximadamente 35 anos foi socorrido no fim da madrugada desta quinta-feira (16), bastante ferido e ca\u00eddo dentro do Rio Bel\u00e9m, na Rua S\u00e9rgio Venci, atr\u00e1s do Viaduto da Vila Capanema. &nbsp;&nbsp; De acordo com as informa\u00e7\u00f5es do supervisor da Guarda Municipal de Curitiba, Waldemiro Paitra, por volta de 5h30, os GMs do [&hellip;]<\/p>\n","protected":false},"author":2,"featured_media":10506,"comment_status":"open","ping_status":"open","sticky":false,"template":"","format":"standard","meta":{"advanced_seo_description":"","jetpack_seo_html_title":"","jetpack_seo_noindex":false,"_jetpack_memberships_contains_paid_content":false,"footnotes":""},"categories":[33],"tags":[],"class_list":{"0":"post-10505","1":"post","2":"type-post","3":"status-publish","4":"format-standard","5":"has-post-thumbnail","7":"category-policia"},"jetpack_featured_media_url":"https:\/\/www.paranapraia.com.br\/wp-content\/uploads\/2019\/05\/casaco.jpg","jetpack_sharing_enabled":true,"_links":{"self":[{"href":"https:\/\/www.paranapraia.com.br\/index.php\/wp-json\/wp\/v2\/posts\/10505"}],"collection":[{"href":"https:\/\/www.paranapraia.com.br\/index.php\/wp-json\/wp\/v2\/posts"}],"about":[{"href":"https:\/\/www.paranapraia.com.br\/index.php\/wp-json\/wp\/v2\/types\/post"}],"author":[{"embeddable":true,"href":"https:\/\/www.paranapraia.com.br\/index.php\/wp-json\/wp\/v2\/users\/2"}],"replies":[{"embeddable":true,"href":"https:\/\/www.paranapraia.com.br\/index.php\/wp-json\/wp\/v2\/comments?post=10505"}],"version-history":[{"count":1,"href":"https:\/\/www.paranapraia.com.br\/index.php\/wp-json\/wp\/v2\/posts\/10505\/revisions"}],"predecessor-version":[{"id":10507,"href":"https:\/\/www.paranapraia.com.br\/index.php\/wp-json\/wp\/v2\/posts\/10505\/revisions\/10507"}],"wp:featuredmedia":[{"embeddable":true,"href":"https:\/\/www.paranapraia.com.br\/index.php\/wp-json\/wp\/v2\/media\/10506"}],"wp:attachment":[{"href":"https:\/\/www.paranapraia.com.br\/index.php\/wp-json\/wp\/v2\/media?parent=10505"}],"wp:term":[{"taxonomy":"category","embeddable":true,"href":"https:\/\/www.paranapraia.com.br\/index.php\/wp-json\/wp\/v2\/categories?post=10505"},{"taxonomy":"post_tag","embeddable":true,"href":"https:\/\/www.paranapraia.com.br\/index.php\/wp-json\/wp\/v2\/tags?post=10505"}],"curies":[{"name":"wp","href":"https:\/\/api.w.org\/{rel}","templated":true}]}}